{"id":4288,"date":"2022-05-15T17:16:38","date_gmt":"2022-05-15T17:16:38","guid":{"rendered":"https:\/\/www.upo.es\/patio-colorado\/?p=4288"},"modified":"2022-05-15T17:23:07","modified_gmt":"2022-05-15T17:23:07","slug":"de-cordoba-a-turin-el-atuendo-elegido-por-chanel-para-representar-a-espana-en-eurovision","status":"publish","type":"post","link":"https:\/\/www.upo.es\/patio-colorado\/2022\/05\/15\/de-cordoba-a-turin-el-atuendo-elegido-por-chanel-para-representar-a-espana-en-eurovision\/","title":{"rendered":"De C\u00f3rdoba a Tur\u00edn: el atuendo elegido por Chanel para representar a Espa\u00f1a en Eurovisi\u00f3n"},"content":{"rendered":"<p><span style=\"color: #000000\">Este pasado s\u00e1bado se celebr\u00f3 el conocid\u00edsimo por todos\u00a0<strong><span style=\"color: #ff0000\">Festival de Eurovisi\u00f3n<\/span>\u00a0<\/strong>donde nuestra representante, <span style=\"color: #ff0000\"><strong>Chanel Terrero<\/strong><\/span> dej\u00f3 a Espa\u00f1a en el <strong><span style=\"color: #ff0000\">tercer puesto de calificaci\u00f3n<\/span><\/strong> gracias a su canci\u00f3n <em><span style=\"color: #ff0000\"><strong>SloMo<\/strong><\/span>. <\/em><span style=\"color: #000000\">La catalana nada m\u00e1s y nada menos que 459 puntos, siendo esta la mayor puntuaci\u00f3n de Espa\u00f1a en la historia de E<\/span><\/span><span style=\"color: #000000\"><span style=\"color: #000000\">urovisi\u00f3n.<\/span><\/span><\/p>\n<p><span style=\"color: #000000\">Ahora bien, para la actuaci\u00f3n, Chanel se visti\u00f3 con un traje de inspiraci\u00f3n taurina, completamente hecho a mano y con m\u00e1s de 50.000 cristales Swarovski en tonos blancos, negros y rojos. El traje est\u00e1 dise\u00f1ado por el joven dise\u00f1ador Alejandro G\u00f3mez Palomo, conocido por todos por el nombre de su firma, <strong>Palomo Spain<\/strong>.<\/span><\/p>\n<p><span style=\"color: #000000\">El estilismo de Chanel tiene una clara inspiraci\u00f3n taurina y andaluza. \u00abLa chaqueta parece la portada de la Feria de Sevilla, con todos esos puntos de luz y los redondeles que lleva bordados. Lo que se pretende es que Espa\u00f1a sea reconocible a primera vista, que nada m\u00e1s salir Chanel al escenario se sepa que es nuestro pa\u00eds\u00bb, explica el modista. Pocos dise\u00f1adores est\u00e1n tan asociados a su lugar de origen. En el mundo de la moda, todos saben que Alejandro G\u00f3mez Palomo es de <strong>Posadas<\/strong> (<strong>C\u00f3rdoba<\/strong>). All\u00ed tiene su estudio y sus talleres, y hasta all\u00ed viajan sus clientes para hacerse dise\u00f1os a medida. \u00abSe ha visto en casi todos mis desfiles, me gusta esa est\u00e9tica y tener esa representaci\u00f3n espa\u00f1ola, pero siempre le doy un toque contempor\u00e1neo. Chanel est\u00e1 espectacular, cuando la vi con el mono y la chaqueta puestos&#8230; \u00a1Est\u00e1 incre\u00edble!\u00bb, dice emocionado a RTVE. \u00ab\u00a1Va a ser un espect\u00e1culo!\u00bb, promete. \u00a1Y tanto! Palomo ha querido incidir en la importancia de la cultura andaluza que ha inspirado su dise\u00f1o: \u00abHay mucho de la feria, del mes de mayo&#8230; Parece m\u00e1s una chaqueta goyesca que una de torero, pero como no entendemos la historia o la cultura, la cr\u00edtica siempre es muy f\u00e1cil\u00bb, explic\u00f3 en La Raz\u00f3n.<\/span><\/p>\n<p><span style=\"color: #000000\">El mundo de la tauromaquia es una constante fuente de inspiraci\u00f3n para algunos creadores. A mediados de los a\u00f1os 40, el gran maestro Crist\u00f3bal Balenciaga realiz\u00f3 sofisticadas chaquetas toreras, bordadas con hilo negro y azabache. A\u00f1os m\u00e1s tarde, genios como Yves Saint Laurent, Christian Lacroix y John Galliano las subieron a la pasarela, expandiendo as\u00ed las influencias andaluzas por todo el mundo y convirtiendo la chaqueta torera como un b\u00e1sico de armario.\u00a0<\/span><\/p>\n<p style=\"text-align: center\"><img loading=\"lazy\" decoding=\"async\" class=\"aligncenter wp-image-4296\" src=\"https:\/\/www.upo.es\/patio-colorado\/wp-content\/uploads\/2022\/05\/1-1024x768.jpg\" alt=\"\" width=\"750\" height=\"563\" srcset=\"https:\/\/www.upo.es\/patio-colorado\/wp-content\/uploads\/2022\/05\/1-1024x768.jpg 1024w, https:\/\/www.upo.es\/patio-colorado\/wp-content\/uploads\/2022\/05\/1-300x225.jpg 300w, https:\/\/www.upo.es\/patio-colorado\/wp-content\/uploads\/2022\/05\/1-768x576.jpg 768w, https:\/\/www.upo.es\/patio-colorado\/wp-content\/uploads\/2022\/05\/1.jpg 1200w\" sizes=\"auto, (max-width: 750px) 100vw, 750px\" \/><span style=\"color: #000000\">Traje de Chanel para representar a Espa\u00f1a en Eurovisi\u00f3n. Recuperada de:<\/span> <a href=\"https:\/\/www.elcorreo.com\/bizkaiadmoda\/moda\/chanel-eurovision-2022-traje-20220513000500-nt.html\">https:\/\/www.elcorreo.com\/bizkaiadmoda\/moda\/chanel-eurovision-2022-traje-20220513000500-nt.html<\/a><span style=\"color: #000000\">.\u00a0<\/span><\/p>\n<hr \/>\n<p style=\"text-align: center\"><span style=\"color: #000000\">Os dejamos el link para ver la actuaci\u00f3n que hizo Chanel en Eurovisi\u00f3n: <\/span><strong><span style=\"color: #000000\"><a href=\"https:\/\/www.youtube.com\/watch?v=jSQYTt4xg3I\">https:\/\/www.youtube.com\/watch?v=jSQYTt4xg3I<\/a>.<\/span><\/strong><\/p>\n","protected":false},"excerpt":{"rendered":"<p>Este pasado s\u00e1bado se celebr\u00f3 el conocid\u00edsimo por todos\u00a0Festival de Eurovisi\u00f3n\u00a0donde nuestra representante, Chanel Terrero dej\u00f3 a Espa\u00f1a en el tercer puesto de calificaci\u00f3n gracias a su canci\u00f3n SloMo. La catalana nada m\u00e1s y nada menos que 459 puntos, siendo esta la mayor puntuaci\u00f3n de Espa\u00f1a en la historia de Eurovisi\u00f3n. Ahora bien, para la [&hellip;]<\/p>\n","protected":false},"author":65,"featured_media":4298,"comment_status":"open","ping_status":"open","sticky":false,"template":"","format":"standard","meta":{"_acf_changed":false,"_monsterinsights_skip_tracking":false,"_monsterinsights_sitenote_active":false,"_monsterinsights_sitenote_note":"","_monsterinsights_sitenote_category":0,"footnotes":""},"categories":[45,169,304,46],"tags":[482,345,479,478,480,481,415],"class_list":["post-4288","post","type-post","status-publish","format-standard","has-post-thumbnail","hentry","category-boletin-colorao","category-cine-artes-audiovisuales","category-cordoba","category-en-la-prensa","tag-chanel","tag-cordoba","tag-diseno","tag-eurovision","tag-palomospain","tag-torera","tag-moda"],"blocksy_meta":[],"acf":[],"jetpack_featured_media_url":"https:\/\/www.upo.es\/patio-colorado\/wp-content\/uploads\/2022\/05\/52073759816_9248a926e5_b-e1652634930889.jpeg","_links":{"self":[{"href":"https:\/\/www.upo.es\/patio-colorado\/wp-json\/wp\/v2\/posts\/4288","targetHints":{"allow":["GET"]}}],"collection":[{"href":"https:\/\/www.upo.es\/patio-colorado\/wp-json\/wp\/v2\/posts"}],"about":[{"href":"https:\/\/www.upo.es\/patio-colorado\/wp-json\/wp\/v2\/types\/post"}],"author":[{"embeddable":true,"href":"https:\/\/www.upo.es\/patio-colorado\/wp-json\/wp\/v2\/users\/65"}],"replies":[{"embeddable":true,"href":"https:\/\/www.upo.es\/patio-colorado\/wp-json\/wp\/v2\/comments?post=4288"}],"version-history":[{"count":5,"href":"https:\/\/www.upo.es\/patio-colorado\/wp-json\/wp\/v2\/posts\/4288\/revisions"}],"predecessor-version":[{"id":4307,"href":"https:\/\/www.upo.es\/patio-colorado\/wp-json\/wp\/v2\/posts\/4288\/revisions\/4307"}],"wp:featuredmedia":[{"embeddable":true,"href":"https:\/\/www.upo.es\/patio-colorado\/wp-json\/wp\/v2\/media\/4298"}],"wp:attachment":[{"href":"https:\/\/www.upo.es\/patio-colorado\/wp-json\/wp\/v2\/media?parent=4288"}],"wp:term":[{"taxonomy":"category","embeddable":true,"href":"https:\/\/www.upo.es\/patio-colorado\/wp-json\/wp\/v2\/categories?post=4288"},{"taxonomy":"post_tag","embeddable":true,"href":"https:\/\/www.upo.es\/patio-colorado\/wp-json\/wp\/v2\/tags?post=4288"}],"curies":[{"name":"wp","href":"https:\/\/api.w.org\/{rel}","templated":true}]}}