{"id":433,"date":"2020-02-26T15:45:46","date_gmt":"2020-02-26T15:45:46","guid":{"rendered":"https:\/\/www.upo.es\/patio-colorado\/?p=433"},"modified":"2020-05-05T11:45:23","modified_gmt":"2020-05-05T11:45:23","slug":"la-upo-se-prepara-para-la-i-semana-de-la-historia","status":"publish","type":"post","link":"https:\/\/www.upo.es\/patio-colorado\/2020\/02\/26\/la-upo-se-prepara-para-la-i-semana-de-la-historia\/","title":{"rendered":"La UPO se prepara para la \u00abI Semana de la Historia\u00bb"},"content":{"rendered":"<p style=\"text-align: justify\">Ante la cancelaci\u00f3n de la <em>Fiesta de la Historia<\/em>, evento que se lleva celebrando en la ciudad desde hace a\u00f1os, la Universidad Pablo de Olavide ha tomado la iniciativa en la capital hispalense de ocupar este espacio. Nace as\u00ed la <a href=\"https:\/\/www.upo.es\/export\/portal\/com\/bin\/portal\/otri\/eventos\/20200214\/1581682051031_programa_semana_de_la_historia_upo.pdf\"><em>I Semana de la Historia<\/em><\/a>, evento que se celebrar\u00e1 del 2 a 6 de marzo de 2020, y que acumula multitud de actividades que se realizar\u00e1n en la capital y en municipios como Santiponce o Alcal\u00e1 de Guadaira, y estas estar\u00e1n dirigidas por profesores e investigadores de dicha universidad.<\/p>\n<p style=\"text-align: justify\">En las conferencias y mesas redondas se tocar\u00e1n temas como la arqueolog\u00eda, la Sevilla americana o la historia del feminismo, y se har\u00e1n rutas paseando por la ciudad, por el Conjunto Arqueol\u00f3gico de It\u00e1lica y por los molinos de Alcal\u00e1 de Guadaira.<\/p>\n<p style=\"text-align: justify\">En la mayor\u00eda de actos la entrada es libre hasta completar aforo, pero si se indica lo contrario o si es un grupo grande el que planea asistir, se ruega contactar previamente con la organizaci\u00f3n mediante e-mail a la direcci\u00f3n <a href=\"mailto:otri@upo.es\">otri@upo.es<\/a><\/p>\n<p style=\"text-align: justify\">Os animo encarecidamente a asistir a algunos de los muchos eventos que realizar\u00e1n desde la UPO con la intenci\u00f3n de poner en valor el patrimonio hist\u00f3rico-art\u00edstico de la provincia.<\/p>\n","protected":false},"excerpt":{"rendered":"<p>Ante la cancelaci\u00f3n de la Fiesta de la Historia, evento que se lleva celebrando en la ciudad desde hace a\u00f1os, la Universidad Pablo de Olavide ha tomado la iniciativa en la capital hispalense de ocupar este espacio. Nace as\u00ed la I Semana de la Historia, evento que se celebrar\u00e1 del 2 a 6 de marzo [&hellip;]<\/p>\n","protected":false},"author":4,"featured_media":439,"comment_status":"open","ping_status":"open","sticky":false,"template":"","format":"standard","meta":{"_acf_changed":false,"_monsterinsights_skip_tracking":false,"_monsterinsights_sitenote_active":false,"_monsterinsights_sitenote_note":"","_monsterinsights_sitenote_category":0,"footnotes":""},"categories":[45],"tags":[51,49,48,8,6,47,50],"class_list":["post-433","post","type-post","status-publish","format-standard","has-post-thumbnail","hentry","category-boletin-colorao","tag-alcala-de-guadaira","tag-conferencias","tag-eventos","tag-santiponce","tag-sevilla","tag-upo","tag-visitas"],"blocksy_meta":[],"acf":[],"jetpack_featured_media_url":"https:\/\/www.upo.es\/patio-colorado\/wp-content\/uploads\/2020\/02\/WhatsApp-Image-2020-02-26-at-14.06.33-1.jpeg","_links":{"self":[{"href":"https:\/\/www.upo.es\/patio-colorado\/wp-json\/wp\/v2\/posts\/433","targetHints":{"allow":["GET"]}}],"collection":[{"href":"https:\/\/www.upo.es\/patio-colorado\/wp-json\/wp\/v2\/posts"}],"about":[{"href":"https:\/\/www.upo.es\/patio-colorado\/wp-json\/wp\/v2\/types\/post"}],"author":[{"embeddable":true,"href":"https:\/\/www.upo.es\/patio-colorado\/wp-json\/wp\/v2\/users\/4"}],"replies":[{"embeddable":true,"href":"https:\/\/www.upo.es\/patio-colorado\/wp-json\/wp\/v2\/comments?post=433"}],"version-history":[{"count":4,"href":"https:\/\/www.upo.es\/patio-colorado\/wp-json\/wp\/v2\/posts\/433\/revisions"}],"predecessor-version":[{"id":1178,"href":"https:\/\/www.upo.es\/patio-colorado\/wp-json\/wp\/v2\/posts\/433\/revisions\/1178"}],"wp:featuredmedia":[{"embeddable":true,"href":"https:\/\/www.upo.es\/patio-colorado\/wp-json\/wp\/v2\/media\/439"}],"wp:attachment":[{"href":"https:\/\/www.upo.es\/patio-colorado\/wp-json\/wp\/v2\/media?parent=433"}],"wp:term":[{"taxonomy":"category","embeddable":true,"href":"https:\/\/www.upo.es\/patio-colorado\/wp-json\/wp\/v2\/categories?post=433"},{"taxonomy":"post_tag","embeddable":true,"href":"https:\/\/www.upo.es\/patio-colorado\/wp-json\/wp\/v2\/tags?post=433"}],"curies":[{"name":"wp","href":"https:\/\/api.w.org\/{rel}","templated":true}]}}