{"id":4511,"date":"2022-05-18T19:36:55","date_gmt":"2022-05-18T19:36:55","guid":{"rendered":"https:\/\/www.upo.es\/patio-colorado\/?p=4511"},"modified":"2022-05-18T19:36:55","modified_gmt":"2022-05-18T19:36:55","slug":"iniciativa-en-la-investigacion-para-jovenes-en-el-ambito-artistico","status":"publish","type":"post","link":"https:\/\/www.upo.es\/patio-colorado\/2022\/05\/18\/iniciativa-en-la-investigacion-para-jovenes-en-el-ambito-artistico\/","title":{"rendered":"Iniciativa en la investigaci\u00f3n para j\u00f3venes en el \u00e1mbito art\u00edstico"},"content":{"rendered":"<p><span style=\"font-weight: 400\">En esta secci\u00f3n desde el Patio Colorao, queremos dar a conocer y visibilizar otras opciones, especialmente para j\u00f3venes, que se inician y quieren hacerse un hueco en el \u00e1mbito del arte y el patrimonio.\u00a0<\/span><\/p>\n<p><span style=\"font-weight: 400\">Una de las opciones que traemos, ha sido presentada por la Consejer\u00eda de Cultura y Patrimonio Art\u00edstico de la Junta de Andaluc\u00eda. El Programa Operativo de Empleo Juvenil, que se desarrolla en el marco del Fondo Social Europeo (FSE), es el principal instrumento por el que se implanta la Iniciativa de Empleo Juvenil y se ponen en marcha los sistemas de Garant\u00eda Juvenil, con el fin \u00faltimo de combatir el desempleo de las personas j\u00f3venes, entre ellas, aqu\u00e9llas que han finalizado su etapa formativa y tienen dificultades para encontrar un primer empleo. La Ley 18\/2014, de 15 de octubre, de aprobaci\u00f3n de medidas urgentes para el crecimiento, la competitividad y la eficiencia, modificada por el Real Decreto-ley 6\/2016, de 23 de diciembre, de medidas urgentes para el impulso del Sistema Nacional de Garant\u00eda Juvenil, regula, entre otras materias, el r\u00e9gimen de implantaci\u00f3n del Sistema de Garant\u00eda Juvenil en Espa\u00f1a, con la intenci\u00f3n de reforzar la empleabilidad y las competencias profesionales del colectivo formado por personas j\u00f3venes no ocupadas y no integradas en los sistemas de educaci\u00f3n o formaci\u00f3n.<\/span><\/p>\n<p><span style=\"font-weight: 400\">En el marco del citado Programa Operativo se prev\u00e9, como actuaci\u00f3n complementaria a la financiaci\u00f3n destinada a las universidades p\u00fablicas andaluzas para la gesti\u00f3n directa de estas actuaciones, una nueva operaci\u00f3n destinada a impulsar la contrataci\u00f3n laboral de j\u00f3venes investigadores y de personal t\u00e9cnico para la realizaci\u00f3n de actividades de apoyo a la I+D+i en los centros, grupos y laboratorios de los organismos y entidades p\u00fablicas de investigaci\u00f3n no universitarios del Sistema Andaluz del Conocimiento.<\/span><\/p>\n<p><img loading=\"lazy\" decoding=\"async\" class=\"size-full wp-image-4513 aligncenter\" src=\"https:\/\/www.upo.es\/patio-colorado\/wp-content\/uploads\/2022\/05\/junta-a.jpg\" alt=\"\" width=\"229\" height=\"220\" \/><\/p>\n<p><span style=\"font-weight: 400\">Otra opci\u00f3n, es el encuentro de j\u00f3venes investigadores en patrimonio urbano andaluz. En este caso, Cristina Gallardo, miembro del equipo de ANDALUC\u00cdA TRANSVERSAL, en este encuentro de la Universidad de Sevilla presentando los estudios sobre La Ciudad Amable y el trabajo de investigaci\u00f3n de Andaluc\u00eda Transversal.<\/span><\/p>\n<p><span style=\"font-weight: 400\">Este seminario se propone en el marco de la investigaci\u00f3n sobre el patrimonio urbano y territorial que desarrolla el grupo de investigaci\u00f3n HUM700 \u201cPatrimonio y Desarrollo Urbano Territorial en Andaluc\u00eda\u201d, conscientes de la relevancia que, paulatinamente, est\u00e1n tomando las actividades en torno a la innovaci\u00f3n docente e investigadora en el panorama internacional. Mediante una jornada de dos sesiones se pretende reunir a j\u00f3venes investigadores que desarrollan trabajos sobre el patrimonio urbano y territorial de las ciudades andaluzas, as\u00ed como otros temas relacionados. A trav\u00e9s de la exposici\u00f3n de trabajos, perspectivas y res\u00famenes de documentos de investigaci\u00f3n territorial, patrimonial y urbana, se busca profundizar en la valoraci\u00f3n y reposicionamiento del patrimonio a nivel andaluz, nacional e internacional.<\/span><\/p>\n<p><img loading=\"lazy\" decoding=\"async\" class=\"size-medium wp-image-4512 aligncenter\" src=\"https:\/\/www.upo.es\/patio-colorado\/wp-content\/uploads\/2022\/05\/Cartel-300x212.jpg\" alt=\"\" width=\"300\" height=\"212\" srcset=\"https:\/\/www.upo.es\/patio-colorado\/wp-content\/uploads\/2022\/05\/Cartel-300x212.jpg 300w, https:\/\/www.upo.es\/patio-colorado\/wp-content\/uploads\/2022\/05\/Cartel-768x544.jpg 768w, https:\/\/www.upo.es\/patio-colorado\/wp-content\/uploads\/2022\/05\/Cartel.jpg 1024w\" sizes=\"auto, (max-width: 300px) 100vw, 300px\" \/><\/p>\n","protected":false},"excerpt":{"rendered":"<p>En esta secci\u00f3n desde el Patio Colorao, queremos dar a conocer y visibilizar otras opciones, especialmente para j\u00f3venes, que se inician y quieren hacerse un hueco en el \u00e1mbito del arte y el patrimonio.\u00a0 Una de las opciones que traemos, ha sido presentada por la Consejer\u00eda de Cultura y Patrimonio Art\u00edstico de la Junta de [&hellip;]<\/p>\n","protected":false},"author":82,"featured_media":4514,"comment_status":"open","ping_status":"open","sticky":false,"template":"","format":"standard","meta":{"_acf_changed":false,"_monsterinsights_skip_tracking":false,"_monsterinsights_sitenote_active":false,"_monsterinsights_sitenote_note":"","_monsterinsights_sitenote_category":0,"footnotes":""},"categories":[45],"tags":[],"class_list":["post-4511","post","type-post","status-publish","format-standard","has-post-thumbnail","hentry","category-boletin-colorao"],"blocksy_meta":[],"acf":[],"jetpack_featured_media_url":"https:\/\/www.upo.es\/patio-colorado\/wp-content\/uploads\/2022\/05\/portada-7.jpg","_links":{"self":[{"href":"https:\/\/www.upo.es\/patio-colorado\/wp-json\/wp\/v2\/posts\/4511","targetHints":{"allow":["GET"]}}],"collection":[{"href":"https:\/\/www.upo.es\/patio-colorado\/wp-json\/wp\/v2\/posts"}],"about":[{"href":"https:\/\/www.upo.es\/patio-colorado\/wp-json\/wp\/v2\/types\/post"}],"author":[{"embeddable":true,"href":"https:\/\/www.upo.es\/patio-colorado\/wp-json\/wp\/v2\/users\/82"}],"replies":[{"embeddable":true,"href":"https:\/\/www.upo.es\/patio-colorado\/wp-json\/wp\/v2\/comments?post=4511"}],"version-history":[{"count":2,"href":"https:\/\/www.upo.es\/patio-colorado\/wp-json\/wp\/v2\/posts\/4511\/revisions"}],"predecessor-version":[{"id":4516,"href":"https:\/\/www.upo.es\/patio-colorado\/wp-json\/wp\/v2\/posts\/4511\/revisions\/4516"}],"wp:featuredmedia":[{"embeddable":true,"href":"https:\/\/www.upo.es\/patio-colorado\/wp-json\/wp\/v2\/media\/4514"}],"wp:attachment":[{"href":"https:\/\/www.upo.es\/patio-colorado\/wp-json\/wp\/v2\/media?parent=4511"}],"wp:term":[{"taxonomy":"category","embeddable":true,"href":"https:\/\/www.upo.es\/patio-colorado\/wp-json\/wp\/v2\/categories?post=4511"},{"taxonomy":"post_tag","embeddable":true,"href":"https:\/\/www.upo.es\/patio-colorado\/wp-json\/wp\/v2\/tags?post=4511"}],"curies":[{"name":"wp","href":"https:\/\/api.w.org\/{rel}","templated":true}]}}