{"id":4612,"date":"2022-05-19T17:39:25","date_gmt":"2022-05-19T17:39:25","guid":{"rendered":"https:\/\/www.upo.es\/patio-colorado\/?p=4612"},"modified":"2022-05-19T17:39:25","modified_gmt":"2022-05-19T17:39:25","slug":"casa-de-las-cariatides","status":"publish","type":"post","link":"https:\/\/www.upo.es\/patio-colorado\/2022\/05\/19\/casa-de-las-cariatides\/","title":{"rendered":"Casa de las Cari\u00e1tides"},"content":{"rendered":"<p>A principios del siglo XX Ja\u00e9n comienza a crecer progresivamente extendi\u00e9ndose por las radiales que part\u00edan desde la Plaza del Mercado hacia el Paseo de la Estaci\u00f3n y carretera de Madrid. Estas dos v\u00edas contin\u00faan siendo dos puntos importantes ya que conectan todas las zonas nuevas al casco hist\u00f3rico de la ciudad y, por tanto, es el lugar donde destacan sus construcciones arquitect\u00f3nicas como por ejemplo las construcciones de viviendas para la burgues\u00eda en la que destacaremos La casa de las Cari\u00e1tides:<\/p>\n<p>En la calle Bernab\u00e9 Soriano<span class=\"Apple-converted-space\">\u00a0 <\/span>hay contrapunto burgu\u00e9s a la se\u00f1orial calle Ancha que constituye un enlace natural entre la ciudad cl\u00e1sico a la ciudad moderna, es en esta calle donde se encuentra una construcci\u00f3n para la burgues\u00eda proyectada por el arquitecto Fernando Willaden para Miguel J\u00f3dar Martos, la cual estar\u00eda destinada como sede social de su F\u00e1brica de la Luz.<\/p>\n<p>Est\u00e1 conformada por cinco alturas contando desde la fachada principal a la parte trasera en las que se dividen en un bajo, cuatro plantas y una retranqueada. Destacaremos un cuerpo central volado en las dos primeras plantas y tres por la parte trasera, est\u00e1n decoradas con ornamentaci\u00f3n vegetal, columnas salom\u00f3nicas y cari\u00e1tides de las cuales recibe el nombre esta casa.<span class=\"Apple-converted-space\">\u00a0<\/span><\/p>\n<p>Todo esto compone un mirador en ambas fachadas que rematan en una balaustrada cerrando una terraza y en una galer\u00eda de arcos por la parte trasera adem\u00e1s de marqueter\u00eda en la pas puertas, ventanas y balcones.<\/p>\n","protected":false},"excerpt":{"rendered":"<p>A principios del siglo XX Ja\u00e9n comienza a crecer progresivamente extendi\u00e9ndose por las radiales que part\u00edan desde la Plaza del Mercado hacia el Paseo de la Estaci\u00f3n y carretera de Madrid. Estas dos v\u00edas contin\u00faan siendo dos puntos importantes ya que conectan todas las zonas nuevas al casco hist\u00f3rico de la ciudad y, por tanto, [&hellip;]<\/p>\n","protected":false},"author":84,"featured_media":4615,"comment_status":"open","ping_status":"open","sticky":false,"template":"","format":"standard","meta":{"_acf_changed":false,"_monsterinsights_skip_tracking":false,"_monsterinsights_sitenote_active":false,"_monsterinsights_sitenote_note":"","_monsterinsights_sitenote_category":0,"footnotes":""},"categories":[1],"tags":[],"class_list":["post-4612","post","type-post","status-publish","format-standard","has-post-thumbnail","hentry","category-sin-categoria"],"blocksy_meta":[],"acf":[],"jetpack_featured_media_url":"https:\/\/www.upo.es\/patio-colorado\/wp-content\/uploads\/2022\/05\/20170405_144435-scaled.jpg","_links":{"self":[{"href":"https:\/\/www.upo.es\/patio-colorado\/wp-json\/wp\/v2\/posts\/4612","targetHints":{"allow":["GET"]}}],"collection":[{"href":"https:\/\/www.upo.es\/patio-colorado\/wp-json\/wp\/v2\/posts"}],"about":[{"href":"https:\/\/www.upo.es\/patio-colorado\/wp-json\/wp\/v2\/types\/post"}],"author":[{"embeddable":true,"href":"https:\/\/www.upo.es\/patio-colorado\/wp-json\/wp\/v2\/users\/84"}],"replies":[{"embeddable":true,"href":"https:\/\/www.upo.es\/patio-colorado\/wp-json\/wp\/v2\/comments?post=4612"}],"version-history":[{"count":1,"href":"https:\/\/www.upo.es\/patio-colorado\/wp-json\/wp\/v2\/posts\/4612\/revisions"}],"predecessor-version":[{"id":4616,"href":"https:\/\/www.upo.es\/patio-colorado\/wp-json\/wp\/v2\/posts\/4612\/revisions\/4616"}],"wp:featuredmedia":[{"embeddable":true,"href":"https:\/\/www.upo.es\/patio-colorado\/wp-json\/wp\/v2\/media\/4615"}],"wp:attachment":[{"href":"https:\/\/www.upo.es\/patio-colorado\/wp-json\/wp\/v2\/media?parent=4612"}],"wp:term":[{"taxonomy":"category","embeddable":true,"href":"https:\/\/www.upo.es\/patio-colorado\/wp-json\/wp\/v2\/categories?post=4612"},{"taxonomy":"post_tag","embeddable":true,"href":"https:\/\/www.upo.es\/patio-colorado\/wp-json\/wp\/v2\/tags?post=4612"}],"curies":[{"name":"wp","href":"https:\/\/api.w.org\/{rel}","templated":true}]}}