{"id":4662,"date":"2022-05-20T13:52:50","date_gmt":"2022-05-20T13:52:50","guid":{"rendered":"https:\/\/www.upo.es\/patio-colorado\/?p=4662"},"modified":"2022-06-18T17:00:49","modified_gmt":"2022-06-18T17:00:49","slug":"cervantes-y-la-influencia-de-andalucia-en-don-quijote","status":"publish","type":"post","link":"https:\/\/www.upo.es\/patio-colorado\/2022\/05\/20\/cervantes-y-la-influencia-de-andalucia-en-don-quijote\/","title":{"rendered":"Cervantes y la influencia de Andaluc\u00eda en Don Quijote"},"content":{"rendered":"<p>Miguel de Cervantes Saavedra es considerado padre de la novela contempor\u00e1nea m\u00e1xima figura dentro de la literatura espa\u00f1ola.<\/p>\n<p>Poeta y novelista espa\u00f1ol, es el autor de la novela m\u00e1s importante dentro de nuestra literatura El ingenioso hidalgo don Quijote de la Mancha, que se considera la primera novela moderna de la literatura universal.<\/p>\n<p>A pesar de nacer en Alcal\u00e1 de Henares, Madrid, Cervantes tiene or\u00edgenes andaluces ya que sus abuelos paternos eran cordobeses y esto nos lleva a la hip\u00f3tesis de que Cervantes pudo haber viajado con su padre a esta tierra. Lo que si est\u00e1 claro es que su andalucismo provenga de su origen familiar.<\/p>\n<p>Algo que si sabemos es que Cervantes vivi\u00f3 durante un tiempo en Andaluc\u00eda, a finales del siglo XVI como recaudador de impuestos para el reino de Granada y para el Reino de Sevilla, como requisador de aceite y trigo.<\/p>\n<p>La estancia de Cervantes en tierras andaluzas no fue exactamente feliz y acab\u00f3 siendo excomulgado y encarcelado, el motivo, no est\u00e1 claro.<\/p>\n<p>Esta frase en el libro de don Quijote puede reflejar ese momento de su vida: \u201cMe parece duro caso hacer esclavo a los que Dios y la naturaleza hizo libres\u201d (Cap\u00edtulo XLII de la segunda parte).<\/p>\n<p>Tambi\u00e9n podemos ver reflejado el fracaso de Cervantes en c\u00e1rceles andaluzas como un elemento de reflexi\u00f3n para los fracasos de las aventuras de don Quijote.<\/p>\n<p>Pero con todo esto, a pesar de haber sido una experiencia dolorosa, Cervantes fue perseguido por el poder que reinaba en Andaluc\u00eda en aquel tiempo, y no por ello, dej\u00f3 de aprender y vivir la cultura y costumbres andaluzas: la vida del campo, de los trabajadores y de las gentes sencillas y humildes que tambi\u00e9n vemos retratadas en distintos personajes de don Quijote.<\/p>\n<p>En el a\u00f1o 1594 vuelve a Granada, esta vez para su trabajo como recaudador de deudas y a este tiempo podemos asociar los cap\u00edtulos de El Quijote en el que nuestro protagonista hidalgo y su fiel escudero Sancho, pasan las noches en ventas de caminos que, en la mente de don Quijote son palacios, ya que el mismo Cervantes seguramente tuvo que descansar tambi\u00e9n en estos lugares.<\/p>\n<p>En este sentido, podemos concluir que para Cervantes, Andaluc\u00eda y Sevilla signific\u00f3 mucho en su vida y el Quijote no hubiera sido sin duda igual sin las vivencias que tuvo y la gente que conoci\u00f3 en estas tierras.<\/p>\n<p><img loading=\"lazy\" decoding=\"async\" class=\"alignnone size-medium wp-image-4664\" src=\"https:\/\/www.upo.es\/patio-colorado\/wp-content\/uploads\/2022\/05\/1200px-Cervantes_Jauregui-229x300.jpg\" alt=\"\" width=\"229\" height=\"300\" srcset=\"https:\/\/www.upo.es\/patio-colorado\/wp-content\/uploads\/2022\/05\/1200px-Cervantes_Jauregui-229x300.jpg 229w, https:\/\/www.upo.es\/patio-colorado\/wp-content\/uploads\/2022\/05\/1200px-Cervantes_Jauregui-781x1024.jpg 781w, https:\/\/www.upo.es\/patio-colorado\/wp-content\/uploads\/2022\/05\/1200px-Cervantes_Jauregui-768x1007.jpg 768w, https:\/\/www.upo.es\/patio-colorado\/wp-content\/uploads\/2022\/05\/1200px-Cervantes_Jauregui-1171x1536.jpg 1171w, https:\/\/www.upo.es\/patio-colorado\/wp-content\/uploads\/2022\/05\/1200px-Cervantes_Jauregui.jpg 1200w\" sizes=\"auto, (max-width: 229px) 100vw, 229px\" \/><\/p>\n<p>&nbsp;<\/p>\n<p><strong>FUENTES<\/strong><\/p>\n<p>https:\/\/www.eldiario.es\/andalucia\/siglos-cervantes-andalucia_1_2271730.html<\/p>\n<p>https:\/\/www.biografiasyvidas.com\/monografia\/cervantes\/<\/p>\n<p>&nbsp;<\/p>\n","protected":false},"excerpt":{"rendered":"<p>Miguel de Cervantes Saavedra es considerado padre de la novela contempor\u00e1nea m\u00e1xima figura dentro de la literatura espa\u00f1ola. Poeta y novelista espa\u00f1ol, es el autor de la novela m\u00e1s importante dentro de nuestra literatura El ingenioso hidalgo don Quijote de la Mancha, que se considera la primera novela moderna de la literatura universal. A pesar [&hellip;]<\/p>\n","protected":false},"author":91,"featured_media":4663,"comment_status":"open","ping_status":"open","sticky":false,"template":"","format":"standard","meta":{"_acf_changed":false,"_monsterinsights_skip_tracking":false,"_monsterinsights_sitenote_active":false,"_monsterinsights_sitenote_note":"","_monsterinsights_sitenote_category":0,"footnotes":""},"categories":[186],"tags":[],"class_list":["post-4662","post","type-post","status-publish","format-standard","has-post-thumbnail","hentry","category-literatura-musica"],"blocksy_meta":[],"acf":[],"jetpack_featured_media_url":"https:\/\/www.upo.es\/patio-colorado\/wp-content\/uploads\/2022\/05\/\u00bfCuantas-veces-ha-sido-traducida-la-historia-de-El-Quijote.jpg","_links":{"self":[{"href":"https:\/\/www.upo.es\/patio-colorado\/wp-json\/wp\/v2\/posts\/4662","targetHints":{"allow":["GET"]}}],"collection":[{"href":"https:\/\/www.upo.es\/patio-colorado\/wp-json\/wp\/v2\/posts"}],"about":[{"href":"https:\/\/www.upo.es\/patio-colorado\/wp-json\/wp\/v2\/types\/post"}],"author":[{"embeddable":true,"href":"https:\/\/www.upo.es\/patio-colorado\/wp-json\/wp\/v2\/users\/91"}],"replies":[{"embeddable":true,"href":"https:\/\/www.upo.es\/patio-colorado\/wp-json\/wp\/v2\/comments?post=4662"}],"version-history":[{"count":1,"href":"https:\/\/www.upo.es\/patio-colorado\/wp-json\/wp\/v2\/posts\/4662\/revisions"}],"predecessor-version":[{"id":4665,"href":"https:\/\/www.upo.es\/patio-colorado\/wp-json\/wp\/v2\/posts\/4662\/revisions\/4665"}],"wp:featuredmedia":[{"embeddable":true,"href":"https:\/\/www.upo.es\/patio-colorado\/wp-json\/wp\/v2\/media\/4663"}],"wp:attachment":[{"href":"https:\/\/www.upo.es\/patio-colorado\/wp-json\/wp\/v2\/media?parent=4662"}],"wp:term":[{"taxonomy":"category","embeddable":true,"href":"https:\/\/www.upo.es\/patio-colorado\/wp-json\/wp\/v2\/categories?post=4662"},{"taxonomy":"post_tag","embeddable":true,"href":"https:\/\/www.upo.es\/patio-colorado\/wp-json\/wp\/v2\/tags?post=4662"}],"curies":[{"name":"wp","href":"https:\/\/api.w.org\/{rel}","templated":true}]}}