{"id":4702,"date":"2022-05-20T18:20:17","date_gmt":"2022-05-20T18:20:17","guid":{"rendered":"https:\/\/www.upo.es\/patio-colorado\/?p=4702"},"modified":"2022-05-20T18:20:17","modified_gmt":"2022-05-20T18:20:17","slug":"el-festival-flamenco-de-los-palacios-la-mistela","status":"publish","type":"post","link":"https:\/\/www.upo.es\/patio-colorado\/2022\/05\/20\/el-festival-flamenco-de-los-palacios-la-mistela\/","title":{"rendered":"El festival flamenco de Los Palacios, \u00abLa Mistela\u00bb"},"content":{"rendered":"<p>El Festival Flamenco de La Mistela de Los Palacios\u00a0 es todo un referente de los festivales flamencos de la Baja Andaluc\u00eda. Esa tierra que huele y transpira flamenco por los cuatro vientos. Una cita ineludible del flamenco en Sevilla, que suele tener lugar entre los meses de mayo y junio y, aunque surgi\u00f3 en los a\u00f1os 60, oficialmente se viene celebrando desde 1973.<\/p>\n<p>El eje principal del\u00a0Festival Flamenco de La Mistela se desarrolla en torno al Teatro Municipal Pedro P\u00e9rez Fern\u00e1ndez con los espect\u00e1culos flamencos m\u00e1s importantes y donde se presentan estrenos absolutos casi todas las ediciones.<\/p>\n<p>Por otro lado, est\u00e1n los trasnoches flamencos en la Tertulia Cultural Flamenca El Pozo de las Penas, donde se da la oportunidad de mostrar su arte a j\u00f3venes artistas locales. La Mistela tambi\u00e9n incluye exposiciones, charlas, conferencias\u2026 y el momento m\u00e1s esperado es la Venencia Flamenca, donde se reconoce a los artistas flamencos j\u00f3venes para ayudarlos en este complicado mundo del arte jondo. En 2017 se reconoce el trabajo de Juan Habichuela Nieto.<\/p>\n<p>La organizaci\u00f3n y programaci\u00f3n del\u00a0Festival Flamenco de La Mistela de Los Palacios corre a cargo del mismo ayuntamiento y la\u00a0Tertulia Cultural Flamenca El Pozo de las Penas, raz\u00f3n por la que siempre cuenta con una excelente calidad en los espect\u00e1culos; debido a la gran solvencia de la directiva de la pe\u00f1a flamenca.<\/p>\n<p>El flamenco en Los Palacios siempre ha contando con gran tradici\u00f3n y conocimiento cabal de los cantes. Ah\u00ed est\u00e1n los artistas de la talla de Rerre de Los Palacios, Manuel Orta, Itoly y El Distinguido, entre otras muchas figuras jondas, como los j\u00f3venes Miguel Ortega, Ni\u00f1o de la Fragua, Reyes Carrasco o Mariano Vargas, entre otros.<\/p>\n<p>&nbsp;<\/p>\n<div style=\"width: 1280px;\" class=\"wp-video\"><video class=\"wp-video-shortcode\" id=\"video-4702-1\" width=\"1280\" height=\"720\" preload=\"metadata\" controls=\"controls\"><source type=\"video\/mp4\" src=\"https:\/\/www.upo.es\/patio-colorado\/wp-content\/uploads\/2022\/05\/Noticia-El-Festival-de-la-Mistela-2021-culmina-con-exito.mp4?_=1\" \/><a href=\"https:\/\/www.upo.es\/patio-colorado\/wp-content\/uploads\/2022\/05\/Noticia-El-Festival-de-la-Mistela-2021-culmina-con-exito.mp4\">https:\/\/www.upo.es\/patio-colorado\/wp-content\/uploads\/2022\/05\/Noticia-El-Festival-de-la-Mistela-2021-culmina-con-exito.mp4<\/a><\/video><\/div>\n<p>&nbsp;<\/p>\n","protected":false},"excerpt":{"rendered":"<p>El Festival Flamenco de La Mistela de Los Palacios\u00a0 es todo un referente de los festivales flamencos de la Baja Andaluc\u00eda. Esa tierra que huele y transpira flamenco por los cuatro vientos. Una cita ineludible del flamenco en Sevilla, que suele tener lugar entre los meses de mayo y junio y, aunque surgi\u00f3 en los [&hellip;]<\/p>\n","protected":false},"author":71,"featured_media":4703,"comment_status":"open","ping_status":"open","sticky":false,"template":"","format":"standard","meta":{"_acf_changed":false,"_monsterinsights_skip_tracking":false,"_monsterinsights_sitenote_active":false,"_monsterinsights_sitenote_note":"","_monsterinsights_sitenote_category":0,"footnotes":""},"categories":[35,186],"tags":[],"class_list":["post-4702","post","type-post","status-publish","format-standard","has-post-thumbnail","hentry","category-fiestas-tradiciones","category-literatura-musica"],"blocksy_meta":[],"acf":[],"jetpack_featured_media_url":"https:\/\/www.upo.es\/patio-colorado\/wp-content\/uploads\/2022\/05\/Mistela.jpg","_links":{"self":[{"href":"https:\/\/www.upo.es\/patio-colorado\/wp-json\/wp\/v2\/posts\/4702","targetHints":{"allow":["GET"]}}],"collection":[{"href":"https:\/\/www.upo.es\/patio-colorado\/wp-json\/wp\/v2\/posts"}],"about":[{"href":"https:\/\/www.upo.es\/patio-colorado\/wp-json\/wp\/v2\/types\/post"}],"author":[{"embeddable":true,"href":"https:\/\/www.upo.es\/patio-colorado\/wp-json\/wp\/v2\/users\/71"}],"replies":[{"embeddable":true,"href":"https:\/\/www.upo.es\/patio-colorado\/wp-json\/wp\/v2\/comments?post=4702"}],"version-history":[{"count":1,"href":"https:\/\/www.upo.es\/patio-colorado\/wp-json\/wp\/v2\/posts\/4702\/revisions"}],"predecessor-version":[{"id":4705,"href":"https:\/\/www.upo.es\/patio-colorado\/wp-json\/wp\/v2\/posts\/4702\/revisions\/4705"}],"wp:featuredmedia":[{"embeddable":true,"href":"https:\/\/www.upo.es\/patio-colorado\/wp-json\/wp\/v2\/media\/4703"}],"wp:attachment":[{"href":"https:\/\/www.upo.es\/patio-colorado\/wp-json\/wp\/v2\/media?parent=4702"}],"wp:term":[{"taxonomy":"category","embeddable":true,"href":"https:\/\/www.upo.es\/patio-colorado\/wp-json\/wp\/v2\/categories?post=4702"},{"taxonomy":"post_tag","embeddable":true,"href":"https:\/\/www.upo.es\/patio-colorado\/wp-json\/wp\/v2\/tags?post=4702"}],"curies":[{"name":"wp","href":"https:\/\/api.w.org\/{rel}","templated":true}]}}