{"id":4725,"date":"2022-05-22T09:14:23","date_gmt":"2022-05-22T09:14:23","guid":{"rendered":"https:\/\/www.upo.es\/patio-colorado\/?p=4725"},"modified":"2022-05-22T09:16:58","modified_gmt":"2022-05-22T09:16:58","slug":"medina-azahara-se-integra-en-el-registro-de-paisaje-de-interes-cultural-de-andalucia","status":"publish","type":"post","link":"https:\/\/www.upo.es\/patio-colorado\/2022\/05\/22\/medina-azahara-se-integra-en-el-registro-de-paisaje-de-interes-cultural-de-andalucia\/","title":{"rendered":"Medina Azahara se integra en el Registro de Paisaje de Inter\u00e9s Cultural de Andaluc\u00eda"},"content":{"rendered":"<p>Medina Azahara se integra en el Registro de Paisaje de Inter\u00e9s Cultural de Andaluc\u00eda debido a su car\u00e1cter como antigua ciudad califal con planificaci\u00f3n urban\u00edstica correspondiente a este intervalo hist\u00f3rico. La decisi\u00f3n la ha determinado la Consejer\u00eda de Cultura y Patrimonio Hist\u00f3rico a trav\u00e9s del Instituto Andaluz del Patrimonio Hist\u00f3rico.<\/p>\n<p>El registro ya cuenta con 117 paisajes de Andaluc\u00eda y en esta ocasi\u00f3n conmemora los elementos visuales y simb\u00f3licos del conjunto art\u00edstico, un ejemplo del arte musulm\u00e1n en Andaluc\u00eda y en toda la pen\u00ednsula. La Unesco ya hab\u00eda valorado el enclave como Patrimonio Mundial, lo que ha aumentado su valor frente a nuevos reconocimientos<\/p>\n<p style=\"text-align: center\">. <img loading=\"lazy\" decoding=\"async\" class=\"\" src=\"https:\/\/upload.wikimedia.org\/wikipedia\/commons\/1\/16\/Medina_Azahara_-_Conjunto_Arqueol%C3%B3gico_Madinat_al-Zahra%2C_Cordoba_%2841785262232%29.jpg\" alt=\"File:Medina Azahara - Conjunto Arqueol\u00f3gico Madinat al-Zahra, Cordoba (41785262232).jpg - Wikimedia Commons\" width=\"552\" height=\"368\" \/><\/p>\n<p style=\"text-align: center\">Fuente: Wikimedia Commons.org<\/p>\n<p>El emplazamiento de esa antigua ciudad califal se localiza en la sierra, lo que permite controlar la ciudad de C\u00f3rdoba y el n\u00facleo poblacional de Almod\u00f3var. Las ruinas del palacio est\u00e1n acompa\u00f1adas por un paisaje magn\u00edfico que dota al enclave de un encanto y de un aura especiales.<\/p>\n<p><img loading=\"lazy\" decoding=\"async\" class=\"aligncenter\" src=\"https:\/\/upload.wikimedia.org\/wikipedia\/commons\/7\/77\/Cordoba_-_Medina_Azahara_18.jpg\" alt=\"File:Cordoba - Medina Azahara 18.jpg - Wikimedia Commons\" width=\"615\" height=\"462\" \/><\/p>\n<p style=\"text-align: center\">Fuente: Wikimedia Commons.org<\/p>\n<p>Este espacio evoca lo que en su d\u00eda fuera una ciudad andalus\u00ed a trav\u00e9s de diferentes elementos como puentes, calzadas, albercas, caminos o canteras. En los alrededores se encuentra el monasterio de San Jer\u00f3nimo incluyendo las caracter\u00edsticas propias de la intersecci\u00f3n entre la sierra y la vega.<\/p>\n<p class=\"mb-none pb-none\">\u00a0Fue Abderram\u00e1n III, quien decidi\u00f3 realizar la ciudad en la periferia de C\u00f3rdoba en el a\u00f1o 936. La finalizaci\u00f3n de la obra concluy\u00f3 en el a\u00f1o 976 y sus funciones comprend\u00edan desde la labor administrativa hasta su uso como residencia.<\/p>\n<p><img loading=\"lazy\" decoding=\"async\" class=\"aligncenter\" src=\"https:\/\/upload.wikimedia.org\/wikipedia\/commons\/1\/10\/Medina_Azahara_010.jpg\" alt=\"File:Medina Azahara 010.jpg - Wikimedia Commons\" width=\"648\" height=\"487\" \/><\/p>\n<p style=\"text-align: center\">Fuente: Wikimedia Commons.org<\/p>\n<p>Se puede tanto solicitar una visita guiada como una privada a trav\u00e9s de la p\u00e1gina web. Los d\u00edas de cierre son 1 de enero, 6 de enero, 1 de mayo, 24 de diciembre, 25 de diciembre y 31 de diciembre. El recorrido por el enclave incluye una serie de proyecciones adem\u00e1s de un itinerario por la zona arqueol\u00f3gica.<\/p>\n<p><a href=\"https:\/\/www.medinaazahara.org\/horarios-medina-azahara.html\">Medina Azahara<\/a><\/p>\n<p><a href=\"https:\/\/www.cordobabn.com\/articulo\/cultura\/incorporan-paisaje-medina-azahara\/20220425122656129940.html\">C\u00f3rdoba Buenas Noticias<\/a><\/p>\n<p><a href=\"https:\/\/www.eldiadecordoba.es\/cordoba\/Medina-Azahara-Registro-Paisajes-Cultural-Andalucia_0_1677432594.html\">El d\u00eda de C\u00f3rdoba<\/a><\/p>\n<div class=\"divider divider-primary divider-small divider-small-center mb-xl\"><\/div>\n","protected":false},"excerpt":{"rendered":"<p>Medina Azahara se integra en el Registro de Paisaje de Inter\u00e9s Cultural de Andaluc\u00eda debido a su car\u00e1cter como antigua ciudad califal con planificaci\u00f3n urban\u00edstica correspondiente a este intervalo hist\u00f3rico. La decisi\u00f3n la ha determinado la Consejer\u00eda de Cultura y Patrimonio Hist\u00f3rico a trav\u00e9s del Instituto Andaluz del Patrimonio Hist\u00f3rico. El registro ya cuenta con [&hellip;]<\/p>\n","protected":false},"author":67,"featured_media":4726,"comment_status":"open","ping_status":"open","sticky":false,"template":"","format":"standard","meta":{"_acf_changed":false,"_monsterinsights_skip_tracking":false,"_monsterinsights_sitenote_active":false,"_monsterinsights_sitenote_note":"","_monsterinsights_sitenote_category":0,"footnotes":""},"categories":[304],"tags":[55,345,28,285,504,503],"class_list":["post-4725","post","type-post","status-publish","format-standard","has-post-thumbnail","hentry","category-cordoba","tag-andalucia","tag-cordoba","tag-arte","tag-monumento","tag-premio","tag-ruinas"],"blocksy_meta":[],"acf":[],"jetpack_featured_media_url":"https:\/\/www.upo.es\/patio-colorado\/wp-content\/uploads\/2022\/05\/33237929884_9811020e45_b.jpg","_links":{"self":[{"href":"https:\/\/www.upo.es\/patio-colorado\/wp-json\/wp\/v2\/posts\/4725","targetHints":{"allow":["GET"]}}],"collection":[{"href":"https:\/\/www.upo.es\/patio-colorado\/wp-json\/wp\/v2\/posts"}],"about":[{"href":"https:\/\/www.upo.es\/patio-colorado\/wp-json\/wp\/v2\/types\/post"}],"author":[{"embeddable":true,"href":"https:\/\/www.upo.es\/patio-colorado\/wp-json\/wp\/v2\/users\/67"}],"replies":[{"embeddable":true,"href":"https:\/\/www.upo.es\/patio-colorado\/wp-json\/wp\/v2\/comments?post=4725"}],"version-history":[{"count":3,"href":"https:\/\/www.upo.es\/patio-colorado\/wp-json\/wp\/v2\/posts\/4725\/revisions"}],"predecessor-version":[{"id":4734,"href":"https:\/\/www.upo.es\/patio-colorado\/wp-json\/wp\/v2\/posts\/4725\/revisions\/4734"}],"wp:featuredmedia":[{"embeddable":true,"href":"https:\/\/www.upo.es\/patio-colorado\/wp-json\/wp\/v2\/media\/4726"}],"wp:attachment":[{"href":"https:\/\/www.upo.es\/patio-colorado\/wp-json\/wp\/v2\/media?parent=4725"}],"wp:term":[{"taxonomy":"category","embeddable":true,"href":"https:\/\/www.upo.es\/patio-colorado\/wp-json\/wp\/v2\/categories?post=4725"},{"taxonomy":"post_tag","embeddable":true,"href":"https:\/\/www.upo.es\/patio-colorado\/wp-json\/wp\/v2\/tags?post=4725"}],"curies":[{"name":"wp","href":"https:\/\/api.w.org\/{rel}","templated":true}]}}