{"id":4728,"date":"2022-05-23T16:40:40","date_gmt":"2022-05-23T16:40:40","guid":{"rendered":"https:\/\/www.upo.es\/patio-colorado\/?p=4728"},"modified":"2022-05-23T16:40:40","modified_gmt":"2022-05-23T16:40:40","slug":"mazagon-como-zona-de-gran-afluencia-turistica","status":"publish","type":"post","link":"https:\/\/www.upo.es\/patio-colorado\/2022\/05\/23\/mazagon-como-zona-de-gran-afluencia-turistica\/","title":{"rendered":"Mazag\u00f3n como Zona de Gran Afluencia Tur\u00edstica"},"content":{"rendered":"<p>Este martes se ha otorgado la declaraci\u00f3n de <strong>Zona de Gran Afluencia Tur\u00edstica (ZGAT) <\/strong>a las localidades de Barbate (C\u00e1diz) y de Mazag\u00f3n en Moguer. Esta declaraci\u00f3n supone un punto muy positivo para los peque\u00f1os comercios de estas zonas, puesto que se les permite elegir sus horarios de apertura adem\u00e1s de los d\u00edas de trabajo.<\/p>\n<p>Moguer ya contaba con esta declaraci\u00f3n, pero, al caducar, ha tenido que formalizarla de nuevo. Mazag\u00f3n cuenta con una media anual de pernoctaciones de 1734, superior en un 5 % a la poblaci\u00f3n residente en el municipio. Mazag\u00f3n pertenece a la Costa de la Luz, uno de los enclaves preferidos a nivel nacional y regional para pasar unos d\u00edas de descanso y relajaci\u00f3n.<\/p>\n<p><img loading=\"lazy\" decoding=\"async\" class=\"aligncenter\" src=\"https:\/\/live.staticflickr.com\/955\/28227930538_02de7160e9_b.jpg\" alt=\"Mazag\u00f3n (Huelva) (Spain) | Jose A. | Flickr\" width=\"634\" height=\"476\" \/><\/p>\n<p style=\"text-align: center\">Fuente: Flickr.com<\/p>\n<p>Moguer cuenta tambi\u00e9n con edificios de inter\u00e9s cultural y art\u00edstico como el Museo Zenobia y Juan Ram\u00f3n Jim\u00e9nez o el Monasterio de Santa clara. Por otra parte, el Consejo Andaluz de Comercio ha dado el visto bueno al calendario comercial para 2023. Se ha aprobado la apertura de los comercios en aquellas ocasiones que sea m\u00e1s atractivo para el visitante comprar. Tambi\u00e9n en las zonas del a\u00f1o que coincidan con temporadas tradicionalmente de compras o regalos como la Navidad.<\/p>\n<p><img decoding=\"async\" class=\"aligncenter\" src=\"https:\/\/p0.piqsels.com\/preview\/927\/296\/868\/beach-sand-near-mountain-thumbnail.jpg\" alt=\"P\u00e1gina 188 | libre de regal\u00edas playa limpia fotos descarga gratuita | Piqsels\" \/><\/p>\n<p style=\"text-align: center\">Fuente: Piqsels.com<\/p>\n<p>Esto se aplica a los comercios con un espacio comercial de m\u00e1s de 300 metros cuadrados y los ayuntamientos podr\u00e1n solicitar una permuta justificando razones comerciales. Las medidas adoptadas se corresponden con el nivel de popularidad del enclave que llega a superar las 600 000 pernoctaciones en pleno verano, concretamente en agosto.<\/p>\n<p><a href=\"https:\/\/www.huelvainformacion.es\/provincia\/Mazagon-Zona-Gran-Afluencia-Turistica_0_1684333006.html\">Huelva Informaci\u00f3n\u00a0<\/a><\/p>\n<p><a href=\"https:\/\/sevilla.abc.es\/economia\/sevi-junta-otorga-barbate-y-mazagon-declaracion-zonas-gran-afluencia-turistica-202205171349_noticia.html\">ABC de Sevilla\u00a0<\/a><\/p>\n","protected":false},"excerpt":{"rendered":"<p>Este martes se ha otorgado la declaraci\u00f3n de Zona de Gran Afluencia Tur\u00edstica (ZGAT) a las localidades de Barbate (C\u00e1diz) y de Mazag\u00f3n en Moguer. Esta declaraci\u00f3n supone un punto muy positivo para los peque\u00f1os comercios de estas zonas, puesto que se les permite elegir sus horarios de apertura adem\u00e1s de los d\u00edas de trabajo. [&hellip;]<\/p>\n","protected":false},"author":67,"featured_media":4729,"comment_status":"open","ping_status":"open","sticky":false,"template":"","format":"standard","meta":{"_acf_changed":false,"_monsterinsights_skip_tracking":false,"_monsterinsights_sitenote_active":false,"_monsterinsights_sitenote_note":"","_monsterinsights_sitenote_category":0,"footnotes":""},"categories":[46],"tags":[55,377,506,505],"class_list":["post-4728","post","type-post","status-publish","format-standard","has-post-thumbnail","hentry","category-en-la-prensa","tag-andalucia","tag-huelva","tag-mazagon","tag-playa"],"blocksy_meta":[],"acf":[],"jetpack_featured_media_url":"https:\/\/www.upo.es\/patio-colorado\/wp-content\/uploads\/2022\/05\/16914877818_2070249534_b.jpg","_links":{"self":[{"href":"https:\/\/www.upo.es\/patio-colorado\/wp-json\/wp\/v2\/posts\/4728","targetHints":{"allow":["GET"]}}],"collection":[{"href":"https:\/\/www.upo.es\/patio-colorado\/wp-json\/wp\/v2\/posts"}],"about":[{"href":"https:\/\/www.upo.es\/patio-colorado\/wp-json\/wp\/v2\/types\/post"}],"author":[{"embeddable":true,"href":"https:\/\/www.upo.es\/patio-colorado\/wp-json\/wp\/v2\/users\/67"}],"replies":[{"embeddable":true,"href":"https:\/\/www.upo.es\/patio-colorado\/wp-json\/wp\/v2\/comments?post=4728"}],"version-history":[{"count":2,"href":"https:\/\/www.upo.es\/patio-colorado\/wp-json\/wp\/v2\/posts\/4728\/revisions"}],"predecessor-version":[{"id":4805,"href":"https:\/\/www.upo.es\/patio-colorado\/wp-json\/wp\/v2\/posts\/4728\/revisions\/4805"}],"wp:featuredmedia":[{"embeddable":true,"href":"https:\/\/www.upo.es\/patio-colorado\/wp-json\/wp\/v2\/media\/4729"}],"wp:attachment":[{"href":"https:\/\/www.upo.es\/patio-colorado\/wp-json\/wp\/v2\/media?parent=4728"}],"wp:term":[{"taxonomy":"category","embeddable":true,"href":"https:\/\/www.upo.es\/patio-colorado\/wp-json\/wp\/v2\/categories?post=4728"},{"taxonomy":"post_tag","embeddable":true,"href":"https:\/\/www.upo.es\/patio-colorado\/wp-json\/wp\/v2\/tags?post=4728"}],"curies":[{"name":"wp","href":"https:\/\/api.w.org\/{rel}","templated":true}]}}