{"id":4731,"date":"2022-05-25T11:36:24","date_gmt":"2022-05-25T11:36:24","guid":{"rendered":"https:\/\/www.upo.es\/patio-colorado\/?p=4731"},"modified":"2022-05-27T13:15:39","modified_gmt":"2022-05-27T13:15:39","slug":"programacion-de-la-fundicion-teatro-de-sevilla","status":"publish","type":"post","link":"https:\/\/www.upo.es\/patio-colorado\/2022\/05\/25\/programacion-de-la-fundicion-teatro-de-sevilla\/","title":{"rendered":"Programaci\u00f3n de La Fundici\u00f3n Teatro de Sevilla"},"content":{"rendered":"<p>La Fundaci\u00f3n es una de las salas de teatro m\u00e1s importantes de la capital andaluza. Se inaugur\u00f3 en 1999 y desde entonces han tenido lugar en su escenario una gran variedad de actuaciones. Predominan los autores y los dramaturgos espa\u00f1oles contempor\u00e1neos, pero tambi\u00e9n se desarrollan toda clase de artes visuales. Es la sede de ATAES\u00a0 (Asociaci\u00f3n de Amigos del Teatro y de las Artes Esc\u00e9nicas de Sevilla) y se encuentra en el edificio de la Antigua Casa de la Moneda.<\/p>\n<p><img loading=\"lazy\" decoding=\"async\" class=\"aligncenter\" src=\"https:\/\/upload.wikimedia.org\/wikipedia\/commons\/8\/86\/Casadelamoneda008.JPG\" alt=\"File:Casadelamoneda008.JPG - Wikimedia Commons\" width=\"521\" height=\"391\" \/><\/p>\n<p style=\"text-align: center\">Fuente: Wikimedia Commons.org<\/p>\n<p>La Fundici\u00f3n se encuentra en un espacio de la ciudad caracterizado por su bagaje hist\u00f3rico y art\u00edstico con un gran n\u00famero de monumentos a sus alrededores como la Catedral, el Ayuntamiento o el Archivo de Indias. El edificio que data del siglo XVI se restaur\u00f3 en 1987. En la actualidad es de car\u00e1cter municipal, pero se cedi\u00f3 a la ATAES en 1999.<\/p>\n<p><img loading=\"lazy\" decoding=\"async\" class=\"aligncenter\" src=\"https:\/\/upload.wikimedia.org\/wikipedia\/commons\/b\/bb\/Fundici%C3%B3n_de_Sevilla.JPG\" alt=\"File:Fundici\u00f3n de Sevilla.JPG - Wikimedia Commons\" width=\"335\" height=\"446\" \/><\/p>\n<p style=\"text-align: center\">Fuente: Wikimedia Commons.org<\/p>\n<p>En la actualidad, la sala ofrece tanto actuaciones para adultos como infantiles as\u00ed como obras recomendadas para todos los p\u00fablicos. Los d\u00edas 26 y 27 de mayo destaca el <em>Dientecillo valiente<\/em> una obra infantil con marionetas que se centra en la importancia de la higiene bucal de los m\u00e1s peque\u00f1os y <em>A mano<\/em> otra actuaci\u00f3n dedicada a los ni\u00f1os presentada el 28 de mayo.<\/p>\n<p>Para todos los p\u00fablicos, destaca<em> Los Quintero<\/em> los d\u00edas 26, 27, 28 y 29 de mayo. La obra cuenta con tres entremeses y se caracteriza por su personalidad completamente andaluza. La ha realizado la compa\u00f1\u00eda sevillana Almatwins Productions junto a Dos Lunas Teatro.\u00a0En cuanto a las obras de adultos, el 4 y 5 de junio se presenta <em>Temor libre<\/em>, obra dedicada al amor libre.<\/p>\n<p><img decoding=\"async\" class=\"aligncenter\" src=\"https:\/\/m.guiadelocio.com\/var\/guiadelocio.com\/storage\/images\/arte\/sevilla\/sevilla\/la-fundicion-casa-de-la-moneda\/3572671-7-esl-ES\/la-fundicion-casa-de-la-moneda.jpg\" alt=\"La Fundici\u00f3n (Casa de la Moneda). Espacios para el arte en Sevilla | Gu\u00eda del Ocio\" \/><\/p>\n<p style=\"text-align: center\">Fuente: Gu\u00edadelocio.com<\/p>\n<p>Las entradas se pueden comprar online o en las taquillas de lunes a viernes de 10:00 a 14:30 adem\u00e1s de una hora antes los d\u00edas de funci\u00f3n. La tarifa general es de 16 \u20ac aunque con el carnet joven de la Junta de Andaluc\u00eda la entrada se reduce hasta los 8 \u20ac.<\/p>\n<p>La Fundici\u00f3n. (s.f.). M\u00e1s que un teatro. <em>La Fundici\u00f3n<\/em>.\u00a0https:\/\/www.fundiciondesevilla.es\/web\/la-fundicion\/<\/p>\n<p>La Fundici\u00f3n. (s.f.). Programaci\u00f3n. <em>La Fundici\u00f3n<\/em>.\u00a0https:\/\/www.fundiciondesevilla.es\/web\/programacion\/<\/p>\n<p>&nbsp;<\/p>\n<p>&nbsp;<\/p>\n","protected":false},"excerpt":{"rendered":"<p>La Fundaci\u00f3n es una de las salas de teatro m\u00e1s importantes de la capital andaluza. Se inaugur\u00f3 en 1999 y desde entonces han tenido lugar en su escenario una gran variedad de actuaciones. Predominan los autores y los dramaturgos espa\u00f1oles contempor\u00e1neos, pero tambi\u00e9n se desarrollan toda clase de artes visuales. Es la sede de ATAES\u00a0 [&hellip;]<\/p>\n","protected":false},"author":67,"featured_media":4924,"comment_status":"open","ping_status":"open","sticky":false,"template":"","format":"standard","meta":{"_acf_changed":false,"_monsterinsights_skip_tracking":false,"_monsterinsights_sitenote_active":false,"_monsterinsights_sitenote_note":"","_monsterinsights_sitenote_category":0,"footnotes":""},"categories":[169],"tags":[55,99,28,6,148,259,527],"class_list":["post-4731","post","type-post","status-publish","format-standard","has-post-thumbnail","hentry","category-cine-artes-audiovisuales","tag-andalucia","tag-cultura","tag-arte","tag-sevilla","tag-teatro","tag-turismo","tag-visual"],"blocksy_meta":[],"acf":[],"jetpack_featured_media_url":"https:\/\/www.upo.es\/patio-colorado\/wp-content\/uploads\/2022\/05\/Casadelamoneda008.jpg","_links":{"self":[{"href":"https:\/\/www.upo.es\/patio-colorado\/wp-json\/wp\/v2\/posts\/4731","targetHints":{"allow":["GET"]}}],"collection":[{"href":"https:\/\/www.upo.es\/patio-colorado\/wp-json\/wp\/v2\/posts"}],"about":[{"href":"https:\/\/www.upo.es\/patio-colorado\/wp-json\/wp\/v2\/types\/post"}],"author":[{"embeddable":true,"href":"https:\/\/www.upo.es\/patio-colorado\/wp-json\/wp\/v2\/users\/67"}],"replies":[{"embeddable":true,"href":"https:\/\/www.upo.es\/patio-colorado\/wp-json\/wp\/v2\/comments?post=4731"}],"version-history":[{"count":7,"href":"https:\/\/www.upo.es\/patio-colorado\/wp-json\/wp\/v2\/posts\/4731\/revisions"}],"predecessor-version":[{"id":5343,"href":"https:\/\/www.upo.es\/patio-colorado\/wp-json\/wp\/v2\/posts\/4731\/revisions\/5343"}],"wp:featuredmedia":[{"embeddable":true,"href":"https:\/\/www.upo.es\/patio-colorado\/wp-json\/wp\/v2\/media\/4924"}],"wp:attachment":[{"href":"https:\/\/www.upo.es\/patio-colorado\/wp-json\/wp\/v2\/media?parent=4731"}],"wp:term":[{"taxonomy":"category","embeddable":true,"href":"https:\/\/www.upo.es\/patio-colorado\/wp-json\/wp\/v2\/categories?post=4731"},{"taxonomy":"post_tag","embeddable":true,"href":"https:\/\/www.upo.es\/patio-colorado\/wp-json\/wp\/v2\/tags?post=4731"}],"curies":[{"name":"wp","href":"https:\/\/api.w.org\/{rel}","templated":true}]}}