{"id":4785,"date":"2022-05-23T14:45:13","date_gmt":"2022-05-23T14:45:13","guid":{"rendered":"https:\/\/www.upo.es\/patio-colorado\/?p=4785"},"modified":"2022-06-18T16:55:44","modified_gmt":"2022-06-18T16:55:44","slug":"el-panteon-de-agripa-granadino","status":"publish","type":"post","link":"https:\/\/www.upo.es\/patio-colorado\/2022\/05\/23\/el-panteon-de-agripa-granadino\/","title":{"rendered":"El Pante\u00f3n de Agripa granadino"},"content":{"rendered":"<p><span style=\"color: #000000;\">En el pueblo granadino de <strong>Montefr\u00edo<\/strong> se encuentra la<span style=\"color: #ff0000;\"><strong> Iglesia de la Encarnaci\u00f3n<\/strong><\/span>, templo que destaca por su <strong>enorme c\u00fapula<\/strong>, c\u00fapula que nos recuerda, curiosamente, al Pante\u00f3n de Agripa romano.\u00a0<\/span><\/p>\n<p><span style=\"color: #000000;\">Y es que la iglesia se construy\u00f3 en el siglo XVIII por el arquitecto gallego Lois de Monteagudo, disc\u00edpulo del madrile\u00f1o Ventura Rodr\u00edguez, quien realiz\u00f3 en la provincia importantes iglesias de corte neocl\u00e1sico dise\u00f1adas seg\u00fan los patrones de la Academia. Lois estudi\u00f3 en Roma, visit\u00f3 el Pante\u00f3n y qued\u00f3 tan impresionado que decidi\u00f3 copiar las trazas y plasmarlas en esta iglesia. Su estructura es reflejo no s\u00f3lo de los principios est\u00e9ticos del neoclasicismo, recuperando las estructuras cl\u00e1sicas, sino de los cambios de mentalidad dentro de una sociedad ilustrada y de los cambios producidos dentro de la liturgia religiosa.<\/span><\/p>\n<p><span style=\"color: #000000;\">Las iglesia est\u00e1 caracterizada por una ausencia de decoraci\u00f3n, fruto de las cr\u00edticas de los hombres ilustrados de la \u00e9poca a las pr\u00e1cticas religiosas, que eran pr\u00e1cticamente teatro y de los abusos del clero, as\u00ed como las cr\u00edticas al culto de los santos y las reliquias. Por eso, el monarca Carlos III, quer\u00eda hacer algo totalmente diferente a lo que se hab\u00eda hecho hasta ahora, algo m\u00e1s sobrio y depurado en decoraci\u00f3n, de estilo neocl\u00e1sico.<\/span><\/p>\n<p><span style=\"color: #000000;\">La fachada tiene forma rectangular y sobresale del cuerpo circular. En la parte superior aparece un front\u00f3n triangular sin decoraci\u00f3n. La puerta de entrada al templo es adintelada y sobre ella hay una placa conmemorativa en la que podemos leer el a\u00f1o de construcci\u00f3n, bajo el reinado de qu\u00e9 monarca se realiz\u00f3 y el arzobispo del momento, as\u00ed como de donde proced\u00edan los fondos. Sobre esta placa encontramos un arco semicircular. Todo este conjunto aparece enmarcado por un rect\u00e1ngulo haciendo que aparezcan unos espacios, las enjutas, decorados con unos sencillos tri\u00e1ngulos. El escudo real, o blas\u00f3n, aparece en la clave del arco y es el \u00fanico elemento decorativo que encontramos en la fachada.<\/span><\/p>\n<p style=\"text-align: center;\"><img loading=\"lazy\" decoding=\"async\" class=\"size-medium wp-image-4796 aligncenter\" src=\"https:\/\/www.upo.es\/patio-colorado\/wp-content\/uploads\/2022\/05\/1922200_719691728075358_435920423_n-264x300.jpeg\" alt=\"\" width=\"264\" height=\"300\" srcset=\"https:\/\/www.upo.es\/patio-colorado\/wp-content\/uploads\/2022\/05\/1922200_719691728075358_435920423_n-264x300.jpeg 264w, https:\/\/www.upo.es\/patio-colorado\/wp-content\/uploads\/2022\/05\/1922200_719691728075358_435920423_n-768x871.jpeg 768w, https:\/\/www.upo.es\/patio-colorado\/wp-content\/uploads\/2022\/05\/1922200_719691728075358_435920423_n.jpeg 846w\" sizes=\"auto, (max-width: 264px) 100vw, 264px\" \/><span style=\"color: #000000;\">C\u00fapula del Pante\u00f3n de Agripa. Recuperada de: <a href=\"https:\/\/www.lacamaradelarte.com\/2016\/04\/panteon-agripa.html\">https:\/\/www.lacamaradelarte.com\/2016\/04\/panteon-agripa.html<\/a>.<\/span><\/p>\n<p style=\"text-align: center;\"><img loading=\"lazy\" decoding=\"async\" class=\"size-medium wp-image-4798 aligncenter\" src=\"https:\/\/www.upo.es\/patio-colorado\/wp-content\/uploads\/2022\/05\/Cupula-1-300x225.jpeg\" alt=\"\" width=\"300\" height=\"225\" srcset=\"https:\/\/www.upo.es\/patio-colorado\/wp-content\/uploads\/2022\/05\/Cupula-1-300x225.jpeg 300w, https:\/\/www.upo.es\/patio-colorado\/wp-content\/uploads\/2022\/05\/Cupula-1.jpeg 600w\" sizes=\"auto, (max-width: 300px) 100vw, 300px\" \/><span style=\"color: #000000;\">C\u00fapula de la Iglesia de la Encarnaci\u00f3n. Recuperada de: <\/span><a href=\"https:\/\/granadapedia.wikanda.es\/wiki\/Iglesia_de_la_Encarnaci%C3%B3n_(Montefr%C3%ADo)\">https:\/\/granadapedia.wikanda.es\/wiki\/Iglesia_de_la_Encarnaci%C3%B3n_(Montefr%C3%ADo)<\/a><span style=\"color: #000000;\">.<\/span><\/p>\n","protected":false},"excerpt":{"rendered":"<p>En el pueblo granadino de Montefr\u00edo se encuentra la Iglesia de la Encarnaci\u00f3n, templo que destaca por su enorme c\u00fapula, c\u00fapula que nos recuerda, curiosamente, al Pante\u00f3n de Agripa romano.\u00a0 Y es que la iglesia se construy\u00f3 en el siglo XVIII por el arquitecto gallego Lois de Monteagudo, disc\u00edpulo del madrile\u00f1o Ventura Rodr\u00edguez, quien realiz\u00f3 [&hellip;]<\/p>\n","protected":false},"author":65,"featured_media":4799,"comment_status":"open","ping_status":"open","sticky":false,"template":"","format":"standard","meta":{"_acf_changed":false,"_monsterinsights_skip_tracking":false,"_monsterinsights_sitenote_active":false,"_monsterinsights_sitenote_note":"","_monsterinsights_sitenote_category":0,"footnotes":""},"categories":[305,166,170,44],"tags":[512,179,511,510,513],"class_list":["post-4785","post","type-post","status-publish","format-standard","has-post-thumbnail","hentry","category-granada","category-historia-arqueologia","category-monumentos-y-turismo","category-patrimonio","tag-cupula","tag-granada","tag-iglesiadelaencarnacion","tag-montefrio","tag-panteondeagripa"],"blocksy_meta":[],"acf":[],"jetpack_featured_media_url":"https:\/\/www.upo.es\/patio-colorado\/wp-content\/uploads\/2022\/05\/th_8e735c5fb9f20d17096a998987c257d7_iglesia-encarnacion-montefrio0.jpeg","_links":{"self":[{"href":"https:\/\/www.upo.es\/patio-colorado\/wp-json\/wp\/v2\/posts\/4785","targetHints":{"allow":["GET"]}}],"collection":[{"href":"https:\/\/www.upo.es\/patio-colorado\/wp-json\/wp\/v2\/posts"}],"about":[{"href":"https:\/\/www.upo.es\/patio-colorado\/wp-json\/wp\/v2\/types\/post"}],"author":[{"embeddable":true,"href":"https:\/\/www.upo.es\/patio-colorado\/wp-json\/wp\/v2\/users\/65"}],"replies":[{"embeddable":true,"href":"https:\/\/www.upo.es\/patio-colorado\/wp-json\/wp\/v2\/comments?post=4785"}],"version-history":[{"count":3,"href":"https:\/\/www.upo.es\/patio-colorado\/wp-json\/wp\/v2\/posts\/4785\/revisions"}],"predecessor-version":[{"id":5708,"href":"https:\/\/www.upo.es\/patio-colorado\/wp-json\/wp\/v2\/posts\/4785\/revisions\/5708"}],"wp:featuredmedia":[{"embeddable":true,"href":"https:\/\/www.upo.es\/patio-colorado\/wp-json\/wp\/v2\/media\/4799"}],"wp:attachment":[{"href":"https:\/\/www.upo.es\/patio-colorado\/wp-json\/wp\/v2\/media?parent=4785"}],"wp:term":[{"taxonomy":"category","embeddable":true,"href":"https:\/\/www.upo.es\/patio-colorado\/wp-json\/wp\/v2\/categories?post=4785"},{"taxonomy":"post_tag","embeddable":true,"href":"https:\/\/www.upo.es\/patio-colorado\/wp-json\/wp\/v2\/tags?post=4785"}],"curies":[{"name":"wp","href":"https:\/\/api.w.org\/{rel}","templated":true}]}}