{"id":4795,"date":"2022-05-23T17:40:47","date_gmt":"2022-05-23T17:40:47","guid":{"rendered":"https:\/\/www.upo.es\/patio-colorado\/?p=4795"},"modified":"2022-05-23T17:40:47","modified_gmt":"2022-05-23T17:40:47","slug":"la-fiebre-de-la-electronica-se-expande","status":"publish","type":"post","link":"https:\/\/www.upo.es\/patio-colorado\/2022\/05\/23\/la-fiebre-de-la-electronica-se-expande\/","title":{"rendered":"La fiebre de la electr\u00f3nica se expande"},"content":{"rendered":"<p>Dos a\u00f1os tras la pandemia y a\u00fan son visibles sus efectos, especialmente en una poblaci\u00f3n joven que ans\u00eda recuperar el tiempo perdido y volver a disfrutar de placeres inusitados a los que hubo de renunciar a causa de los distintos confinamientos. En este contexto, uno de los sectores que m\u00e1s se vio lastrado por la interrupci\u00f3n de su actividad fue el del ocio, puesto que muchos negocios se vieron en la obligaci\u00f3n de interrumpir indefinidamente su actividad ante la compleja situaci\u00f3n sanitaria.<\/p>\n<p>Aunque no se ha logrado estabilizar este contratiempo al completo, la normalidad poco a poco contin\u00faa instaur\u00e1ndose en el seno de la sociedad. Esta ha dado lugar al resurgimiento de este tipo de negocios, que, tras este largo periodo de inactividad, han podido ver la luz al final del t\u00fanel.<\/p>\n<p>Dentro del amplio espectro de este sector, encontramos distintos \u00e1mbitos como los negocios nocturnos, aunque los relativos al espect\u00e1culo, como los conciertos y los festivales son los que parecen haber logrado revertir la situaci\u00f3n con mayor \u00e9xito. La diversi\u00f3n parece estar de vuelta y estos \u00faltimos han pasado a ser la m\u00e1xima expresi\u00f3n de este retorno.<\/p>\n<p>De entre la innumerable multitud de eventos musicales, uno de los m\u00e1s conocidos de nuestro pa\u00eds es el famoso Dreambeach, que tiene lugar cada a\u00f1o en el mes de julio en la playa de Villaricos, pedan\u00eda de la localidad almeriense de Cuevas de Almanzora. Su cartel suele ser muy variado y re\u00fane a los principales referentes de la m\u00fasica electr\u00f3nica a nivel mundial (los conocidos DJs). Tal es su importancia, que muchos lo consideran como el festival de electr\u00f3nica m\u00e1s importante de Espa\u00f1a.<\/p>\n<p><img loading=\"lazy\" decoding=\"async\" class=\"aligncenter\" src=\"https:\/\/imagenes.elpais.com\/resizer\/MZx0l6OZCxB3a87pRmeX6TknoE4=\/1960x1470\/arc-anglerfish-eu-central-1-prod-prisa.s3.amazonaws.com\/public\/2QIKJPIET6YBH77LAWQYPY6BJE.jpg\" alt=\"Dreambeach Villaricos: \u201cAlmer\u00eda es el para\u00edso de la electr\u00f3nica\u201d | Miss  Festivales | EL PA\u00cdS\" width=\"243\" height=\"182\" \/><\/p>\n<p style=\"text-align: center\">Fuente: El Pa\u00eds<\/p>\n<p><img loading=\"lazy\" decoding=\"async\" class=\"aligncenter\" src=\"https:\/\/beatandmix.com\/wp-content\/uploads\/2022\/01\/Dreambeach-2022-1024x1024.jpg\" alt=\"Dreambeach 2022: Cartel, info y entradas | Beat&amp;Mix\" width=\"327\" height=\"327\" \/><\/p>\n<p style=\"text-align: center\">Fuente: Beat&amp;MIx<\/p>\n<p>Adem\u00e1s, destaca por ser un evento rompedor y din\u00e1mico que busca traspasar fronteras y atraer a visitantes de todos los pa\u00edses bajo la marca Dreambeach. A este respecto, se han organizado distintas experiencias piloto en nuevos pa\u00edses con idea de expandir el \u00e9xito del festival. Uno de los lugares que ha resultado m\u00e1s beneficiado por este cambio ha sido Chile.<\/p>\n<p><img loading=\"lazy\" decoding=\"async\" class=\"aligncenter\" src=\"https:\/\/wololosound.com\/wp-content\/uploads\/dreambeach_chile.jpg\" alt=\"Dreambeach cosecha el \u00e9xito en su primera edici\u00f3n en Chile\" width=\"242\" height=\"161\" \/><\/p>\n<p style=\"text-align: center\">Fuente: Wololo Sound<\/p>\n<p>Sin embargo, no hace falta que salgamos de nuestro pa\u00eds para comprobar el \u00e9xito que este tipo de m\u00fasica genera y que ha cautivado a millones de visitantes a nuestro pa\u00eds, y m\u00e1s concretamente, a Andaluc\u00eda. Prueba de ello es el nuevo escenario propuesto para este a\u00f1o 2022, en el que se ha previsto una doble edici\u00f3n del aclamado festival. A la ya conocida que tiene lugar en julio en Villaricos, se une una nueva experiencia piloto de un d\u00eda en agosto en el Puerto de Santa Mar\u00eda (C\u00e1diz). De nuevo, se ha elegido un territorio costero como lugar de celebraci\u00f3n y pese a las distintas candidaturas, Andaluc\u00eda ha vuelto a salir beneficiada y las dos ediciones de este a\u00f1o tendr\u00e1n lugar en esta comunidad.\u00a0 Sin duda, se trata asimismo de una h\u00e1bil estrategia que no solo busca oportunidades de expansi\u00f3n del negocio, sino tambi\u00e9n recuperar los posibles beneficios que se perdieron en estos dos a\u00f1os sin celebrarse en Espa\u00f1a a ra\u00edz de la pandemia.<\/p>\n<p><img loading=\"lazy\" decoding=\"async\" class=\"aligncenter\" src=\"https:\/\/fanmusicfest.b-cdn.net\/sites\/default\/files\/278078070_4834225060037104_375696103593454415_n.jpg\" alt=\"Dreambeach El Puerto 2022 | Cartel, entradas, horarios, abonos, viajes y  hoteles\" width=\"214\" height=\"268\" \/><\/p>\n<p style=\"text-align: center\">Fuente: FanMusicFest<\/p>\n<p>&nbsp;<\/p>\n<p><strong>Bibliograf\u00eda\u00a0<\/strong><\/p>\n<p>Dreambeach Festival. (2022). <i>Dreambeach afianza su marca en Chile gracias al \u00e9xito de su 2a edici\u00f3n, con 20.000 asistentes \u2013 Dreambeach Festival<\/i>. Dreambeach.es. Recuperado el 14 de mayo de 2022 de: https:\/\/www.dreambeach.es\/dreambeach-afianza-su-marca-en-chile-gracias-al-exito-de-su-2a-edicion-con-20-000-asistentes\/<\/p>\n<p>Dreambeach Festival (2022). Dreambeach.es. Recuperado el 14 de mayo de 2022 de: https:\/\/www.dreambeach.es\/<\/p>\n<p>La Voz De C\u00e1diz (2022). <i>Dreambeach de El Puerto 2022 ya tiene el cartel completo<\/i>. Recuperado el 14 de mayo de 2022 de: https:\/\/www.lavozdigital.es\/cultura\/musica\/lvdi-dreambeach-puerto-2022-tiene-cartel-completo-202204071200_noticia.html?ref=https%3A%2F%2Fwww.lavozdigital.es%2Fcultura%2Fmusica%2Flvdi-dreambeach-puerto-2022-tiene-cartel-completo-202204071200_noticia.html<\/p>\n<p>Wikipedia. (2022). <i>Dreambeach Villaricos<\/i>. Wikipedia, la enciclopedia libre. Recuperado el 14 de mayo de 2022 de: https:\/\/es.wikipedia.org\/wiki\/Dreambeach_Villaricos<\/p>\n","protected":false},"excerpt":{"rendered":"<p>Dos a\u00f1os tras la pandemia y a\u00fan son visibles sus efectos, especialmente en una poblaci\u00f3n joven que ans\u00eda recuperar el tiempo perdido y volver a disfrutar de placeres inusitados a los que hubo de renunciar a causa de los distintos confinamientos. En este contexto, uno de los sectores que m\u00e1s se vio lastrado por la [&hellip;]<\/p>\n","protected":false},"author":73,"featured_media":4811,"comment_status":"open","ping_status":"open","sticky":false,"template":"","format":"standard","meta":{"_acf_changed":false,"_monsterinsights_skip_tracking":false,"_monsterinsights_sitenote_active":false,"_monsterinsights_sitenote_note":"","_monsterinsights_sitenote_category":0,"footnotes":""},"categories":[302,12,186],"tags":[515,53,514,173],"class_list":["post-4795","post","type-post","status-publish","format-standard","has-post-thumbnail","hentry","category-cadiz","category-eventos","category-literatura-musica","tag-electronica","tag-musica","tag-verano","tag-juventud"],"blocksy_meta":[],"acf":[],"jetpack_featured_media_url":"https:\/\/www.upo.es\/patio-colorado\/wp-content\/uploads\/2022\/05\/ddd.jpg","_links":{"self":[{"href":"https:\/\/www.upo.es\/patio-colorado\/wp-json\/wp\/v2\/posts\/4795","targetHints":{"allow":["GET"]}}],"collection":[{"href":"https:\/\/www.upo.es\/patio-colorado\/wp-json\/wp\/v2\/posts"}],"about":[{"href":"https:\/\/www.upo.es\/patio-colorado\/wp-json\/wp\/v2\/types\/post"}],"author":[{"embeddable":true,"href":"https:\/\/www.upo.es\/patio-colorado\/wp-json\/wp\/v2\/users\/73"}],"replies":[{"embeddable":true,"href":"https:\/\/www.upo.es\/patio-colorado\/wp-json\/wp\/v2\/comments?post=4795"}],"version-history":[{"count":7,"href":"https:\/\/www.upo.es\/patio-colorado\/wp-json\/wp\/v2\/posts\/4795\/revisions"}],"predecessor-version":[{"id":4812,"href":"https:\/\/www.upo.es\/patio-colorado\/wp-json\/wp\/v2\/posts\/4795\/revisions\/4812"}],"wp:featuredmedia":[{"embeddable":true,"href":"https:\/\/www.upo.es\/patio-colorado\/wp-json\/wp\/v2\/media\/4811"}],"wp:attachment":[{"href":"https:\/\/www.upo.es\/patio-colorado\/wp-json\/wp\/v2\/media?parent=4795"}],"wp:term":[{"taxonomy":"category","embeddable":true,"href":"https:\/\/www.upo.es\/patio-colorado\/wp-json\/wp\/v2\/categories?post=4795"},{"taxonomy":"post_tag","embeddable":true,"href":"https:\/\/www.upo.es\/patio-colorado\/wp-json\/wp\/v2\/tags?post=4795"}],"curies":[{"name":"wp","href":"https:\/\/api.w.org\/{rel}","templated":true}]}}