{"id":4937,"date":"2022-05-24T22:47:36","date_gmt":"2022-05-24T22:47:36","guid":{"rendered":"https:\/\/www.upo.es\/patio-colorado\/?p=4937"},"modified":"2022-05-24T22:47:36","modified_gmt":"2022-05-24T22:47:36","slug":"el-museo-de-camaron-de-la-isla-en-san-fernando-cadiz","status":"publish","type":"post","link":"https:\/\/www.upo.es\/patio-colorado\/2022\/05\/24\/el-museo-de-camaron-de-la-isla-en-san-fernando-cadiz\/","title":{"rendered":"El museo de Camar\u00f3n de la Isla en San Fernando (C\u00e1diz)"},"content":{"rendered":"<p>El pr\u00f3ximo 2 de julio se celebrar\u00e1 el 30 aniversario de la muerte del cantaor de flamenco andaluz, Jos\u00e9 Monje Cruz, mundialmente conocido como <a href=\"https:\/\/www.youtube.com\/watch?v=1LO0ac6ynGs\"><em>Camar\u00f3n de la Isla<\/em><\/a> y justo en esa misma fecha, hace un a\u00f1o que se inaugur\u00f3 su propio museo en la localidad gaditana de San Fernando (C\u00e1diz), concretamente en el Centro de Interpretaci\u00f3n \u201cCamar\u00f3n de la Isla\u201d, un espacio donde homenajear al gran cantaor y poner as\u00ed en valor a su mayor representante tanto a nivel nacional como mundial.<\/p>\n<p>El centro tiene un dise\u00f1o moderno y atractivo para que los fieles seguidores del artista puedan acudir a rendir homenaje a su \u00eddolo y as\u00ed de paso poder convertir este espacio en un nuevo atractivo tur\u00edstico para el municipio. El museo ofrece un recorrido de la trayectoria del cantaor para ser vivido en primera persona y de forma emotiva. Para lograr esto, se han integrado elementos de proyecci\u00f3n tecnol\u00f3gicos para hacerlo m\u00e1s personal y funcional, combin\u00e1ndolo con fragmentos personales aportados por la familia del cantaor.<\/p>\n<p>El contenido hace un repaso a la vida del artista desde su ni\u00f1ez hasta sus \u00faltimos d\u00edas, repasando tanto su vida personal como la art\u00edstica. En \u00e9l encontramos m\u00e1s de cinco horas de contenido audiovisual sobre la figura del artista, conformando la mayor compilaci\u00f3n audiovisual del artista<\/p>\n<p><a href=\"https:\/\/leyendacamaron.com\/galeria\/\"><img loading=\"lazy\" decoding=\"async\" class=\"elementor-lightbox-image elementor-lightbox-prevent-close swiper-lazy swiper-lazy-loaded aligncenter\" src=\"https:\/\/leyendacamaron.com\/wp-content\/uploads\/2021\/11\/20211022_175548-scaled.jpg\" alt=\"20211022_175548\" width=\"752\" height=\"564\" data-title=\"20211022_175548\" \/><\/a><\/p>\n<p style=\"text-align: center\"><em>Discos de oro, premios y diversas vestimentas de Camar\u00f3n<\/em><\/p>\n<p>El espacio del museo se encuentra dividido en tres bloques tem\u00e1ticos que recorren cronol\u00f3gicamente la vida de Camar\u00f3n: El origen, la Leyenda y Revoluci\u00f3n. En la planta baja encontramos la recepci\u00f3n, una tienda y un espacio donde poder consultar tanto audiciones como bibliograf\u00edas entre otros. En este primer bloque se presenta lo relacionado con su infancia, sus aficiones como el toreo o sus influencias. En la planta baja tambi\u00e9n se encuentra un Mercedes 300D, que fue su veh\u00edculo en vida.<\/p>\n<p style=\"text-align: center\"><em><a href=\"https:\/\/leyendacamaron.com\/galeria\/\"><img loading=\"lazy\" decoding=\"async\" class=\"elementor-lightbox-image elementor-lightbox-prevent-close swiper-lazy swiper-lazy-loaded\" src=\"https:\/\/leyendacamaron.com\/wp-content\/uploads\/2021\/11\/IMG_20210806_222221-scaled.jpg\" alt=\"IMG_20210806_222221\" width=\"571\" height=\"428\" data-title=\"IMG_20210806_222221\" \/><\/a><\/em><\/p>\n<p style=\"text-align: center\"><em>Mercedes 300D de Camar\u00f3n<\/em><\/p>\n<p style=\"text-align: left\">En la primera planta se exponen las otras dos \u00e1reas: Leyenda y Revoluci\u00f3n. Es curioso porque en esta parte el recorrido simula un ambiente tridimensional, como si fuese una caja que te permite adentrarte en el interior del artista. La parte de Leyenda, concurre desde su marcha a Madrid hasta que graba uno de sus discos m\u00e1s emblem\u00e1ticos \u201c<em>La leyenda del tiempo\u201d<\/em>, aparece reflejada tambi\u00e9n su amistad con el guitarrista Paco de Luc\u00eda.<\/p>\n<p>La \u00faltima \u00e1rea, Revoluci\u00f3n, recoge todo lo que sigue a la grabaci\u00f3n de ese disco, que es cuando es reconocido mundialmente, cuando pasa de leyenda a mito. El museo cuenta tambi\u00e9n con una sala de usos m\u00faltiples donde hay una gran pantalla y se pueden hacer eventos, espect\u00e1culos o presentaciones. En la azotea del edificio, tambi\u00e9n se pueden acoger eventos.<\/p>\n<p><a href=\"https:\/\/leyendacamaron.com\/galeria\/\"><img loading=\"lazy\" decoding=\"async\" class=\"elementor-lightbox-image elementor-lightbox-prevent-close swiper-lazy swiper-lazy-loaded aligncenter\" src=\"https:\/\/leyendacamaron.com\/wp-content\/uploads\/2021\/11\/IMG_20210705_101044-scaled.jpg\" alt=\"IMG_20210705_101044\" width=\"803\" height=\"602\" data-title=\"IMG_20210705_101044\" \/><\/a><\/p>\n<p style=\"text-align: center\"><em>Sala de proyecciones<\/em><\/p>\n<p>Finalmente, la fachada del edificio, se ha convertido en un elemento sostenible que ayudar\u00e1 a aminorar la huella de carbono en San Fernando. El edificio ha sido construido en torno a la figura del mito, singular y rompedor, un digno homenaje a un artista que lo dio todo hasta el fin de sus d\u00edas y que se convirti\u00f3 en un referente del flamenco andaluz, y ahora tambi\u00e9n, pondr\u00e1 a San Fernando al frente del turismo flamenco.<\/p>\n<p>Como \u00faltima aportaci\u00f3n, he de decir que la visita al museo es gratuita, s\u00ed, gratuita, pero es necesario adquirir la entrada a trav\u00e9s de su p\u00e1gina web que os dejo en este <a href=\"https:\/\/leyendacamaron.com\/\">enlace<\/a>. Actualmente el horario de visita es de 11:30 a 19h de martes a s\u00e1bado, los domingos y festivos solo abren por la ma\u00f1ana de 10 a 13h.<\/p>\n<p>Fuentes Bibliogr\u00e1ficas:<\/p>\n<p>Diario de C\u00e1diz: <a href=\"https:\/\/www.diariodecadiz.es\/sanfernando\/que-ver-Museo-Camaron-San-Fernando_0_1681032772.html\">https:\/\/www.diariodecadiz.es\/sanfernando\/que-ver-Museo-Camaron-San-Fernando_0_1681032772.html<\/a><\/p>\n<p>Gu\u00eda de C\u00e1diz: <a href=\"https:\/\/www.guiadecadiz.com\/es\/turismo-cultural-detalle\/museo-camaron-de-la-isla#\">https:\/\/www.guiadecadiz.com\/es\/turismo-cultural-detalle\/museo-camaron-de-la-isla#<\/a><\/p>\n<p>Leyenda Camar\u00f3n: <a href=\"https:\/\/leyendacamaron.com\/galeria\">https:\/\/leyendacamaron.com\/galeria<\/a><\/p>\n","protected":false},"excerpt":{"rendered":"<p>El pr\u00f3ximo 2 de julio se celebrar\u00e1 el 30 aniversario de la muerte del cantaor de flamenco andaluz, Jos\u00e9 Monje Cruz, mundialmente conocido como Camar\u00f3n de la Isla y justo en esa misma fecha, hace un a\u00f1o que se inaugur\u00f3 su propio museo en la localidad gaditana de San Fernando (C\u00e1diz), concretamente en el Centro [&hellip;]<\/p>\n","protected":false},"author":80,"featured_media":4944,"comment_status":"open","ping_status":"open","sticky":false,"template":"","format":"standard","meta":{"_acf_changed":false,"_monsterinsights_skip_tracking":false,"_monsterinsights_sitenote_active":false,"_monsterinsights_sitenote_note":"","_monsterinsights_sitenote_category":0,"footnotes":""},"categories":[302],"tags":[128,531,89,178,64,259],"class_list":["post-4937","post","type-post","status-publish","format-standard","has-post-thumbnail","hentry","category-cadiz","tag-artistas","tag-camaron","tag-flamenco","tag-museo","tag-patrimonio","tag-turismo"],"blocksy_meta":[],"acf":[],"jetpack_featured_media_url":"https:\/\/www.upo.es\/patio-colorado\/wp-content\/uploads\/2022\/05\/IMG_20211022_175111-scaled-1.jpg","_links":{"self":[{"href":"https:\/\/www.upo.es\/patio-colorado\/wp-json\/wp\/v2\/posts\/4937","targetHints":{"allow":["GET"]}}],"collection":[{"href":"https:\/\/www.upo.es\/patio-colorado\/wp-json\/wp\/v2\/posts"}],"about":[{"href":"https:\/\/www.upo.es\/patio-colorado\/wp-json\/wp\/v2\/types\/post"}],"author":[{"embeddable":true,"href":"https:\/\/www.upo.es\/patio-colorado\/wp-json\/wp\/v2\/users\/80"}],"replies":[{"embeddable":true,"href":"https:\/\/www.upo.es\/patio-colorado\/wp-json\/wp\/v2\/comments?post=4937"}],"version-history":[{"count":19,"href":"https:\/\/www.upo.es\/patio-colorado\/wp-json\/wp\/v2\/posts\/4937\/revisions"}],"predecessor-version":[{"id":4965,"href":"https:\/\/www.upo.es\/patio-colorado\/wp-json\/wp\/v2\/posts\/4937\/revisions\/4965"}],"wp:featuredmedia":[{"embeddable":true,"href":"https:\/\/www.upo.es\/patio-colorado\/wp-json\/wp\/v2\/media\/4944"}],"wp:attachment":[{"href":"https:\/\/www.upo.es\/patio-colorado\/wp-json\/wp\/v2\/media?parent=4937"}],"wp:term":[{"taxonomy":"category","embeddable":true,"href":"https:\/\/www.upo.es\/patio-colorado\/wp-json\/wp\/v2\/categories?post=4937"},{"taxonomy":"post_tag","embeddable":true,"href":"https:\/\/www.upo.es\/patio-colorado\/wp-json\/wp\/v2\/tags?post=4937"}],"curies":[{"name":"wp","href":"https:\/\/api.w.org\/{rel}","templated":true}]}}