{"id":4966,"date":"2022-05-25T11:18:44","date_gmt":"2022-05-25T11:18:44","guid":{"rendered":"https:\/\/www.upo.es\/patio-colorado\/?p=4966"},"modified":"2022-06-18T16:53:11","modified_gmt":"2022-06-18T16:53:11","slug":"la-histeria-pandemica-cala-hondo-en-andalucia","status":"publish","type":"post","link":"https:\/\/www.upo.es\/patio-colorado\/2022\/05\/25\/la-histeria-pandemica-cala-hondo-en-andalucia\/","title":{"rendered":"La histeria pand\u00e9mica cala hondo en Andaluc\u00eda"},"content":{"rendered":"<p>El pasado fin de semana tuvo lugar en Sevilla la cuarta edici\u00f3n del festival de m\u00fasica indie Interstellar, consagrado a las figuras m\u00e1s representativas de este g\u00e9nero en el Centro Andaluz de Arte Contempor\u00e1neo (CAAC) de la isla de la Cartuja. Este inclu\u00eda, asimismo, la celebraci\u00f3n de distintos eventos, tales como talleres y exposiciones, dedicados a toda la familia.<\/p>\n<p><img loading=\"lazy\" decoding=\"async\" class=\"aligncenter\" src=\"https:\/\/offloadmedia.feverup.com\/sevillasecreta.co\/wp-content\/uploads\/2021\/06\/03063911\/shutterstock_1794705427-1-1024x683.jpg\" alt=\"El CAAC vuelve a llenarse de m\u00fasica este verano - Sevilla Secreta\" width=\"372\" height=\"248\" \/><\/p>\n<p style=\"text-align: center;\">Fuente: Sevilla Secreta<\/p>\n<p>&nbsp;<\/p>\n<p><img loading=\"lazy\" decoding=\"async\" class=\"aligncenter\" src=\"https:\/\/static1-sevilla.abc.es\/media\/cultura\/2022\/03\/09\/s\/cartel-interestelar-sevilla-U67525864826UQf-620x349@abc.JPG\" alt=\"Interestelar Sevilla 2022 anuncia nuevos artistas confirmados\" width=\"396\" height=\"223\" \/><\/p>\n<p style=\"text-align: center;\">Fuente: ABC de Sevilla<\/p>\n<p>Lo que en principio se ve\u00eda como una celebraci\u00f3n amena, divertida e inclusiva, acab\u00f3 por terminar en desastre. Adem\u00e1s, no se puede decir que la susceptibilidad generada a ra\u00edz de la pandemia haya ayudado a ello en demas\u00eda. M\u00e1s bien todo lo contrario.<\/p>\n<p>Hace escasos d\u00edas, adem\u00e1s de la ya conocida pandemia por el virus del COVID-19, se uni\u00f3 la aparici\u00f3n de la viruela del mono, end\u00e9mica de \u00c1frica, la cual se ha instalado ya en algunos pa\u00edses europeos, con Espa\u00f1a a la cabeza a nivel de contagios. No es de extra\u00f1ar, por tanto, la alarma generada cuando una proporci\u00f3n considerable de los asistentes al festival manifestaron haber contra\u00eddo importantes picaduras en brazos y piernas tras la asistencia a este evento.<\/p>\n<p><img loading=\"lazy\" decoding=\"async\" class=\"aligncenter\" src=\"https:\/\/www.sevillaactualidad.com\/wp-content\/uploads\/2022\/05\/picaduras-pulgas-interestelar-.jpg\" alt=\"Plaga de pulgas en Interestelar Sevilla: Los asistentes cre\u00edan que era viruela del Mono\" width=\"294\" height=\"166\" \/><\/p>\n<p style=\"text-align: center;\">Fuente: Sevilla Actualidad<\/p>\n<p>Muchos las asociaron al nuevo virus que se ha propagado por nuestro territorio, dadas las infecciones cut\u00e1neas que puede llegar a generar. Ante esta situaci\u00f3n, se produjeron oleadas de cr\u00edticas hacia la p\u00e9sima organizaci\u00f3n del festival y de las nefastas consecuencias en que hab\u00eda derivado tal gesti\u00f3n.<\/p>\n<p>Tras un an\u00e1lisis exhaustivo de la sintomatolog\u00eda mostrada y del efecto de las picaduras en la piel, los m\u00e9dicos terminaron por hacer un llamamiento a la calma y concluyeron que estas eran propias de las pulgas, de modo que lo acaecido en el festival, responde a una simple plaga. Mientras que algunos asistentes han reaccionado con humor ante tal contratiempo, muchos de los afectados han reaccionado en\u00e9rgicamente y han manifestado su intenci\u00f3n de transmitir una denuncia conjunta contra el festival y su organizaci\u00f3n.<\/p>\n<p>Sin embargo, por el momento, ha conseguido eludir cualquier tipo de sanci\u00f3n y prosigue la investigaci\u00f3n por parte de la Consejer\u00eda de Cultura, con objeto de esclarecer lo sucedido. La propia p\u00e1gina oficial del evento se ha encargado de quitar hierro al asunto y ha bloqueado muchas de las denuncias reflejadas en redes sociales. Por otro lado, la entidad investigadora de lo sucedido considera que la desinfecci\u00f3n del lugar destinado a la celebraci\u00f3n del evento correspond\u00eda a la empresa organizadora.<\/p>\n<p>Pese a ello, a\u00fan no hay una soluci\u00f3n efectiva sobre el asunto y contin\u00faa creciendo el n\u00famero de afectados, que pide responsabilidades, en aras de evitar que sucesos como este vuelvan a repetirse, as\u00ed como los perniciosos efectos derivados de la infecci\u00f3n. En cierto sentido, puede decirse que la gente ha podido extraer algo positivo de la pandemia, como es la toma de conciencia y la mayor preocupaci\u00f3n por la salud, pese al alarmismo que situaciones como esta puedan generar.<\/p>\n<p>&nbsp;<\/p>\n<p><strong>Bibliograf\u00eda\u00a0<\/strong><\/p>\n<p>Ben\u00edtez, M. (2022). <i>Plaga de pulgas en el festival Interestelar de Sevilla: \u00abPens\u00e9 que ten\u00eda el virus del mono\u00bb<\/i>. ABC desevilla. Recuperado el 23 de mayo de 2022 de: https:\/\/sevilla.abc.es\/sevilla\/sevi-plaga-pulgas-festival-interestelar-sevilla-pense-tenia-virus-mono-202205231202_noticia.html<\/p>\n<p>Clemente, \u00c1. (2022). <i>Una plaga de pulgas desata la alarma en el festival Interestelar de Sevilla ante posibles casos de la viruela<\/i>. Antena 3 Noticias. Recuperado el 23 de mayo de 2022 de: https:\/\/www.antena3.com\/noticias\/cultura\/quejas-asistentes-festival-interestelar-sevilla-plaga-pulgas_20220523628b6e1e657c6b0001045a83.html<\/p>\n<p><i>Interestelar Sevilla 2022 &#8211; Cartel, Entradas y Horarios<\/i>. (2022). Dod Magazine. Recuperado el 18 de mayo de 2022 de:\u00a0 https:\/\/www.dodmagazine.es\/festivales\/interestelar-sevilla\/<\/p>\n<p>R. Loeb, M. (2022). <i>Los asistentes al festival Interestelar en Sevilla denuncian una plaga de pulgas<\/i>. ELMUNDO. Recuperado el24 de mayo de 2022 de: https:\/\/www.elmundo.es\/andalucia\/sevilla\/2022\/05\/24\/628c840821efa0b47e8b459b.html<\/p>\n<p>S., R. (2022). <i>\u00bfUna plaga en el festival Interestelar de Sevilla?<\/i> Diario de Sevilla. Recuperado el 24 de mayo de 2022 de:\u00a0 https:\/\/www.diariodesevilla.es\/sevilla\/plaga-festival-Interestelar-Sevilla_0_1686132218.html<\/p>\n","protected":false},"excerpt":{"rendered":"<p>El pasado fin de semana tuvo lugar en Sevilla la cuarta edici\u00f3n del festival de m\u00fasica indie Interstellar, consagrado a las figuras m\u00e1s representativas de este g\u00e9nero en el Centro Andaluz de Arte Contempor\u00e1neo (CAAC) de la isla de la Cartuja. Este inclu\u00eda, asimismo, la celebraci\u00f3n de distintos eventos, tales como talleres y exposiciones, dedicados [&hellip;]<\/p>\n","protected":false},"author":73,"featured_media":4986,"comment_status":"open","ping_status":"open","sticky":false,"template":"","format":"standard","meta":{"_acf_changed":false,"_monsterinsights_skip_tracking":false,"_monsterinsights_sitenote_active":false,"_monsterinsights_sitenote_note":"","_monsterinsights_sitenote_category":0,"footnotes":""},"categories":[45,46,186,171,301],"tags":[535,534,537,536,6],"class_list":["post-4966","post","type-post","status-publish","format-standard","has-post-thumbnail","hentry","category-boletin-colorao","category-en-la-prensa","category-literatura-musica","category-opinion","category-sevilla","tag-festivales","tag-pandemia","tag-pulgas","tag-virusdelmono","tag-sevilla"],"blocksy_meta":[],"acf":[],"jetpack_featured_media_url":"https:\/\/www.upo.es\/patio-colorado\/wp-content\/uploads\/2022\/05\/pandemia.jpg","_links":{"self":[{"href":"https:\/\/www.upo.es\/patio-colorado\/wp-json\/wp\/v2\/posts\/4966","targetHints":{"allow":["GET"]}}],"collection":[{"href":"https:\/\/www.upo.es\/patio-colorado\/wp-json\/wp\/v2\/posts"}],"about":[{"href":"https:\/\/www.upo.es\/patio-colorado\/wp-json\/wp\/v2\/types\/post"}],"author":[{"embeddable":true,"href":"https:\/\/www.upo.es\/patio-colorado\/wp-json\/wp\/v2\/users\/73"}],"replies":[{"embeddable":true,"href":"https:\/\/www.upo.es\/patio-colorado\/wp-json\/wp\/v2\/comments?post=4966"}],"version-history":[{"count":5,"href":"https:\/\/www.upo.es\/patio-colorado\/wp-json\/wp\/v2\/posts\/4966\/revisions"}],"predecessor-version":[{"id":5705,"href":"https:\/\/www.upo.es\/patio-colorado\/wp-json\/wp\/v2\/posts\/4966\/revisions\/5705"}],"wp:featuredmedia":[{"embeddable":true,"href":"https:\/\/www.upo.es\/patio-colorado\/wp-json\/wp\/v2\/media\/4986"}],"wp:attachment":[{"href":"https:\/\/www.upo.es\/patio-colorado\/wp-json\/wp\/v2\/media?parent=4966"}],"wp:term":[{"taxonomy":"category","embeddable":true,"href":"https:\/\/www.upo.es\/patio-colorado\/wp-json\/wp\/v2\/categories?post=4966"},{"taxonomy":"post_tag","embeddable":true,"href":"https:\/\/www.upo.es\/patio-colorado\/wp-json\/wp\/v2\/tags?post=4966"}],"curies":[{"name":"wp","href":"https:\/\/api.w.org\/{rel}","templated":true}]}}