{"id":4967,"date":"2022-05-25T09:37:10","date_gmt":"2022-05-25T09:37:10","guid":{"rendered":"https:\/\/www.upo.es\/patio-colorado\/?p=4967"},"modified":"2022-05-25T10:04:42","modified_gmt":"2022-05-25T10:04:42","slug":"influenciados-microcuento","status":"publish","type":"post","link":"https:\/\/www.upo.es\/patio-colorado\/2022\/05\/25\/influenciados-microcuento\/","title":{"rendered":"\u00a1Influenciados! (Microcuento)"},"content":{"rendered":"<p>A\u00f1o 2075, hace a\u00f1os que las reservas de colt\u00e1n de \u00c1frica se agotaron, y ello ha derivado que los fabricantes de m\u00f3viles y tablets hayan reducido dr\u00e1sticamente su producci\u00f3n, hasta el punto de que varias empresas como la famosa Apple o Huawei hayan tenido que cerrar sus f\u00e1bricas al quedarse sin materia prima para poder atender a las altas demandas. Como consecuencia, muchas empresas han tenido que poner en ERE a la mayor\u00eda de los trabajadores. Los pocos celulares y tablets que quedan, solo se pueden encontrar en el mercado negro a un precio desorbitado por el qu\u00edntuple de su valor.<\/p>\n<p>Los m\u00e1s afectados por esta \u00absequ\u00eda\u00bb han sido los denominados <em>influencers<\/em>, que ocupan actualmente el mayor porcentaje del sector laboral (alrededor de un 52%), profesiones como m\u00e9dico, profesor, bombero o mamporrero ya no son las m\u00e1s demandadas, ya que ahora son los influencers los que tienen el control de pr\u00e1cticamente todo lo que rodea a la sociedad y son ellos quienes crean las leyes en el Parlamento, te dicen qu\u00e9 debes estudiar y qu\u00e9 no, c\u00f3mo debes vestirte, qu\u00e9 debes comer o hasta d\u00f3nde te tienes que ir de vacaciones. Ya no existen partidos pol\u00edticos sino influencers con un gran n\u00famero de seguidores que son votados mediante un concurso de popularidad en el que por tu voto, puedes ganar una nevera de playa muy mona y poco \u00fatil.<\/p>\n<p>Ahora, estos influencers han visto perforado su m\u00e9todo de trabajo ya que se est\u00e1n quedando sin medios para hacer <a href=\"https:\/\/es.wikipedia.org\/wiki\/Streaming\">streaming<\/a> y producir contenido. Los influencers m\u00e1s demandados y con mayor n\u00famero de seguidores, ante la avalancha de solicitudes por parte de sus fans de que suban contenido a las redes, se han tenido que ir a Trinidad y Tobago, declarado como para\u00edso fiscal, porque actualmente no tienen ingresos y han decidido retirarse del negocio.<\/p>\n<p>La otra cara son los influencer que cuentan con menos de 100.000 seguidores, los cuales se han visto obligados a volver a sus antiguos empleos y a estudiar cursos de Formaci\u00f3n Profesional ya que tienen, actualmente, m\u00e1s salida laboral que un grado universitario. Los influencers dedicados al deporte han tenido un poco m\u00e1s de suerte ya que la empresa de transporte <em>Glovo,<\/em> ha creado una plataforma de empleo dedicado para aquellos a los que le gusta el ciclismo, optando a un puesto de repartidor.<\/p>\n<p>Tras esta fuga de \u00abtalentos\u00bb, los seguidores se han echado a la calle manifest\u00e1ndose ante el poco contenido que ofrecen los influencers que quedan. Muchos de ellos se quejan de que han estado el mes de agosto sin poner el aire acondicionado para poder pagar la tarifa premium de Instagram y Youtube y su \u00eddolo ni siquiera ha subido una foto en la playa.<\/p>\n<p>As\u00ed pues, no sabemos c\u00f3mo acabar\u00e1 esto, lo que s\u00ed es seguro es que si te ha gustado este microcuento, suscr\u00edbete, dale a like, deja un comentario en la descripci\u00f3n, dale a la campanita para que te lleguen todas la notificaciones y come mucho aguacate.<\/p>\n","protected":false},"excerpt":{"rendered":"<p>A\u00f1o 2075, hace a\u00f1os que las reservas de colt\u00e1n de \u00c1frica se agotaron, y ello ha derivado que los fabricantes de m\u00f3viles y tablets hayan reducido dr\u00e1sticamente su producci\u00f3n, hasta el punto de que varias empresas como la famosa Apple o Huawei hayan tenido que cerrar sus f\u00e1bricas al quedarse sin materia prima para poder [&hellip;]<\/p>\n","protected":false},"author":80,"featured_media":4968,"comment_status":"open","ping_status":"open","sticky":false,"template":"","format":"standard","meta":{"_acf_changed":false,"_monsterinsights_skip_tracking":false,"_monsterinsights_sitenote_active":false,"_monsterinsights_sitenote_note":"","_monsterinsights_sitenote_category":0,"footnotes":""},"categories":[403],"tags":[533,532,102,6],"class_list":["post-4967","post","type-post","status-publish","format-standard","has-post-thumbnail","hentry","category-historias-y-mucho-mas","tag-influencers","tag-microcuento","tag-literatura","tag-sevilla"],"blocksy_meta":[],"acf":[],"jetpack_featured_media_url":"https:\/\/www.upo.es\/patio-colorado\/wp-content\/uploads\/2022\/05\/conoce-las-redes-que-estan-siendo-mas-usadas-durante-la-pandemia-por-covid-19-01-202005291015111511.jpg","_links":{"self":[{"href":"https:\/\/www.upo.es\/patio-colorado\/wp-json\/wp\/v2\/posts\/4967","targetHints":{"allow":["GET"]}}],"collection":[{"href":"https:\/\/www.upo.es\/patio-colorado\/wp-json\/wp\/v2\/posts"}],"about":[{"href":"https:\/\/www.upo.es\/patio-colorado\/wp-json\/wp\/v2\/types\/post"}],"author":[{"embeddable":true,"href":"https:\/\/www.upo.es\/patio-colorado\/wp-json\/wp\/v2\/users\/80"}],"replies":[{"embeddable":true,"href":"https:\/\/www.upo.es\/patio-colorado\/wp-json\/wp\/v2\/comments?post=4967"}],"version-history":[{"count":8,"href":"https:\/\/www.upo.es\/patio-colorado\/wp-json\/wp\/v2\/posts\/4967\/revisions"}],"predecessor-version":[{"id":4976,"href":"https:\/\/www.upo.es\/patio-colorado\/wp-json\/wp\/v2\/posts\/4967\/revisions\/4976"}],"wp:featuredmedia":[{"embeddable":true,"href":"https:\/\/www.upo.es\/patio-colorado\/wp-json\/wp\/v2\/media\/4968"}],"wp:attachment":[{"href":"https:\/\/www.upo.es\/patio-colorado\/wp-json\/wp\/v2\/media?parent=4967"}],"wp:term":[{"taxonomy":"category","embeddable":true,"href":"https:\/\/www.upo.es\/patio-colorado\/wp-json\/wp\/v2\/categories?post=4967"},{"taxonomy":"post_tag","embeddable":true,"href":"https:\/\/www.upo.es\/patio-colorado\/wp-json\/wp\/v2\/tags?post=4967"}],"curies":[{"name":"wp","href":"https:\/\/api.w.org\/{rel}","templated":true}]}}