{"id":4979,"date":"2022-05-25T11:37:52","date_gmt":"2022-05-25T11:37:52","guid":{"rendered":"https:\/\/www.upo.es\/patio-colorado\/?p=4979"},"modified":"2022-06-18T16:52:41","modified_gmt":"2022-06-18T16:52:41","slug":"manolo-brenes-orgullo-del-gremio-flamenco","status":"publish","type":"post","link":"https:\/\/www.upo.es\/patio-colorado\/2022\/05\/25\/manolo-brenes-orgullo-del-gremio-flamenco\/","title":{"rendered":"Manolo Brenes, orgullo del gremio flamenco"},"content":{"rendered":"<p>El 8 de enero del pasado 2021 fallec\u00eda el cantaor y guitarrista Manuel Delgado Lara, m\u00e1s conocido como Manolo Brenes, apodo art\u00edstico que recibi\u00f3 por haber nacido en esta localidad sevillana, pero tambi\u00e9n por su madre, la cantaora conocida como La Ni\u00f1a de Brenes<strong>.\u00a0<\/strong>Nacido en 1928, su padre fue el guitarrista Jos\u00e9 Carmona. Debido a la trayectoria de sus progenitores, se inici\u00f3 siendo un ni\u00f1o en las labores del cante, y posteriormente fue incorpor\u00e1ndose al mundo de la guitarra y los toques. \u00a0Como cantaor public\u00f3 su primer disco acompa\u00f1ado de la guitarra del Ni\u00f1o Ricardo.<\/p>\n<figure id=\"attachment_4983\" aria-describedby=\"caption-attachment-4983\" style=\"width: 200px\" class=\"wp-caption aligncenter\"><img loading=\"lazy\" decoding=\"async\" class=\"wp-image-4983 size-full\" src=\"https:\/\/www.upo.es\/patio-colorado\/wp-content\/uploads\/2022\/05\/004662.jpeg\" alt=\"\" width=\"200\" height=\"255\" \/><figcaption id=\"caption-attachment-4983\" class=\"wp-caption-text\">Manolo Brenes<\/figcaption><\/figure>\n<p>En sus inicios comenz\u00f3 tocando por la zona de la Alameda de Hercules y en El Guajiro. Fue la guitarra que acompa\u00f1\u00f3 al cantaor Jos\u00e9 Menese en los discos <em class=\"mce\">Cantes para el hombre nuevo<\/em>\u00a0(1971),<em class=\"mce\">\u00a0Los que pisan la tierra<\/em>\u00a0(1974),\u00a0<em class=\"mce\">La palabra<\/em>\u00a0(1976),\u00a0<em class=\"mce\">Andaluc\u00eda, 40 a\u00f1os<\/em> (1978), y, especialmente, en el <em class=\"mce\">Olympia<\/em> de Par\u00eds (1974), evento que impulsar\u00eda la carrera de Brenes pues su guitarra en el directo tuvo el protagonismo exclusivo. Manolo tambi\u00e9n acompa\u00f1\u00f3 a Menese en la realizaci\u00f3n de un single con motivo de la edici\u00f3n de lujo del libro del poeta Rafael Alberti, muy vinculado siempre al pueblo de Brenes, <em class=\"mce\">Nunca fui a Granada<\/em> (1975), en el que se inclu\u00eda poemas y litograf\u00edas. Brenes toc\u00f3 por sole\u00e1 para el cante de Menese sobre el poema hom\u00f3nimo.<\/p>\n<figure id=\"attachment_4985\" aria-describedby=\"caption-attachment-4985\" style=\"width: 667px\" class=\"wp-caption aligncenter\"><img loading=\"lazy\" decoding=\"async\" class=\"wp-image-4985 size-full\" src=\"https:\/\/www.upo.es\/patio-colorado\/wp-content\/uploads\/2022\/05\/Brenes-Menese-Alberti-Cachas-Moreno_1536156818_130289898_667x375-1.jpeg\" alt=\"\" width=\"667\" height=\"375\" srcset=\"https:\/\/www.upo.es\/patio-colorado\/wp-content\/uploads\/2022\/05\/Brenes-Menese-Alberti-Cachas-Moreno_1536156818_130289898_667x375-1.jpeg 667w, https:\/\/www.upo.es\/patio-colorado\/wp-content\/uploads\/2022\/05\/Brenes-Menese-Alberti-Cachas-Moreno_1536156818_130289898_667x375-1-300x169.jpeg 300w\" sizes=\"auto, (max-width: 667px) 100vw, 667px\" \/><figcaption id=\"caption-attachment-4985\" class=\"wp-caption-text\">Brenes acompa\u00f1ando a Meneses en presencia de Alberti, El Cachas y Moreno Galv\u00e1n, imagen incluida en el disco &#8217;21 cantes&#8217;. \/ Foto por: JOS\u00c9 LAMARCA<\/figcaption><\/figure>\n<p>Durante esta misma \u00e9poca grabar\u00eda tambi\u00e9n para otros cantaores moriscos como Diego Clavel\u00a0(<em class=\"mce\">Cantes vividos<\/em>, 1973,\u00a0<em class=\"mce\">La ra\u00edz del grito<\/em>, 1974), o Miguel Vargas (<em class=\"mce\">Cantes<\/em>, 1974). Tambi\u00e9n acompa\u00f1ar\u00eda en giras al Beni de C\u00e1diz (<em class=\"mce\">Cantes<\/em>, 1973) y El Chocolate. Nunca pensando en una carrera en solitario, secundar\u00eda a grandes figuras del cante en directo como a la Ni\u00f1a de los Peines, Pepe Pinto o\u00a0Antonio Mairena, recorriendo los festivales de toda la comunidad andaluza. Durante 5 a\u00f1os vivi\u00f3 en Caracas, Venezuela.<\/p>\n<p>Era muy querido en todo el gremio flamenco, y siempre contaba con un elenco al cual acompa\u00f1aba en recitales internacionales y nacionales incondicionalmente. Signific\u00f3 tanto para el mundo de la guitarra flamenca que en Sevilla en el a\u00f1o 2011 recibi\u00f3 un emotivo homenaje de parte de todos sus compa\u00f1eros. En 2021, Manolo Brenes contaba con la avanzada edad de 92 a\u00f1os. Nos dej\u00f3 un rico patrimonio inmaterial recogido a lo larga de su amplia carrera y su paso por el cante y el toque. Para Brenes es todo un orgullo contar con una figura tan grande como lo fue el maestro Brenes, y en su honor se ha llamado con su nombre al Centro C\u00edvico del pueblo, donde adem\u00e1s se imparten clases de guitarra para todas las edades.<\/p>\n<p>A continuaci\u00f3n, os dejamos algunos videos de sus actuaciones m\u00e1s recordadas y momentos memorables, y os\u00a0 invitamos a escuchar m\u00e1s de \u00e9l y adentraros en su m\u00fasica.<\/p>\n<ul>\n<li>Manolo Brenes a la guitarra con el cantaor Chocolate:<\/li>\n<\/ul>\n<div style=\"width: 1280px;\" class=\"wp-video\"><video class=\"wp-video-shortcode\" id=\"video-4979-1\" width=\"1280\" height=\"720\" preload=\"metadata\" controls=\"controls\"><source type=\"video\/mp4\" src=\"https:\/\/www.upo.es\/patio-colorado\/wp-content\/uploads\/2022\/05\/277466460_1594419560935626_4193235252081701522_n.mp4?_=1\" \/><a href=\"https:\/\/www.upo.es\/patio-colorado\/wp-content\/uploads\/2022\/05\/277466460_1594419560935626_4193235252081701522_n.mp4\">https:\/\/www.upo.es\/patio-colorado\/wp-content\/uploads\/2022\/05\/277466460_1594419560935626_4193235252081701522_n.mp4<\/a><\/video><\/div>\n<ul>\n<li>Manolo Brenes acompa\u00f1ando al Beni de C\u00e1diz:<\/li>\n<\/ul>\n<div style=\"width: 422px;\" class=\"wp-video\"><video class=\"wp-video-shortcode\" id=\"video-4979-2\" width=\"422\" height=\"360\" preload=\"metadata\" controls=\"controls\"><source type=\"video\/mp4\" src=\"https:\/\/www.upo.es\/patio-colorado\/wp-content\/uploads\/2022\/05\/Beni-de-Ca\u0301diz-_-Manolo-Brenes-y-manolete-1947.mp4?_=2\" \/><a href=\"https:\/\/www.upo.es\/patio-colorado\/wp-content\/uploads\/2022\/05\/Beni-de-Ca\u0301diz-_-Manolo-Brenes-y-manolete-1947.mp4\">https:\/\/www.upo.es\/patio-colorado\/wp-content\/uploads\/2022\/05\/Beni-de-Ca\u0301diz-_-Manolo-Brenes-y-manolete-1947.mp4<\/a><\/video><\/div>\n<ul>\n<li>Manolo Brenes y Jos\u00e9 Menese en el Olympia de Par\u00eds, 1974:<\/li>\n<\/ul>\n<div style=\"width: 1280px;\" class=\"wp-video\"><video class=\"wp-video-shortcode\" id=\"video-4979-3\" width=\"1280\" height=\"720\" preload=\"metadata\" controls=\"controls\"><source type=\"video\/mp4\" src=\"https:\/\/www.upo.es\/patio-colorado\/wp-content\/uploads\/2022\/05\/Jose\u0301-Menese-con-Manolo-Brenes-en-el-Olympia-de-Pari\u0301s-en-1974-Mirabra\u0301s-Fuimos-tirando.mp4?_=3\" \/><a href=\"https:\/\/www.upo.es\/patio-colorado\/wp-content\/uploads\/2022\/05\/Jose\u0301-Menese-con-Manolo-Brenes-en-el-Olympia-de-Pari\u0301s-en-1974-Mirabra\u0301s-Fuimos-tirando.mp4\">https:\/\/www.upo.es\/patio-colorado\/wp-content\/uploads\/2022\/05\/Jose\u0301-Menese-con-Manolo-Brenes-en-el-Olympia-de-Pari\u0301s-en-1974-Mirabra\u0301s-Fuimos-tirando.mp4<\/a><\/video><\/div>\n","protected":false},"excerpt":{"rendered":"<p>El 8 de enero del pasado 2021 fallec\u00eda el cantaor y guitarrista Manuel Delgado Lara, m\u00e1s conocido como Manolo Brenes, apodo art\u00edstico que recibi\u00f3 por haber nacido en esta localidad sevillana, pero tambi\u00e9n por su madre, la cantaora conocida como La Ni\u00f1a de Brenes.\u00a0Nacido en 1928, su padre fue el guitarrista Jos\u00e9 Carmona. Debido a [&hellip;]<\/p>\n","protected":false},"author":75,"featured_media":4981,"comment_status":"open","ping_status":"open","sticky":false,"template":"","format":"standard","meta":{"_acf_changed":false,"_monsterinsights_skip_tracking":false,"_monsterinsights_sitenote_active":false,"_monsterinsights_sitenote_note":"","_monsterinsights_sitenote_category":0,"footnotes":""},"categories":[169,12,186,23,309,301],"tags":[],"class_list":["post-4979","post","type-post","status-publish","format-standard","has-post-thumbnail","hentry","category-cine-artes-audiovisuales","category-eventos","category-literatura-musica","category-patrimonio-vivo","category-provincias","category-sevilla"],"blocksy_meta":[],"acf":[],"jetpack_featured_media_url":"https:\/\/www.upo.es\/patio-colorado\/wp-content\/uploads\/2022\/05\/Brenes-Menese-Alberti-Cachas-Moreno_1536156818_130289898_667x375.jpeg","_links":{"self":[{"href":"https:\/\/www.upo.es\/patio-colorado\/wp-json\/wp\/v2\/posts\/4979","targetHints":{"allow":["GET"]}}],"collection":[{"href":"https:\/\/www.upo.es\/patio-colorado\/wp-json\/wp\/v2\/posts"}],"about":[{"href":"https:\/\/www.upo.es\/patio-colorado\/wp-json\/wp\/v2\/types\/post"}],"author":[{"embeddable":true,"href":"https:\/\/www.upo.es\/patio-colorado\/wp-json\/wp\/v2\/users\/75"}],"replies":[{"embeddable":true,"href":"https:\/\/www.upo.es\/patio-colorado\/wp-json\/wp\/v2\/comments?post=4979"}],"version-history":[{"count":3,"href":"https:\/\/www.upo.es\/patio-colorado\/wp-json\/wp\/v2\/posts\/4979\/revisions"}],"predecessor-version":[{"id":5003,"href":"https:\/\/www.upo.es\/patio-colorado\/wp-json\/wp\/v2\/posts\/4979\/revisions\/5003"}],"wp:featuredmedia":[{"embeddable":true,"href":"https:\/\/www.upo.es\/patio-colorado\/wp-json\/wp\/v2\/media\/4981"}],"wp:attachment":[{"href":"https:\/\/www.upo.es\/patio-colorado\/wp-json\/wp\/v2\/media?parent=4979"}],"wp:term":[{"taxonomy":"category","embeddable":true,"href":"https:\/\/www.upo.es\/patio-colorado\/wp-json\/wp\/v2\/categories?post=4979"},{"taxonomy":"post_tag","embeddable":true,"href":"https:\/\/www.upo.es\/patio-colorado\/wp-json\/wp\/v2\/tags?post=4979"}],"curies":[{"name":"wp","href":"https:\/\/api.w.org\/{rel}","templated":true}]}}