{"id":4990,"date":"2022-05-25T17:27:09","date_gmt":"2022-05-25T17:27:09","guid":{"rendered":"https:\/\/www.upo.es\/patio-colorado\/?p=4990"},"modified":"2022-05-25T17:27:09","modified_gmt":"2022-05-25T17:27:09","slug":"cuando-la-bonanza-le-es-esquiva-a-andalucia","status":"publish","type":"post","link":"https:\/\/www.upo.es\/patio-colorado\/2022\/05\/25\/cuando-la-bonanza-le-es-esquiva-a-andalucia\/","title":{"rendered":"Cuando la bonanza le es esquiva a Andaluc\u00eda"},"content":{"rendered":"<p>Hace unos d\u00edas, el Instituto Nacional de Estad\u00edstica dio a conocer la lista de municipios espa\u00f1oles m\u00e1s ricos y con mayor tasa de empleabilidad del pa\u00eds. Para ello, se redactaron una serie de informes que realizaron exhaustivos an\u00e1lisis socioecon\u00f3micos de los distintos territorios, y que quedaron resumidos en gr\u00e1ficas y cuyos datos revelaron unos datos escalofriantes para nuestra comunidad.<\/p>\n<p>Tanto en materia de empleo como de riqueza, Andaluc\u00eda se ve tremendamente perjudicada en comparaci\u00f3n con otras comunidades aut\u00f3nomas. Solo Canarias parece que se acerca en cierto modo a los umbrales andaluces, aunque los n\u00fameros no enga\u00f1an y hablan por s\u00ed solos.<\/p>\n<p style=\"text-align: center\"><img loading=\"lazy\" decoding=\"async\" class=\"alignnone  wp-image-5034\" src=\"https:\/\/www.upo.es\/patio-colorado\/wp-content\/uploads\/2022\/05\/sssssssssssssssssssssssssss-300x197.jpg\" alt=\"\" width=\"429\" height=\"282\" srcset=\"https:\/\/www.upo.es\/patio-colorado\/wp-content\/uploads\/2022\/05\/sssssssssssssssssssssssssss-300x197.jpg 300w, https:\/\/www.upo.es\/patio-colorado\/wp-content\/uploads\/2022\/05\/sssssssssssssssssssssssssss.jpg 623w\" sizes=\"auto, (max-width: 429px) 100vw, 429px\" \/><\/p>\n<p>En lo que respecta a la tasa de paro, once de los quince municipios con menor empleabilidad son andaluces y copan las posiciones m\u00e1s altas dentro de este selecto grupo. Si nos remitimos a la cuesti\u00f3n de la renta, no hallamos sorpresas al encontrar nuevamente a localidades andaluzas ocupando los puestos m\u00e1s elevados en t\u00e9rminos de pobreza y menor renta media anual en comparaci\u00f3n con las restantes comunidades aut\u00f3nomas del pa\u00eds. Algunos ejemplos de municipios afectados por tales cifras son Linares (Ja\u00e9n), La L\u00ednea de la Concepci\u00f3n (C\u00e1diz), V\u00edcar (Almer\u00eda) o los Palacios y Villafranca (Sevilla). En este sentido, vemos c\u00f3mo la comunidad aut\u00f3noma m\u00e1s poblada de Espa\u00f1a es la que m\u00e1s ha sufrido los estragos de una econom\u00eda que ha seguido la tendencia expansiva de los \u00faltimos siglos. Este hecho ha supuesto que las principales actividades econ\u00f3micas se concentren en la periferia y el centro peninsulares.<\/p>\n<p><img loading=\"lazy\" decoding=\"async\" class=\"aligncenter\" src=\"https:\/\/d500.epimg.net\/cincodias\/imagenes\/2022\/05\/23\/economia\/1653306575_471073_1653322380_noticia_normal.jpg\" alt=\"Paro municipios\" width=\"585\" height=\"369\" \/><\/p>\n<p style=\"text-align: center\">Fuente: INE<\/p>\n<p>Siguiendo con esta l\u00ednea y en contraposici\u00f3n a la decadente situaci\u00f3n econ\u00f3mica del sur peninsular, las zonas de mayor renta y con menor tasa de paro las hallamos en el centro peninsular, m\u00e1s concretamente en el \u00e1rea metropolitana de Madrid, en Catalu\u00f1a y en algunas zonas del Pa\u00eds Vasco, cuyos \u00edndices distan por completo de los relativos al territorio andaluz. En este caso, podemos apreciar c\u00f3mo de nuevo la riqueza se concentra en determinados polos y se produce un reparto desigual de los recursos nacionales entre las distintas comunidades.<\/p>\n<p>Este hecho puede tener su origen en distintas circunstancias, pero habitualmente reside en intereses econ\u00f3micos y pol\u00edticos que fomentan la inversi\u00f3n en determinadas zonas. Esto supone un atractivo y un reclamo para muchos sectores de poblaci\u00f3n, que abandonan sus lugares de origen en busca de un futuro y perpet\u00faan ese ciclo de desigualdad econ\u00f3mica entre las distintas regiones. Por ello, no es de extra\u00f1ar que, pese a que Andaluc\u00eda es la comunidad aut\u00f3noma m\u00e1s poblada de Espa\u00f1a, las zonas con mayor renta y empleabilidad son las que poseen una mayor concentraci\u00f3n y densidad de poblaci\u00f3n. Con ello, la inversi\u00f3n realizada no es en vano, pero se descuidan otras \u00e1reas del pa\u00eds, dando lugar a otros fen\u00f3menos nefastos adem\u00e1s de los econ\u00f3micos, tales como los demogr\u00e1ficos, como causante de la despoblaci\u00f3n de determinadas regiones peninsulares.<\/p>\n<p>&nbsp;<\/p>\n<p><strong>Bibliograf\u00eda\u00a0<\/strong><\/p>\n<p>As.com. (2022). <i>Los municipios m\u00e1s ricos y m\u00e1s pobres de Espa\u00f1a<\/i>. Recuperado el 23 de mayo de 2022 de:\u00a0 https:\/\/as.com\/diarioas\/2022\/05\/23\/actualidad\/1653318992_997613.html<\/p>\n<p>Delle Femmine, L.; y Clemente, Y. (2022). <i>Nadie desbanca a Pozuelo: repite como el municipio con la renta m\u00e1s alta de Espa\u00f1a<\/i>. El Pa\u00ed\u00ads. Recuperado el 23 de mayo de 2022 de: https:\/\/elpais.com\/economia\/2022-05-23\/madrid-y-barcelona-concentran-los-barrios-y-municipios-con-mayor-renta-por-habitante.html<\/p>\n<p>INE &#8211; Instituto Nacional de Estad\u00edstica. (2022). <i>INE. Instituto Nacional de Estad\u00edstica<\/i>. Instituto Nacional de Estad\u00edstica (INE). Recuperado el 23 de mayo de 2022 de: https:\/\/www.ine.es\/<\/p>\n<p>L\u00f3pez, D. (2022). <i>Estas son las ciudades con m\u00e1s y menos parados de Espa\u00f1a<\/i>. Cinco D\u00edas. Recuperado el 23 de mayo de 2022 de:\u00a0 https:\/\/cincodias.elpais.com\/cincodias\/2022\/05\/23\/economia\/1653306575_471073.html<\/p>\n<p>&nbsp;<\/p>\n","protected":false},"excerpt":{"rendered":"<p>Hace unos d\u00edas, el Instituto Nacional de Estad\u00edstica dio a conocer la lista de municipios espa\u00f1oles m\u00e1s ricos y con mayor tasa de empleabilidad del pa\u00eds. Para ello, se redactaron una serie de informes que realizaron exhaustivos an\u00e1lisis socioecon\u00f3micos de los distintos territorios, y que quedaron resumidos en gr\u00e1ficas y cuyos datos revelaron unos datos [&hellip;]<\/p>\n","protected":false},"author":73,"featured_media":5036,"comment_status":"open","ping_status":"open","sticky":false,"template":"","format":"standard","meta":{"_acf_changed":false,"_monsterinsights_skip_tracking":false,"_monsterinsights_sitenote_active":false,"_monsterinsights_sitenote_note":"","_monsterinsights_sitenote_category":0,"footnotes":""},"categories":[45,46,171,309],"tags":[55,541,538,540,539],"class_list":["post-4990","post","type-post","status-publish","format-standard","has-post-thumbnail","hentry","category-boletin-colorao","category-en-la-prensa","category-opinion","category-provincias","tag-andalucia","tag-desigualdad","tag-economia","tag-paro","tag-pobreza"],"blocksy_meta":[],"acf":[],"jetpack_featured_media_url":"https:\/\/www.upo.es\/patio-colorado\/wp-content\/uploads\/2022\/05\/djddjdjdjdispsjiscji.jpg","_links":{"self":[{"href":"https:\/\/www.upo.es\/patio-colorado\/wp-json\/wp\/v2\/posts\/4990","targetHints":{"allow":["GET"]}}],"collection":[{"href":"https:\/\/www.upo.es\/patio-colorado\/wp-json\/wp\/v2\/posts"}],"about":[{"href":"https:\/\/www.upo.es\/patio-colorado\/wp-json\/wp\/v2\/types\/post"}],"author":[{"embeddable":true,"href":"https:\/\/www.upo.es\/patio-colorado\/wp-json\/wp\/v2\/users\/73"}],"replies":[{"embeddable":true,"href":"https:\/\/www.upo.es\/patio-colorado\/wp-json\/wp\/v2\/comments?post=4990"}],"version-history":[{"count":3,"href":"https:\/\/www.upo.es\/patio-colorado\/wp-json\/wp\/v2\/posts\/4990\/revisions"}],"predecessor-version":[{"id":5037,"href":"https:\/\/www.upo.es\/patio-colorado\/wp-json\/wp\/v2\/posts\/4990\/revisions\/5037"}],"wp:featuredmedia":[{"embeddable":true,"href":"https:\/\/www.upo.es\/patio-colorado\/wp-json\/wp\/v2\/media\/5036"}],"wp:attachment":[{"href":"https:\/\/www.upo.es\/patio-colorado\/wp-json\/wp\/v2\/media?parent=4990"}],"wp:term":[{"taxonomy":"category","embeddable":true,"href":"https:\/\/www.upo.es\/patio-colorado\/wp-json\/wp\/v2\/categories?post=4990"},{"taxonomy":"post_tag","embeddable":true,"href":"https:\/\/www.upo.es\/patio-colorado\/wp-json\/wp\/v2\/tags?post=4990"}],"curies":[{"name":"wp","href":"https:\/\/api.w.org\/{rel}","templated":true}]}}