{"id":5005,"date":"2022-05-25T12:47:47","date_gmt":"2022-05-25T12:47:47","guid":{"rendered":"https:\/\/www.upo.es\/patio-colorado\/?p=5005"},"modified":"2022-06-18T16:52:09","modified_gmt":"2022-06-18T16:52:09","slug":"paco-montalvo-alma-del-violin-flamenco","status":"publish","type":"post","link":"https:\/\/www.upo.es\/patio-colorado\/2022\/05\/25\/paco-montalvo-alma-del-violin-flamenco\/","title":{"rendered":"Paco Montalvo, alma del viol\u00edn flamenco"},"content":{"rendered":"<p>Cuando se piensa en el flamenco, se piensa en Andaluc\u00eda. Se piensa en la guitarra, en el cante, en las bailaoras y los bailaores.\u00a0 Se piensa en las palmas, y las casta\u00f1uelas. Se piensa en el quej\u00edo&#8230; \u00bfpero se piensa en un viol\u00edn?<\/p>\n<p>Francisco Jos\u00e9 Montalvo, m\u00e1s conocido como Paco Montalvo, naci\u00f3 en C\u00f3rdoba un 19 de noviembre de 1992.\u00a0 Lo que nadie imaginaba es que ese joven chico llegar\u00eda no solo a ser uno de los m\u00fasicos cl\u00e1sicos espa\u00f1oles y flamencos m\u00e1s importantes de la d\u00e9cada, sino que adem\u00e1s ser\u00eda el <strong>violinista m\u00e1s joven del siglo XXI que ha debutado en la sala principal del Carnegie Hall de Nueva York. <\/strong><\/p>\n<figure id=\"attachment_5007\" aria-describedby=\"caption-attachment-5007\" style=\"width: 1024px\" class=\"wp-caption aligncenter\"><img loading=\"lazy\" decoding=\"async\" class=\"wp-image-5007 size-large\" src=\"https:\/\/www.upo.es\/patio-colorado\/wp-content\/uploads\/2022\/05\/image-1024x522.jpeg\" alt=\"\" width=\"1024\" height=\"522\" srcset=\"https:\/\/www.upo.es\/patio-colorado\/wp-content\/uploads\/2022\/05\/image-1024x522.jpeg 1024w, https:\/\/www.upo.es\/patio-colorado\/wp-content\/uploads\/2022\/05\/image-300x153.jpeg 300w, https:\/\/www.upo.es\/patio-colorado\/wp-content\/uploads\/2022\/05\/image-768x392.jpeg 768w, https:\/\/www.upo.es\/patio-colorado\/wp-content\/uploads\/2022\/05\/image-1536x783.jpeg 1536w, https:\/\/www.upo.es\/patio-colorado\/wp-content\/uploads\/2022\/05\/image.jpeg 1920w\" sizes=\"auto, (max-width: 1024px) 100vw, 1024px\" \/><figcaption id=\"caption-attachment-5007\" class=\"wp-caption-text\">Una caracter\u00edstica de los conciertos de Paco Montalvo es que nunca faltan verdaderos espect\u00e1culos de baile al son de su viol\u00edn flamenco.<\/figcaption><\/figure>\n<p><sup id=\"cite_ref-1\" class=\"reference separada\"><\/sup>\u200bYa desde peque\u00f1o, Montalvo present\u00f3 un especial inter\u00e9s por la m\u00fasica gracias al ambiente que le rodeaba en casa, y su primer contacto con un instrumento fue con el viol\u00edn a una edad muy temprana. Su padre ser\u00eda pues su primer profesor, y posteriormete, ya con 5 a\u00f1os, Paco recibi\u00f3 clases de mano del maestro Nestor Eidler, solista de viol\u00edn, director de orquesta y pedagogo, adem\u00e1s de pupilo del violinista sovi\u00e9tico David Oistrach.\u00a0 Ser\u00eda con apenas 6 a\u00f1os\u00a0 cuando ofreciese su primer recital, pero con 12 a\u00f1os debut\u00f3 con la Orquesta Sinf\u00f3nica de Radio Televisi\u00f3n Espa\u00f1ola en Madrid, y este evento ser\u00eda realmente lo que le har\u00eda poner su nombre en el punto de mira debido a su talento y corta edad. Esto le llevar\u00eda a ampliar su formaci\u00f3n en prestigiosas universidades de m\u00fasica, tales como el Conservatorio Tchaikovsky de Mosc\u00fa, las Universidad Mozarteum de Salzburgo, la Universidad de Charlotte en Carolina del Norte, la Escuela Superior de M\u00fasica Reina Sof\u00eda de Madrid, la Fundaci\u00f3n Barenboim-Said y el aclamado Meadowmount School of Music de Nueva York.<\/p>\n<p>En marzo de 2014 ya fue nombrado como uno de los 4 mejores violinistas del mundo en el siglo XXI.<\/p>\n<figure id=\"attachment_5009\" aria-describedby=\"caption-attachment-5009\" style=\"width: 300px\" class=\"wp-caption aligncenter\"><img loading=\"lazy\" decoding=\"async\" class=\"wp-image-5009 size-medium\" src=\"https:\/\/www.upo.es\/patio-colorado\/wp-content\/uploads\/2022\/05\/0d4b5885-6b14-4849-84d6-9b983d5c8c7b_16-9-aspect-ratio_75p_0-300x169.jpeg\" alt=\"\" width=\"300\" height=\"169\" srcset=\"https:\/\/www.upo.es\/patio-colorado\/wp-content\/uploads\/2022\/05\/0d4b5885-6b14-4849-84d6-9b983d5c8c7b_16-9-aspect-ratio_75p_0-300x169.jpeg 300w, https:\/\/www.upo.es\/patio-colorado\/wp-content\/uploads\/2022\/05\/0d4b5885-6b14-4849-84d6-9b983d5c8c7b_16-9-aspect-ratio_75p_0.jpeg 660w\" sizes=\"auto, (max-width: 300px) 100vw, 300px\" \/><figcaption id=\"caption-attachment-5009\" class=\"wp-caption-text\">Paco Montalvo con 13 a\u00f1os, cuando tocaba para la Orquesta de C\u00f3rdoba como solista.<\/figcaption><\/figure>\n<p>Tras ganar tanto reconocimiento y debutar con la Orquesta Sinf\u00f3nica de Radio Televisi\u00f3n espa\u00f1ola a los 12 a\u00f1os, comenzar\u00eda a dar conciertos de solista, acompa\u00f1ando a orquestas sinf\u00f3nicas internacionales y recorriendo el mundo. Ha llegado a participar en recitales de Asia, Am\u00e9rica, \u00c1frica, y por toda Europa.\u00a0 A los 17 a\u00f1os dio un magistral concierto en Tel-Aviv junto a la Orquesta Sinf\u00f3nica de Israel que le abrir\u00eda las puertas a algo casi inalcanzable para cualquiera: recibi\u00f3 invitaci\u00f3n para actuar en la sala principal del teatro neoyorquino Carnegie Hall, convirti\u00e9ndose en el violinista m\u00e1s joven del siglo XXI en lograrlo.\u00a0 A los 21 a\u00f1os ya hab\u00eda actuado en m\u00e1s de 30 pa\u00edses.<\/p>\n<p><img loading=\"lazy\" decoding=\"async\" class=\"aligncenter wp-image-5011 size-large\" src=\"https:\/\/www.upo.es\/patio-colorado\/wp-content\/uploads\/2022\/05\/8836f1d3-554e-428d-afc8-320a5ab9b91a_16-9-discover-aspect-ratio_default_0-1024x576.jpeg\" alt=\"\" width=\"1024\" height=\"576\" srcset=\"https:\/\/www.upo.es\/patio-colorado\/wp-content\/uploads\/2022\/05\/8836f1d3-554e-428d-afc8-320a5ab9b91a_16-9-discover-aspect-ratio_default_0-1024x576.jpeg 1024w, https:\/\/www.upo.es\/patio-colorado\/wp-content\/uploads\/2022\/05\/8836f1d3-554e-428d-afc8-320a5ab9b91a_16-9-discover-aspect-ratio_default_0-300x169.jpeg 300w, https:\/\/www.upo.es\/patio-colorado\/wp-content\/uploads\/2022\/05\/8836f1d3-554e-428d-afc8-320a5ab9b91a_16-9-discover-aspect-ratio_default_0-768x432.jpeg 768w, https:\/\/www.upo.es\/patio-colorado\/wp-content\/uploads\/2022\/05\/8836f1d3-554e-428d-afc8-320a5ab9b91a_16-9-discover-aspect-ratio_default_0.jpeg 1200w\" sizes=\"auto, (max-width: 1024px) 100vw, 1024px\" \/><\/p>\n<p>Sin embargo, se alejar\u00eda de las piezas de viol\u00edn tradicionales para innovar y hacerse un hueco en el flamenco de su tierra natal, convirti\u00e9ndose en creador y m\u00e1ximo representante a nivel mundial del viol\u00edn flamenco. En el a\u00f1o 2014, Paco Montalvo presenta\u00a0 su primer disco \u00abAlma del viol\u00edn flamenco\u00bb, dando m\u00e1s de 84 conciertos antes de finamente debutar con su nuevo estilo en la Catedral del Cante flamenco. Por primera vez en la historia del Festival Internacional del Cante de las Minas de la Uni\u00f3n, no era una guitarra, un piano o unas casta\u00f1uelas el instrumento que se hac\u00eda protagonista y voz principal del flamenco, sino un viol\u00edn, gracias a la innovaci\u00f3n de Montalvo. \u200bHa colaborado con artistas como Estrella Morente,\u00a0India Mart\u00ednez y Argentina,\u00a0entre otros.<\/p>\n<p><img loading=\"lazy\" decoding=\"async\" class=\"aligncenter size-large wp-image-5012\" src=\"https:\/\/www.upo.es\/patio-colorado\/wp-content\/uploads\/2022\/05\/maxresdefault-1024x576.jpeg\" alt=\"\" width=\"1024\" height=\"576\" srcset=\"https:\/\/www.upo.es\/patio-colorado\/wp-content\/uploads\/2022\/05\/maxresdefault-1024x576.jpeg 1024w, https:\/\/www.upo.es\/patio-colorado\/wp-content\/uploads\/2022\/05\/maxresdefault-300x169.jpeg 300w, https:\/\/www.upo.es\/patio-colorado\/wp-content\/uploads\/2022\/05\/maxresdefault-768x432.jpeg 768w, https:\/\/www.upo.es\/patio-colorado\/wp-content\/uploads\/2022\/05\/maxresdefault.jpeg 1280w\" sizes=\"auto, (max-width: 1024px) 100vw, 1024px\" \/><\/p>\n<p>Paco Montalvo dar\u00e1 un concierto en Sevilla el S\u00e1bado 11 de Junio de 2022 a las 21:30h en el Auditorio Roc\u00edo Jurado, las entradas ya est\u00e1n a la venta. A continuaci\u00f3n dejamos varios v\u00eddeos de sus interpretaciones a viol\u00edn m\u00e1s sonadas, para que pod\u00e1is ver adem\u00e1s sus espectaculares puestas en escena y pasi\u00f3n puesta en cada pieza:<\/p>\n<ul>\n<li>Entre dos Aguas (Paco de Luc\u00eda) &#8211; Paco Montalvo al viol\u00edn<\/li>\n<\/ul>\n<div style=\"width: 1280px;\" class=\"wp-video\"><video class=\"wp-video-shortcode\" id=\"video-5005-1\" width=\"1280\" height=\"720\" preload=\"metadata\" controls=\"controls\"><source type=\"video\/mp4\" src=\"https:\/\/www.upo.es\/patio-colorado\/wp-content\/uploads\/2022\/05\/X2Download.com-Paco-Montalvo-Entre-dos-Aguas-Paco-de-Luci\u0301a.mp4?_=1\" \/><a href=\"https:\/\/www.upo.es\/patio-colorado\/wp-content\/uploads\/2022\/05\/X2Download.com-Paco-Montalvo-Entre-dos-Aguas-Paco-de-Luci\u0301a.mp4\">https:\/\/www.upo.es\/patio-colorado\/wp-content\/uploads\/2022\/05\/X2Download.com-Paco-Montalvo-Entre-dos-Aguas-Paco-de-Luci\u0301a.mp4<\/a><\/video><\/div>\n<p>&nbsp;<\/p>\n<ul>\n<li>El Vito Cordob\u00e9s &#8211; Paco Montalvo<div style=\"width: 1280px;\" class=\"wp-video\"><video class=\"wp-video-shortcode\" id=\"video-5005-2\" width=\"1280\" height=\"720\" preload=\"metadata\" controls=\"controls\"><source type=\"video\/mp4\" src=\"https:\/\/www.upo.es\/patio-colorado\/wp-content\/uploads\/2022\/05\/X2Download.com-Paco-Montalvo-El-Vito-Cordobe\u0301s.mp4?_=2\" \/><a href=\"https:\/\/www.upo.es\/patio-colorado\/wp-content\/uploads\/2022\/05\/X2Download.com-Paco-Montalvo-El-Vito-Cordobe\u0301s.mp4\">https:\/\/www.upo.es\/patio-colorado\/wp-content\/uploads\/2022\/05\/X2Download.com-Paco-Montalvo-El-Vito-Cordobe\u0301s.mp4<\/a><\/video><\/div><\/li>\n<li>Concierto en directo con acompa\u00f1amiento flamenco<\/li>\n<\/ul>\n<div style=\"width: 1280px;\" class=\"wp-video\"><video class=\"wp-video-shortcode\" id=\"video-5005-3\" width=\"1280\" height=\"720\" preload=\"metadata\" controls=\"controls\"><source type=\"video\/mp4\" src=\"https:\/\/www.upo.es\/patio-colorado\/wp-content\/uploads\/2022\/05\/X2Download.com-Paco-Montalvo-Live-Concert-with-Flamenco-Dance.mp4?_=3\" \/><a href=\"https:\/\/www.upo.es\/patio-colorado\/wp-content\/uploads\/2022\/05\/X2Download.com-Paco-Montalvo-Live-Concert-with-Flamenco-Dance.mp4\">https:\/\/www.upo.es\/patio-colorado\/wp-content\/uploads\/2022\/05\/X2Download.com-Paco-Montalvo-Live-Concert-with-Flamenco-Dance.mp4<\/a><\/video><\/div>\n","protected":false},"excerpt":{"rendered":"<p>Cuando se piensa en el flamenco, se piensa en Andaluc\u00eda. Se piensa en la guitarra, en el cante, en las bailaoras y los bailaores.\u00a0 Se piensa en las palmas, y las casta\u00f1uelas. Se piensa en el quej\u00edo&#8230; \u00bfpero se piensa en un viol\u00edn? Francisco Jos\u00e9 Montalvo, m\u00e1s conocido como Paco Montalvo, naci\u00f3 en C\u00f3rdoba un [&hellip;]<\/p>\n","protected":false},"author":75,"featured_media":5006,"comment_status":"open","ping_status":"open","sticky":false,"template":"","format":"standard","meta":{"_acf_changed":false,"_monsterinsights_skip_tracking":false,"_monsterinsights_sitenote_active":false,"_monsterinsights_sitenote_note":"","_monsterinsights_sitenote_category":0,"footnotes":""},"categories":[169,304,12,186,23,136,301],"tags":[],"class_list":["post-5005","post","type-post","status-publish","format-standard","has-post-thumbnail","hentry","category-cine-artes-audiovisuales","category-cordoba","category-eventos","category-literatura-musica","category-patrimonio-vivo","category-reportajes","category-sevilla"],"blocksy_meta":[],"acf":[],"jetpack_featured_media_url":"https:\/\/www.upo.es\/patio-colorado\/wp-content\/uploads\/2022\/05\/violinista-flamenco-cordobes-Paco-Montalvo_1519958464_128167923_667x375.jpeg","_links":{"self":[{"href":"https:\/\/www.upo.es\/patio-colorado\/wp-json\/wp\/v2\/posts\/5005","targetHints":{"allow":["GET"]}}],"collection":[{"href":"https:\/\/www.upo.es\/patio-colorado\/wp-json\/wp\/v2\/posts"}],"about":[{"href":"https:\/\/www.upo.es\/patio-colorado\/wp-json\/wp\/v2\/types\/post"}],"author":[{"embeddable":true,"href":"https:\/\/www.upo.es\/patio-colorado\/wp-json\/wp\/v2\/users\/75"}],"replies":[{"embeddable":true,"href":"https:\/\/www.upo.es\/patio-colorado\/wp-json\/wp\/v2\/comments?post=5005"}],"version-history":[{"count":3,"href":"https:\/\/www.upo.es\/patio-colorado\/wp-json\/wp\/v2\/posts\/5005\/revisions"}],"predecessor-version":[{"id":5704,"href":"https:\/\/www.upo.es\/patio-colorado\/wp-json\/wp\/v2\/posts\/5005\/revisions\/5704"}],"wp:featuredmedia":[{"embeddable":true,"href":"https:\/\/www.upo.es\/patio-colorado\/wp-json\/wp\/v2\/media\/5006"}],"wp:attachment":[{"href":"https:\/\/www.upo.es\/patio-colorado\/wp-json\/wp\/v2\/media?parent=5005"}],"wp:term":[{"taxonomy":"category","embeddable":true,"href":"https:\/\/www.upo.es\/patio-colorado\/wp-json\/wp\/v2\/categories?post=5005"},{"taxonomy":"post_tag","embeddable":true,"href":"https:\/\/www.upo.es\/patio-colorado\/wp-json\/wp\/v2\/tags?post=5005"}],"curies":[{"name":"wp","href":"https:\/\/api.w.org\/{rel}","templated":true}]}}