{"id":5017,"date":"2022-05-25T16:30:22","date_gmt":"2022-05-25T16:30:22","guid":{"rendered":"https:\/\/www.upo.es\/patio-colorado\/?p=5017"},"modified":"2022-05-25T16:50:46","modified_gmt":"2022-05-25T16:50:46","slug":"conoce-el-poblado-de-alfonso-xiii","status":"publish","type":"post","link":"https:\/\/www.upo.es\/patio-colorado\/2022\/05\/25\/conoce-el-poblado-de-alfonso-xiii\/","title":{"rendered":"Conoce el Poblado de Alfonso XIII (Isla Mayor)"},"content":{"rendered":"<p>El poblado Alfonso XIII es una pedan\u00eda perteneciente al municipio de Isla Mayor y est\u00e1 situada en la parte norte del n\u00facleo principal de Isla Mayor. El poblado comienza a habitarse a principios del siglo XX debido principalmente al cultivo de arroz. Se form\u00f3 gracias a los continuos arrastres de los materiales del r\u00edo Guadalquivir ya que se encuentra cerca de su desembocadura. Estos materiales fueron formando una isla fangosa al mismo tiempo que se iba formando la marisma. Por este motivo, su n\u00facleo urbano se encuentra rodeado por un gran n\u00famero de canales y de zonas reservadas al cultivo del arroz.<\/p>\n<p>En los a\u00f1os 20, con la dictadura de Primo de Rivera, y con la atracci\u00f3n de capital extranjero, en este poblado entraron compa\u00f1\u00edas extranjeras (principalmente inglesas) que se instalan e impulsan el cultivo del arrozal. Gracias a esos ingresos de capital extranjero, se logra modernizar el pa\u00eds y se crean avances para los ferrocarriles, las minas o el mismo arroz. La poblaci\u00f3n dispersa de la Isla se va concentrando en el poblado de Alfonso XIII. Hay que decir que en un primer momento, la poblaci\u00f3n era estacional, solo coincid\u00eda con la campa\u00f1a arrocera pero, posteriormente, s\u00ed se establecer\u00edan en dicho territorio.<\/p>\n<p>Toda la isla se llena de arroz y las compa\u00f1\u00edas instalan a sus trabajadores en un poblado al que denominaron <em>Colinas<\/em>. Tras la guerra civil, la din\u00e1mica, cambia. Ahora se trata de un cultivo de inter\u00e9s nacional porque este era un alimento de primera necesidad para la poblaci\u00f3n en ese momento.\u00a0 A partir de los a\u00f1os 40 empezaron a acudir emigrantes de otras zonas de Andaluc\u00eda, de Extremadura y del Levante para vivir de la agricultura. La siguiente actividad econ\u00f3mica principal surgi\u00f3 a partir de 1974, con la pesca del cangrejo rojo de r\u00edo. En 1994 Isla Mayor se separ\u00f3 administrativamente de la Puebla del R\u00edo.<\/p>\n<p style=\"text-align: center\"><img loading=\"lazy\" decoding=\"async\" class=\"wp-image-5022 aligncenter\" src=\"https:\/\/www.upo.es\/patio-colorado\/wp-content\/uploads\/2022\/05\/30387970425_7c1a70cc42_c-300x225.jpg\" alt=\"\" width=\"451\" height=\"338\" srcset=\"https:\/\/www.upo.es\/patio-colorado\/wp-content\/uploads\/2022\/05\/30387970425_7c1a70cc42_c-300x225.jpg 300w, https:\/\/www.upo.es\/patio-colorado\/wp-content\/uploads\/2022\/05\/30387970425_7c1a70cc42_c-768x576.jpg 768w, https:\/\/www.upo.es\/patio-colorado\/wp-content\/uploads\/2022\/05\/30387970425_7c1a70cc42_c.jpg 800w\" sizes=\"auto, (max-width: 451px) 100vw, 451px\" \/> <em>Ayuntamiento de Poblado Alfonso XIII<\/em><\/p>\n<p>El poblado tiene unos 500 habitantes y se encuentra a unos 40 kil\u00f3metros de Sevilla. Tiene la t\u00edpica morfolog\u00eda de un poblado colonizado, con unas calles de trazado regular. Entre sus monumentos m\u00e1s importantes destacan el Ayuntamiento y su plaza.\u00a0 Cuenta con un bar y dos supermercados para los m\u00e1s golosos, pero no esperen mucho m\u00e1s para saciar sus necesidades. Ni siquiera hay cajeros autom\u00e1ticos. Pero a\u00fan as\u00ed es un lugar muy acogedor para ir a visitar en una tarde y poder divisar los arrozales y las marismas de Do\u00f1ana.<\/p>\n<p>Fuentes bibliogr\u00e1ficas:<\/p>\n<p><a href=\"https:\/\/es-academic.com\/dic.nsf\/eswiki\/941947\">https:\/\/es-academic.com\/dic.nsf\/eswiki\/941947<\/a><\/p>\n","protected":false},"excerpt":{"rendered":"<p>El poblado Alfonso XIII es una pedan\u00eda perteneciente al municipio de Isla Mayor y est\u00e1 situada en la parte norte del n\u00facleo principal de Isla Mayor. El poblado comienza a habitarse a principios del siglo XX debido principalmente al cultivo de arroz. Se form\u00f3 gracias a los continuos arrastres de los materiales del r\u00edo Guadalquivir [&hellip;]<\/p>\n","protected":false},"author":80,"featured_media":5023,"comment_status":"open","ping_status":"open","sticky":false,"template":"","format":"standard","meta":{"_acf_changed":false,"_monsterinsights_skip_tracking":false,"_monsterinsights_sitenote_active":false,"_monsterinsights_sitenote_note":"","_monsterinsights_sitenote_category":0,"footnotes":""},"categories":[166],"tags":[64,544,197],"class_list":["post-5017","post","type-post","status-publish","format-standard","has-post-thumbnail","hentry","category-historia-arqueologia","tag-patrimonio","tag-pobladoalfonsoxiii","tag-curiosidades"],"blocksy_meta":[],"acf":[],"jetpack_featured_media_url":"https:\/\/www.upo.es\/patio-colorado\/wp-content\/uploads\/2022\/05\/30388081565_0b800f0558_c.jpg","_links":{"self":[{"href":"https:\/\/www.upo.es\/patio-colorado\/wp-json\/wp\/v2\/posts\/5017","targetHints":{"allow":["GET"]}}],"collection":[{"href":"https:\/\/www.upo.es\/patio-colorado\/wp-json\/wp\/v2\/posts"}],"about":[{"href":"https:\/\/www.upo.es\/patio-colorado\/wp-json\/wp\/v2\/types\/post"}],"author":[{"embeddable":true,"href":"https:\/\/www.upo.es\/patio-colorado\/wp-json\/wp\/v2\/users\/80"}],"replies":[{"embeddable":true,"href":"https:\/\/www.upo.es\/patio-colorado\/wp-json\/wp\/v2\/comments?post=5017"}],"version-history":[{"count":8,"href":"https:\/\/www.upo.es\/patio-colorado\/wp-json\/wp\/v2\/posts\/5017\/revisions"}],"predecessor-version":[{"id":5031,"href":"https:\/\/www.upo.es\/patio-colorado\/wp-json\/wp\/v2\/posts\/5017\/revisions\/5031"}],"wp:featuredmedia":[{"embeddable":true,"href":"https:\/\/www.upo.es\/patio-colorado\/wp-json\/wp\/v2\/media\/5023"}],"wp:attachment":[{"href":"https:\/\/www.upo.es\/patio-colorado\/wp-json\/wp\/v2\/media?parent=5017"}],"wp:term":[{"taxonomy":"category","embeddable":true,"href":"https:\/\/www.upo.es\/patio-colorado\/wp-json\/wp\/v2\/categories?post=5017"},{"taxonomy":"post_tag","embeddable":true,"href":"https:\/\/www.upo.es\/patio-colorado\/wp-json\/wp\/v2\/tags?post=5017"}],"curies":[{"name":"wp","href":"https:\/\/api.w.org\/{rel}","templated":true}]}}