{"id":5044,"date":"2022-05-25T19:53:51","date_gmt":"2022-05-25T19:53:51","guid":{"rendered":"https:\/\/www.upo.es\/patio-colorado\/?p=5044"},"modified":"2022-05-25T19:53:51","modified_gmt":"2022-05-25T19:53:51","slug":"huelva-descubridora-el-muelle-de-las-carabelas","status":"publish","type":"post","link":"https:\/\/www.upo.es\/patio-colorado\/2022\/05\/25\/huelva-descubridora-el-muelle-de-las-carabelas\/","title":{"rendered":"Huelva descubridora: El Muelle de las Carabelas"},"content":{"rendered":"<p>A ra\u00edz del descubrimiento de Am\u00e9rica, Huelva alcanza un reconocimiento hist\u00f3rico debido a que las tres carabelas salieron de esta provincia hacia el Nuevo Mundo. Por este motivo, por el V Centenario del descubrimiento de Am\u00e9rica, a lo largo de 1992 se realizaron distintos tipos de celebraciones, y m\u00e1s adelante, en 1994, se construy\u00f3 el Muelle de las Carabelas. Este es un museo ubicado en Palos de la Frontera (Huelva), donde se encuentran las reproducciones de La Ni\u00f1a, La Pinta y La Nao Santa Mar\u00eda.<\/p>\n<p><img loading=\"lazy\" decoding=\"async\" class=\" wp-image-5061 aligncenter\" src=\"https:\/\/www.upo.es\/patio-colorado\/wp-content\/uploads\/2022\/05\/800px-pinta_nic3b1a_y_santa_marc3ada_en_el_muelle_de_las_carabelas-edward-the-confessor-300x225.jpg\" alt=\"\" width=\"399\" height=\"299\" srcset=\"https:\/\/www.upo.es\/patio-colorado\/wp-content\/uploads\/2022\/05\/800px-pinta_nic3b1a_y_santa_marc3ada_en_el_muelle_de_las_carabelas-edward-the-confessor-300x225.jpg 300w, https:\/\/www.upo.es\/patio-colorado\/wp-content\/uploads\/2022\/05\/800px-pinta_nic3b1a_y_santa_marc3ada_en_el_muelle_de_las_carabelas-edward-the-confessor-768x576.jpg 768w, https:\/\/www.upo.es\/patio-colorado\/wp-content\/uploads\/2022\/05\/800px-pinta_nic3b1a_y_santa_marc3ada_en_el_muelle_de_las_carabelas-edward-the-confessor.jpg 800w\" sizes=\"auto, (max-width: 399px) 100vw, 399px\" \/><\/p>\n<p style=\"text-align: center\">R\u00e9plica de las tres Carabelas<\/p>\n<p>Este museo goza de un gran atractivo e inter\u00e9s tur\u00edstico, ya que consta de diferentes actividades y espacios de visita, como la posibilidad de subir a bordo de las tres carabelas, disfrutando de las vistas de su imponente exterior y descubriendo su interior. Asimismo, tambi\u00e9n cuenta de una sala de interpretaci\u00f3n, con instrumentos de navegaciones y otros elementos; una sala de audiovisuales, que narra la historia del Descubrimiento; un barrio medieval, que representa la vida cotidiana en la Espa\u00f1a medieval; y la Isla del Encuentro, que representa la vida y cultura de los ind\u00edgenas.<\/p>\n<p>Visitar este espacio se entiende como una aventura en la que te sumerges en el pasado y te adentras en el mundo del medievo. El visitante puede experimentar con sorpresa y emoci\u00f3n el comportamiento y vestimentas de las sociedades de ese entonces y admirar los objetos que se utilizaban durante los tiempos del Descubrimiento.<\/p>\n<p>Sin duda, el contraste del Barrio medieval con la Isla del Encuentro es uno los aspectos m\u00e1s curiosos de la visita. Por un lado, hallamos la recreaci\u00f3n de un barrio portuario medieval que mediante figuras en llanto y d\u00e1ndose la despedida, se representa el d\u00eda de la partida hacia la aventura. En este barrio, se encuentran tambi\u00e9n representaciones de la vida com\u00fan en el medievo, como un mercado, carretas, un alfar, etc. Adem\u00e1s, dentro del mercado se encuentran peque\u00f1os comercios realizando cer\u00e1micas, vendiendo fruta o fabricando cestas. Por otro lado, la Isla del Encuentro es la representaci\u00f3n del mundo ind\u00edgena, se presentan caba\u00f1as, hombres y mujeres caracter\u00edsticos de la zona, y la fauna t\u00edpica del lugar.<\/p>\n<p><img loading=\"lazy\" decoding=\"async\" class=\" wp-image-5045 aligncenter\" src=\"https:\/\/www.upo.es\/patio-colorado\/wp-content\/uploads\/2022\/05\/Imagen5.png\" alt=\"\" width=\"346\" height=\"296\" \/><\/p>\n<p style=\"text-align: center\">Alfar del Barrio medieval.<\/p>\n<p>&nbsp;<\/p>\n<p>Finalmente, en lo que se refiere a los datos sobre el museo, este abre todos los d\u00edas, a excepci\u00f3n de los lunes, y tiene un horario tanto de verano como de invierno. Asimismo, en lo concerniente a los precios, la entrada general es de 3,60\u20ac, aunque hay descuentos para estudiantes, pensionistas y grupos de m\u00ednimo 20 personas, resultando en una entrada por el coste de 1,50\u20ac. Por su parte, \u00a0\u00a0\u00a0\u00a0hay descuentos tambi\u00e9n para las familias y grupos de agencias de viajes. Asimismo, los menores de 5 a\u00f1os y colectivos especiales entran gratis. Adem\u00e1s, en caso de visitar este enclave tur\u00edstico es recomendable ir tambi\u00e9n al Parque Bot\u00e1nico Celestino Mutis, cuya entrada es gratuita y se encuentra bastante cerca del propio museo.<\/p>\n<p><img loading=\"lazy\" decoding=\"async\" class=\" wp-image-5048 aligncenter\" src=\"https:\/\/www.upo.es\/patio-colorado\/wp-content\/uploads\/2022\/05\/Imagen9-213x300.jpg\" alt=\"\" width=\"328\" height=\"463\" srcset=\"https:\/\/www.upo.es\/patio-colorado\/wp-content\/uploads\/2022\/05\/Imagen9-213x300.jpg 213w, https:\/\/www.upo.es\/patio-colorado\/wp-content\/uploads\/2022\/05\/Imagen9-725x1024.jpg 725w, https:\/\/www.upo.es\/patio-colorado\/wp-content\/uploads\/2022\/05\/Imagen9.jpg 748w\" sizes=\"auto, (max-width: 328px) 100vw, 328px\" \/><\/p>\n<p style=\"text-align: center\">Mapa con otros enclaves tur\u00edsticos.<\/p>\n<p>&nbsp;<\/p>\n<p>Bibliograf\u00eda:<\/p>\n<p>Agenda Cultural de Andaluc\u00eda. (s.f.). <em>Muelle de las Carabelas.<\/em> Recuperado de <a href=\"https:\/\/www.juntadeandalucia.es\/cultura\/agendaculturaldeandalucia\/evento\/muelle-de-las-carabelas\">https:\/\/www.juntadeandalucia.es\/cultura\/agendaculturaldeandalucia\/evento\/muelle-de-las-carabelas<\/a><\/p>\n<p>Diputaci\u00f3n de Huelva. (s.f.). <em>Muelle de las Carabelas<\/em>. Recuperado de <a href=\"https:\/\/www.turismohuelvaguias.com\/muelle-de-las-carabelas\">https:\/\/www.turismohuelvaguias.com\/muelle-de-las-carabelas<\/a><\/p>\n<p>Huelva Tur\u00edstica. (2016). <em>Muelle de las Carabelas<\/em>. Recuperado de <a href=\"http:\/\/turismoenhuelva.com\/actividad\/muelle-de-las-carabelas\/9\">http:\/\/turismoenhuelva.com\/actividad\/muelle-de-las-carabelas\/9<\/a><\/p>\n<p>Wikipedia. (2022). <em>Muelle de las <\/em>Carabelas. Recuperado de <a href=\"https:\/\/es.wikipedia.org\/wiki\/Muelle_de_las_Carabelas\">https:\/\/es.wikipedia.org\/wiki\/Muelle_de_las_Carabelas<\/a><\/p>\n","protected":false},"excerpt":{"rendered":"<p>A ra\u00edz del descubrimiento de Am\u00e9rica, Huelva alcanza un reconocimiento hist\u00f3rico debido a que las tres carabelas salieron de esta provincia hacia el Nuevo Mundo. Por este motivo, por el V Centenario del descubrimiento de Am\u00e9rica, a lo largo de 1992 se realizaron distintos tipos de celebraciones, y m\u00e1s adelante, en 1994, se construy\u00f3 el [&hellip;]<\/p>\n","protected":false},"author":78,"featured_media":5059,"comment_status":"open","ping_status":"open","sticky":false,"template":"","format":"standard","meta":{"_acf_changed":false,"_monsterinsights_skip_tracking":false,"_monsterinsights_sitenote_active":false,"_monsterinsights_sitenote_note":"","_monsterinsights_sitenote_category":0,"footnotes":""},"categories":[303,170],"tags":[],"class_list":["post-5044","post","type-post","status-publish","format-standard","has-post-thumbnail","hentry","category-huelva","category-monumentos-y-turismo"],"blocksy_meta":[],"acf":[],"jetpack_featured_media_url":"https:\/\/www.upo.es\/patio-colorado\/wp-content\/uploads\/2022\/05\/Museo-Muelle-de-las-Carabelas-Cristobal-Colon-Huelva-Palos-de-la-Frontera-5.jpg","_links":{"self":[{"href":"https:\/\/www.upo.es\/patio-colorado\/wp-json\/wp\/v2\/posts\/5044","targetHints":{"allow":["GET"]}}],"collection":[{"href":"https:\/\/www.upo.es\/patio-colorado\/wp-json\/wp\/v2\/posts"}],"about":[{"href":"https:\/\/www.upo.es\/patio-colorado\/wp-json\/wp\/v2\/types\/post"}],"author":[{"embeddable":true,"href":"https:\/\/www.upo.es\/patio-colorado\/wp-json\/wp\/v2\/users\/78"}],"replies":[{"embeddable":true,"href":"https:\/\/www.upo.es\/patio-colorado\/wp-json\/wp\/v2\/comments?post=5044"}],"version-history":[{"count":5,"href":"https:\/\/www.upo.es\/patio-colorado\/wp-json\/wp\/v2\/posts\/5044\/revisions"}],"predecessor-version":[{"id":5063,"href":"https:\/\/www.upo.es\/patio-colorado\/wp-json\/wp\/v2\/posts\/5044\/revisions\/5063"}],"wp:featuredmedia":[{"embeddable":true,"href":"https:\/\/www.upo.es\/patio-colorado\/wp-json\/wp\/v2\/media\/5059"}],"wp:attachment":[{"href":"https:\/\/www.upo.es\/patio-colorado\/wp-json\/wp\/v2\/media?parent=5044"}],"wp:term":[{"taxonomy":"category","embeddable":true,"href":"https:\/\/www.upo.es\/patio-colorado\/wp-json\/wp\/v2\/categories?post=5044"},{"taxonomy":"post_tag","embeddable":true,"href":"https:\/\/www.upo.es\/patio-colorado\/wp-json\/wp\/v2\/tags?post=5044"}],"curies":[{"name":"wp","href":"https:\/\/api.w.org\/{rel}","templated":true}]}}