{"id":5070,"date":"2022-05-25T22:35:43","date_gmt":"2022-05-25T22:35:43","guid":{"rendered":"https:\/\/www.upo.es\/patio-colorado\/?p=5070"},"modified":"2022-05-25T22:35:43","modified_gmt":"2022-05-25T22:35:43","slug":"dos-hermanas-vuelve-a-respirar-aires-de-feria","status":"publish","type":"post","link":"https:\/\/www.upo.es\/patio-colorado\/2022\/05\/25\/dos-hermanas-vuelve-a-respirar-aires-de-feria\/","title":{"rendered":"Dos Hermanas vuelve a respirar aires de feria"},"content":{"rendered":"<p>Dos a\u00f1os han transcurrido desde que la localidad nazarena despidiera a una de sus principales festividades anuales, sin saber que iba a transcurrir largo tiempo para poder disfrutar nuevamente de ella. Finalmente, este a\u00f1o el alumbrado se ha vuelto a encender con m\u00e1s fuerza que nunca en el coraz\u00f3n del recinto ferial y ha puesto fin a una sequ\u00eda festiva que comenzaba a desesperar a los caseteros y a los adictos a esta celebraci\u00f3n.<\/p>\n<p><img loading=\"lazy\" decoding=\"async\" class=\"aligncenter\" src=\"https:\/\/blogger.googleusercontent.com\/img\/b\/R29vZ2xl\/AVvXsEhu9RA8x0zHJMRq66ljLULNsPcTGT3Bgonfatk0UewA234bjXeyK1_15myxeCRcDztAildjaPPk40wwWJbtheex15Gbd7K4FJ_rRj5vFpA8UIZ8GAkds07P2iWyizlgiexT3JBTsQC3xadxJKT2GHCW4sGhIyZFn1GAqPOyVTg0mYL_arbx8FCR80td\/s750\/19-05-22%20Alumbrado%20Feria%201.jpg\" alt=\"Comienza la Feria de Dos Hermanas 2022 con el encendido del tradicional  alumbrado del real ~ Dos Hermanas Diario Digital\" width=\"363\" height=\"242\" \/><\/p>\n<p style=\"text-align: center\">Fuente: Dos Hermanas Diario Digital<\/p>\n<p>La popular feria arranc\u00f3 el pasado mi\u00e9rcoles 19 de mayo con la tradicional cena de \u00abel pesca\u00edto\u00bb en cada una de las 85 casetas del recinto. Como era de esperar, las reservas no cesaron de aumentar y en poco tiempo, se agotaron las plazas disponibles para tal comida. A lo largo de la festividad, que dur\u00f3 hasta el domingo 22 de mayo, se pod\u00eda palpar, asimismo, en el ambiente, las ansias, la vitalidad, la energ\u00eda y las ganas de los nazarenos por volver a festejar y disfrutar de una de sus festividades cumbre, empa\u00f1ada por el efecto de la pandemia.<\/p>\n<p><img loading=\"lazy\" decoding=\"async\" class=\"aligncenter\" src=\"https:\/\/blogger.googleusercontent.com\/img\/b\/R29vZ2xl\/AVvXsEgczoelWPPel5-9eCph_CHIZa5zJQAouShvBAKyMaoiZeVr2jeKtHnx9vB1NrGaXGyOn2plj6pFITPrJ8YxlTyaYW13VIgjaZ4AAWfeIsVOhQLQ_xCFN-BCtIVIHE1CL7difolWRmau3ec917bolYWelw4kbuJCjfoAar8HZke248hcb6AYJclA5-vX\/s750\/27-04-22%20Cartel%20Anunciador%20Feria%202022.jpg\" alt=\"Volver a la alegr\u00eda' ser\u00e1 la obra que ilustrar\u00e1 el cartel anunciador de la  Feria de Dos Hermanas 2022 ~ Dos Hermanas Diario Digital\" width=\"338\" height=\"225\" \/><\/p>\n<p style=\"text-align: center\">Fuente: Dos Hermanas Diario Digital<\/p>\n<p>Al igual que el resto de los a\u00f1os, la gran mayor\u00eda de las casetas ha permitido el acceso libre, aunque ha primado el efecto de la cercan\u00eda de la Feria de Sevilla y la mayor\u00eda de sus visitantes han optado por acudir a aquellas con las que encontraban mayor afinidad o se ve\u00edan m\u00e1s integrados. A las ya conocidas casetas de hermandades y cofrad\u00edas, se un\u00edan algunas de uso y disfrute popular, incluyendo las relativas a los principales partidos pol\u00edticos del pa\u00eds. De entre todas ellas, la m\u00e1s exitosa (a ra\u00edz de lo que pude contemplar con mis propios ojos) fue la caseta de Izquierda Unida (IU), cuyo gent\u00edo hac\u00eda casi insoportable la estancia en el lugar. Adem\u00e1s, la cola para entrar a la misma era tremendamente desproporcionada en comparaci\u00f3n con el resto de casetas del recinto ferial.<\/p>\n<p><img loading=\"lazy\" decoding=\"async\" class=\"aligncenter\" src=\"https:\/\/i0.wp.com\/www.sevillaactualidad.com\/wp-content\/uploads\/2022\/05\/Portada_Feria_de_Dos_Hermanas.jpg?fit=2440%2C1373&amp;ssl=1\" alt=\"Arranca la Feria de Dos Hermanas\" width=\"357\" height=\"201\" \/><\/p>\n<p style=\"text-align: center\">Fuente: Sevilla Actualidad<\/p>\n<p>Sin embargo, a diferencia de otras ediciones, este a\u00f1o se hicieron notar m\u00e1s que nunca las ganas de fiesta y celebraci\u00f3n en la poblaci\u00f3n local. Prueba de ello es el hecho de que haya acudido un n\u00famero m\u00e1s elevado de visitantes que en algunas de las \u00faltimas ediciones previas al inicio de la pandemia. Otros hechos inusuales son el car\u00e1cter tard\u00edo de la festividad, pues suele tener lugar a inicios de mayo, si bien ha visto retrasado su calendario para no coincidir con la Feria de Sevilla, as\u00ed como las elevadas temperaturas, impropias para las fechas.<\/p>\n<p>A las ya conocidas casetas, se han unido nuevas atracciones, dispuestas a dar vida a la nueva feria que resurge tras la crisis sanitaria y nuevas ofertas, con motivo de atraer a m\u00e1s visitantes. Un ejemplo de ello es la reducci\u00f3n del precio de los \u00abcacharritos\u00bb para los m\u00e1s peque\u00f1os durante el jueves de feria, que ha conocido un inusual abaratamiento del 50 %.<\/p>\n<p>En contraposici\u00f3n a esta mejora, el coste habitual del consumo en el recinto se ha visto ligeramente incrementado, con motivo de los efectos de la crisis y del deseo de recuperar los beneficios perdidos tras dos a\u00f1os de par\u00f3n. Estos parecen, sin embargo, haberse reinvertido en la propia feria, como se ha podido ver en espect\u00e1culos musicales con figuras estelares como Los del R\u00edo o en el tradicional fin de fiesta con fuegos artificiales. En este \u00faltimo festejo no parece haberse escatimado en gastos, tras lo ahorrado durante dos a\u00f1os y ha sido, sin lugar a dudas, el elemento revelador de esta edici\u00f3n, marcado por su duraci\u00f3n, calidad y gui\u00f1o en honor a las v\u00edctimas de la guerra de Ucrania.<\/p>\n<p><img loading=\"lazy\" decoding=\"async\" class=\"aligncenter\" src=\"https:\/\/cadenadh.com\/wp-content\/uploads\/2022\/05\/WhatsApp-Image-2022-05-23-at-10.59.35-AM-780x470.jpeg\" width=\"396\" height=\"238\" \/><\/p>\n<p style=\"text-align: center\">Fuente: Cadena DH<\/p>\n<p>En definitiva, la feria ha vuelto para quedarse, con su antigua composici\u00f3n, pero con un esp\u00edritu renovador post-pandemia. En cambio, la gran inc\u00f3gnita sigue siendo su futuro emplazamiento, pues es bien sabido que de la actual ubicaci\u00f3n del barrio de Vistazul, es plausible que en pocos a\u00f1os se traslade a la zona de Entren\u00facleos, nuevo barrio nazareno de expansi\u00f3n al que mucha gente joven se est\u00e1 mudando y que est\u00e1 en fase de construcci\u00f3n. \u00bfSer\u00e1 aqu\u00ed d\u00f3nde termine por asentarse de una vez en busca de la revitalizaci\u00f3n y la juventud?\u00a0 Solo el tiempo puede darnos la respuesta. Hasta entonces solo queda esperar a ver qu\u00e9 sucede.<\/p>\n<p><img loading=\"lazy\" decoding=\"async\" class=\"aligncenter\" src=\"https:\/\/www.doshermanasinfo.com\/wp-content\/uploads\/2019\/05\/Feria-770x355.jpg\" width=\"423\" height=\"195\" \/><\/p>\n<p style=\"text-align: center\">Fuente: Dos Hermanas Info<\/p>\n<p>&nbsp;<\/p>\n<p><strong>Bibliograf\u00eda\u00a0<\/strong><\/p>\n<p>ABC de Sevilla. Dos Hermanas. (2022). <i>Todo listo en Dos Hermanas para recuperar su feria, que se celebrar\u00e1 del 19 al 22 de mayo con 85 casetas<\/i>. ABC de Sevilla. Recuperado el 25 de mayo de 2022 de: https:\/\/sevilla.abc.es\/provincia\/dos-hermanas\/sevi-todo-listo-hermanas-para-recuperar-feria-celebrara-19-22-mayo-85-casetas-202205111144_noticia.html<\/p>\n<p>Alan\u00eds Galv\u00e1n, A. (s. f.). <i>De Vel\u00e1 de Santiago y Santa Ana a Feria de Dos Hermanas<\/i>. Dos Hermanas Ayer y Hoy. Blogspot. Recuperado el 24 de mayo de 2022 de: https:\/\/doshermanasayeryhoy.blogspot.com\/2017\/02\/de-vela-de-santiago-y-santa-ana-feria.html<\/p>\n<p>Cadena DH (2022). <i>Colof\u00f3n final de feria con homenaje al pueblo de Ucrania<\/i>. Cadena DH. Recuperado el 25 de mayo de 2022 de: https:\/\/cadenadh.com\/2022\/05\/23\/colofon-final-de-feria-con-homenaje-al-pueblo-de-ucrania\/<\/p>\n<p>Cuandopasa.com. Feria<i> de Dos Hermanas 2023<\/i>. (s. f.). Recuperado el 25 de mayo de 2022 de:\u00a0 https:\/\/www.cuandopasa.com\/index.php?v=v70144i<\/p>\n<p>DH Diario Digital. (2022). <i>Comienza la Feria de Dos Hermanas 2022 con el encendido del tradicional alumbrado del real<\/i>. Dos Hermanas Diario Digital. Recuperado el 26 de mayo de 2022 de:\u00a0 https:\/\/www.doshermanasdiariodigital.com\/2022\/05\/comienza-la-feria-de-dos-hermanas-2022.html<\/p>\n<p>Gamero L\u00f3pez, R. (2022). <i>Presentado el cartel de la Feria de Dos Hermanas<\/i>. Cadena DH. Recuperado el 26 de mayo de 2022 de: https:\/\/cadenadh.com\/2022\/04\/27\/presentado-el-cartel-de-la-feria-de-dos-hermanas\/<\/p>\n<p>Maya, S. (2019). <i>As\u00ed ser\u00e1 la nueva Feria de Dos Hermanas<\/i>. Dos Hermanas Info. Recuperado el 26 de mayo de 2022 de:\u00a0 https:\/\/www.doshermanasinfo.com\/asi-sera-la-nueva-feria-de-dos-hermanas\/<\/p>\n<p>&nbsp;<\/p>\n","protected":false},"excerpt":{"rendered":"<p>Dos a\u00f1os han transcurrido desde que la localidad nazarena despidiera a una de sus principales festividades anuales, sin saber que iba a transcurrir largo tiempo para poder disfrutar nuevamente de ella. Finalmente, este a\u00f1o el alumbrado se ha vuelto a encender con m\u00e1s fuerza que nunca en el coraz\u00f3n del recinto ferial y ha puesto [&hellip;]<\/p>\n","protected":false},"author":73,"featured_media":5085,"comment_status":"open","ping_status":"open","sticky":false,"template":"","format":"standard","meta":{"_acf_changed":false,"_monsterinsights_skip_tracking":false,"_monsterinsights_sitenote_active":false,"_monsterinsights_sitenote_note":"","_monsterinsights_sitenote_category":0,"footnotes":""},"categories":[12,35,301],"tags":[546,114,545,316,95],"class_list":["post-5070","post","type-post","status-publish","format-standard","has-post-thumbnail","hentry","category-eventos","category-fiestas-tradiciones","category-sevilla","tag-diversion","tag-feria","tag-fiesta","tag-tradicion","tag-dos-hermanas"],"blocksy_meta":[],"acf":[],"jetpack_featured_media_url":"https:\/\/www.upo.es\/patio-colorado\/wp-content\/uploads\/2022\/05\/feria-doshermanas-2020-k0DD-1200x630@abc-e1653517168614.jpeg","_links":{"self":[{"href":"https:\/\/www.upo.es\/patio-colorado\/wp-json\/wp\/v2\/posts\/5070","targetHints":{"allow":["GET"]}}],"collection":[{"href":"https:\/\/www.upo.es\/patio-colorado\/wp-json\/wp\/v2\/posts"}],"about":[{"href":"https:\/\/www.upo.es\/patio-colorado\/wp-json\/wp\/v2\/types\/post"}],"author":[{"embeddable":true,"href":"https:\/\/www.upo.es\/patio-colorado\/wp-json\/wp\/v2\/users\/73"}],"replies":[{"embeddable":true,"href":"https:\/\/www.upo.es\/patio-colorado\/wp-json\/wp\/v2\/comments?post=5070"}],"version-history":[{"count":3,"href":"https:\/\/www.upo.es\/patio-colorado\/wp-json\/wp\/v2\/posts\/5070\/revisions"}],"predecessor-version":[{"id":5086,"href":"https:\/\/www.upo.es\/patio-colorado\/wp-json\/wp\/v2\/posts\/5070\/revisions\/5086"}],"wp:featuredmedia":[{"embeddable":true,"href":"https:\/\/www.upo.es\/patio-colorado\/wp-json\/wp\/v2\/media\/5085"}],"wp:attachment":[{"href":"https:\/\/www.upo.es\/patio-colorado\/wp-json\/wp\/v2\/media?parent=5070"}],"wp:term":[{"taxonomy":"category","embeddable":true,"href":"https:\/\/www.upo.es\/patio-colorado\/wp-json\/wp\/v2\/categories?post=5070"},{"taxonomy":"post_tag","embeddable":true,"href":"https:\/\/www.upo.es\/patio-colorado\/wp-json\/wp\/v2\/tags?post=5070"}],"curies":[{"name":"wp","href":"https:\/\/api.w.org\/{rel}","templated":true}]}}