{"id":5087,"date":"2022-05-26T10:14:31","date_gmt":"2022-05-26T10:14:31","guid":{"rendered":"https:\/\/www.upo.es\/patio-colorado\/?p=5087"},"modified":"2022-05-26T10:14:31","modified_gmt":"2022-05-26T10:14:31","slug":"conoce-juzcar-el-pueblo-pitufo","status":"publish","type":"post","link":"https:\/\/www.upo.es\/patio-colorado\/2022\/05\/26\/conoce-juzcar-el-pueblo-pitufo\/","title":{"rendered":"Conoce J\u00fazcar, el pueblo pitufo"},"content":{"rendered":"<p>En esta ocasi\u00f3n, nos adentramos en el coraz\u00f3n de la Serran\u00eda de Ronda (M\u00e1laga), para conocer una de sus localidades m\u00e1s emblem\u00e1ticas y singulares: el peque\u00f1o pueblo de J\u00fazcar. Enclavado en una hondonada, el lugar apenas supera el centenar de habitantes, aunque su poblaci\u00f3n crece considerablemente en \u00e9poca veraniega, en virtud de la paz y la tranquilidad que es posible respirar, lejos del mundanal ruido de las ciudades.<\/p>\n<p><img loading=\"lazy\" decoding=\"async\" class=\"aligncenter\" src=\"https:\/\/cdn.holidayguru.es\/wp-content\/uploads\/2017\/01\/Juzcar-blue-andalusischen-village-in-M%C3%A1laga-iStock-470700412-2_pix2000.jpg\" alt=\"J\u00fazcar el pueblo de los pitufos. \u00a1Un pueblo pintado de azul!\" width=\"329\" height=\"252\" \/><\/p>\n<p style=\"text-align: center\">Fuente: Holidayguru<\/p>\n<p>La disposici\u00f3n de las casas nos recuerda en cierto modo a la ofrecida por los pueblos blancos gaditanos, aunque, en este caso, el tradicional blanco encalado ha sido sustituido por un llamativo azul cielo, visible a kil\u00f3metros de distancia. No hace falta, por tanto, viajar a Marruecos para contemplar un lugar de tales caracter\u00edsticas, pues Andaluc\u00eda ya cuenta con su Chefchaouen particular.<\/p>\n<p><img loading=\"lazy\" decoding=\"async\" class=\"aligncenter\" src=\"http:\/\/hbu.h-cdn.co\/assets\/15\/47\/1600x800\/landscape-1447869145-chefchaouen-001.jpg\" alt=\"Chefchaouen, la ciudad m\u00e1s azul del mundo | Bacanal\" width=\"408\" height=\"204\" \/><\/p>\n<p style=\"text-align: center\">Fuente: Bacanal<\/p>\n<p>Sin embargo, a diferencia de esa ciudad, donde el color azul de las viviendas responde a la libertad y el simbolismo religioso, en este contexto, nos encontramos con un inter\u00e9s tur\u00edstico y de origen comercial. La idea de pintar todas las casas de blanco radic\u00f3 en la propuesta de una agencia de publicidad madrile\u00f1a en el a\u00f1o 2011, con motivo del estreno en el pueblo de la pel\u00edcula\u00a0<em>Los pitufos\u00a0<\/em>a nivel mundial. Fue tal la acogida de turistas que tal medida desempe\u00f1\u00f3, que, pese a que, en principio, se trataba de una campa\u00f1a que solo iba a durar unos meses, acab\u00f3 por convertirse en eterna.<\/p>\n<p><img loading=\"lazy\" decoding=\"async\" class=\"aligncenter\" src=\"https:\/\/es.web.img3.acsta.net\/medias\/nmedia\/18\/82\/81\/59\/19745363.jpg\" alt=\"Los Pitufos - Pel\u00edcula 2011 - SensaCine.com\" width=\"259\" height=\"370\" \/><\/p>\n<p style=\"text-align: center\">Fuente: SensaCine<\/p>\n<p>En este sentido, la empresa Sony, que hab\u00eda patrocinado el evento, se hab\u00eda comprometido a devolver al pueblo su aspecto original, una vez que hubiera terminado la promoci\u00f3n de la pel\u00edcula y que hubieran pasado seis meses desde su estreno. Sin embargo, este plan se trunc\u00f3 ante la gran cantidad de visitantes que acogi\u00f3 la localidad en estas fechas y por el af\u00e1n economizador de sus habitantes, que vieron como el coste de la pintura azul elegida era considerablemente menor al tradicional blanco encalado al que estaban acostumbrados.<\/p>\n<p><img loading=\"lazy\" decoding=\"async\" class=\"aligncenter\" src=\"https:\/\/viajerosocultos.com\/wp-content\/uploads\/2021\/12\/37707510482_714590da4b_k.jpg\" alt=\"Gu\u00eda de J\u00fazcar, el Pueblo Pitufo en M\u00e1laga - Viajeros Ocultos\" width=\"428\" height=\"285\" \/><\/p>\n<p style=\"text-align: center\">Fuente: Viajeros Ocultos<\/p>\n<p>Sea como fuere, el azul se ha mantenido como s\u00edmbolo de la localidad y ha perpetuado la popularidad del pueblo a nivel regional y nacional, convirti\u00e9ndolo en uno de los principales atractivos tur\u00edsticos andaluces de los \u00faltimos a\u00f1os. Este hecho se ha visto adem\u00e1s reforzado por el aprovechamiento del empuje tur\u00edstico, que ha conducido a la decoraci\u00f3n de todo el pueblo con elementos propios del mundo de los pitufos, como las tallas de los mismos y los distintos eventos destinados a la promoci\u00f3n de productos relacionados con estos seres. A este fin tambi\u00e9n ayuda la presencia de un museo consagrado a la micolog\u00eda (estudio de las setas), pues es bien sabido que es el lugar donde estos seres moran.<\/p>\n<p><img loading=\"lazy\" decoding=\"async\" class=\"aligncenter\" src=\"https:\/\/static.malaga.es\/municipios\/subidas\/imagenes\/3\/9\/arc_153193_v_g.jpg\" alt=\"XIII Edici\u00f3n Jornadas Mic\u00f3logicas de J\u00fazcar 2019 - Ayuntamiento de J\u00fazcar\" width=\"246\" height=\"352\" \/><\/p>\n<p style=\"text-align: center\">Fuente: Ayuntamiento de J\u00fazcar<\/p>\n<p>En definitiva, nos hallamos en un entorno privilegiado y apacible que incita al disfrute y la tranquilidad, pero que atiende los intereses de todas las edades, desde los m\u00e1s adultos, hasta los m\u00e1s peque\u00f1os, que desear\u00e1n con todas sus fuerzas visitar el pueblo en busca de alg\u00fan pitufo descarriado.<\/p>\n<p>&nbsp;<\/p>\n<p><strong>Bibliograf\u00eda\u00a0<\/strong><\/p>\n<p>Ayuntamiento de J\u00fazcar. (2021). <i>J\u00fazcar<\/i>. Recuperado el 26 de mayo de 2022 de: https:\/\/www.juzcar.es\/<\/p>\n<p>Diario Ronda. (2021). <i>Turismo muestra su intenci\u00f3n de fomentar las visitas a J\u00fazcar por su riqueza natural y singularidad<\/i>. Recuperado el 26 de mayo de 2022 de: https:\/\/www.diarioronda.es\/2021\/10\/18\/comarca\/turismo-muestra-su-intencion-de-fomentar-las-visitas-al-juzcar-por-su-riqueza-natural-y-singularidad\/<\/p>\n<p>Mart\u00edn, R. (2022). <i>J\u00fazcar, el pintoresco pueblo malague\u00f1o que no reneg\u00f3 del azul pitufo<\/i>. Noticias de Gipuzkoa-Edici\u00f3n Digital. Recuperado el 26 de mayo de 2022 de: https:\/\/www.noticiasdegipuzkoa.eus\/viajes\/2022\/05\/07\/juzcar-pueblo-renego-azul-pitufo\/1210847.html<\/p>\n<p>Telecinco. (2022). <i>J\u00fazcar, el pueblo espa\u00f1ol de los Pitufos, figura entre los 25 m\u00e1s bonitos del mundo<\/i>. Telecinco. Informativos Telecinco. Recuperado el 26 de mayo de 2022 de: https:\/\/www.telecinco.es\/informativos\/cultura\/juzcar-pueblo-espanol-pitufos-figura-mas-bonitos-mundo_18_3286773703.html<\/p>\n<p>Wikipedia. (2021). <i>J\u00fazcar<\/i>. Wikipedia, la enciclopedia libre. Recuperado el 26 de mayo de 2022 de:\u00a0 https:\/\/es.wikipedia.org\/wiki\/J%C3%BAzcar<\/p>\n","protected":false},"excerpt":{"rendered":"<p>En esta ocasi\u00f3n, nos adentramos en el coraz\u00f3n de la Serran\u00eda de Ronda (M\u00e1laga), para conocer una de sus localidades m\u00e1s emblem\u00e1ticas y singulares: el peque\u00f1o pueblo de J\u00fazcar. Enclavado en una hondonada, el lugar apenas supera el centenar de habitantes, aunque su poblaci\u00f3n crece considerablemente en \u00e9poca veraniega, en virtud de la paz y [&hellip;]<\/p>\n","protected":false},"author":73,"featured_media":5099,"comment_status":"open","ping_status":"open","sticky":false,"template":"","format":"standard","meta":{"_acf_changed":false,"_monsterinsights_skip_tracking":false,"_monsterinsights_sitenote_active":false,"_monsterinsights_sitenote_note":"","_monsterinsights_sitenote_category":0,"footnotes":""},"categories":[169,311,170],"tags":[551,549,550,359],"class_list":["post-5087","post","type-post","status-publish","format-standard","has-post-thumbnail","hentry","category-cine-artes-audiovisuales","category-malaga","category-monumentos-y-turismo","tag-pitufos","tag-serrania-de-ronda","tag-turismorural","tag-malaga"],"blocksy_meta":[],"acf":[],"jetpack_featured_media_url":"https:\/\/www.upo.es\/patio-colorado\/wp-content\/uploads\/2022\/05\/achu.jpeg","_links":{"self":[{"href":"https:\/\/www.upo.es\/patio-colorado\/wp-json\/wp\/v2\/posts\/5087","targetHints":{"allow":["GET"]}}],"collection":[{"href":"https:\/\/www.upo.es\/patio-colorado\/wp-json\/wp\/v2\/posts"}],"about":[{"href":"https:\/\/www.upo.es\/patio-colorado\/wp-json\/wp\/v2\/types\/post"}],"author":[{"embeddable":true,"href":"https:\/\/www.upo.es\/patio-colorado\/wp-json\/wp\/v2\/users\/73"}],"replies":[{"embeddable":true,"href":"https:\/\/www.upo.es\/patio-colorado\/wp-json\/wp\/v2\/comments?post=5087"}],"version-history":[{"count":6,"href":"https:\/\/www.upo.es\/patio-colorado\/wp-json\/wp\/v2\/posts\/5087\/revisions"}],"predecessor-version":[{"id":5105,"href":"https:\/\/www.upo.es\/patio-colorado\/wp-json\/wp\/v2\/posts\/5087\/revisions\/5105"}],"wp:featuredmedia":[{"embeddable":true,"href":"https:\/\/www.upo.es\/patio-colorado\/wp-json\/wp\/v2\/media\/5099"}],"wp:attachment":[{"href":"https:\/\/www.upo.es\/patio-colorado\/wp-json\/wp\/v2\/media?parent=5087"}],"wp:term":[{"taxonomy":"category","embeddable":true,"href":"https:\/\/www.upo.es\/patio-colorado\/wp-json\/wp\/v2\/categories?post=5087"},{"taxonomy":"post_tag","embeddable":true,"href":"https:\/\/www.upo.es\/patio-colorado\/wp-json\/wp\/v2\/tags?post=5087"}],"curies":[{"name":"wp","href":"https:\/\/api.w.org\/{rel}","templated":true}]}}