{"id":5096,"date":"2022-05-26T10:16:17","date_gmt":"2022-05-26T10:16:17","guid":{"rendered":"https:\/\/www.upo.es\/patio-colorado\/?p=5096"},"modified":"2022-05-26T10:16:17","modified_gmt":"2022-05-26T10:16:17","slug":"el-carnaval-de-cadiz-mas-cerca-de-ser-declarado-patrimonio-cultural-inmaterial-por-la-unesco","status":"publish","type":"post","link":"https:\/\/www.upo.es\/patio-colorado\/2022\/05\/26\/el-carnaval-de-cadiz-mas-cerca-de-ser-declarado-patrimonio-cultural-inmaterial-por-la-unesco\/","title":{"rendered":"El Carnaval de C\u00e1diz m\u00e1s cerca de ser declarado Patrimonio Cultural Inmaterial por la Unesco"},"content":{"rendered":"<p>Seg\u00fan recoge la Cadena Cope en su art\u00edculo de hoy d\u00eda 26 de mayo, el Carnaval de C\u00e1diz se encuentra m\u00e1s cerca de ser declarado Patrimonio Cultural Inmaterial por la Unesco. El pleno del Senado ha respaldado con una amplia mayor\u00eda la moci\u00f3n defendida por los senadores socialistas Alfonso Moscoso y C\u00e1ndida Verdier, por la que la C\u00e1mara Alta insta al Gobierno a apoyar la candidatura del Carnaval de C\u00e1diz como parte del Patrimonio Cultural Inmaterial de la Unesco.<\/p>\n<p>Alfonso Moscoso, mostr\u00f3 durante su intervenci\u00f3n su satisfacci\u00f3n por el consenso alcanzado en referencia a esta iniciativa a la que se le han sumado las administraciones y distintas asociaciones. En ella se recoge la propuesta del Aula de Cultura de la Universidad de C\u00e1diz y de la C\u00e1tedra del Carnaval de la UCA, \u00fanica c\u00e1tedra universitaria sobre este asunto en Europa.<\/p>\n<p>El senador socialista explic\u00f3 que esta manifestaci\u00f3n cultural \u201c\u00fanica y genuina\u201d, nacida en la ciudad de C\u00e1diz hace m\u00e1s de cuatro siglos, es mucho m\u00e1s que una expresi\u00f3n musical. <em>\u201cEs una obra popular y colectiva, una actividad que todo un pueblo vive y transmite. Una tradici\u00f3n que no solo permanece, sino que se fortalece y ampl\u00eda su patrimonio cada a\u00f1o y que supera los reducidos l\u00edmites de esta ciudad trimilenaria\u00bb,<\/em> subraya el senador del PSOE.<\/p>\n<p>El Carnaval de C\u00e1diz ya est\u00e1 inscrito en el Atlas del Patrimonio Inmaterial de Andaluc\u00eda y fue declarado Bien de Inter\u00e9s Cultural por la Junta, as\u00ed como acontecimiento de Inter\u00e9s Tur\u00edstico Internacional por la masiva afluencia de visitantes de dentro y de fuera de Espa\u00f1a. Moscoso incidi\u00f3 en que se trata de \u201cuna manifestaci\u00f3n \u00fanica de la expresi\u00f3n popular\u201d con una creatividad que no se da en ninguna parte del mundo. <em>\u201cEstamos hablando de agrupaciones que tienen que ser diferentes todos los a\u00f1os, con letras y m\u00fasicas originales\u201d. \u201cHay artistas de primer nivel como Alejandro Sanz, Manuel Carrasco y otros muchos que empiezan a cantar coplas de carnaval y se declaran admiradores de los autores del carnaval\u201d<\/em>, detall\u00f3.<\/p>\n<p class=\"mce\">El senador gaditano tambi\u00e9n se refiri\u00f3 a que hace ya doce a\u00f1os que la UNESCO declar\u00f3 el flamenco, \u201c<em>la gran m\u00fasica de Andaluc\u00eda\u201d,<\/em> Patrimonio Inmaterial de la Humanidad, a propuesta de un gobierno socialista en Andaluc\u00eda, y recalc\u00f3 que <em>\u201cel Carnaval de C\u00e1diz es otra manifestaci\u00f3n musical, cultural y literaria de Andaluc\u00eda, \u00fanica en Espa\u00f1a, que merece el mismo reconocimiento\u201d.<\/em><\/p>\n<p class=\"mce\">En este punto, critic\u00f3 que \u201c<em>el gobierno de la indolencia e incompetencia de Moreno Bonilla no haya sido capaz o simplemente no haya tenido inter\u00e9s\u201d<\/em> en impulsar en los \u00faltimos tres a\u00f1os esta candidatura. Se mostr\u00f3 convencido de que, a partir del 19 de junio, el nuevo presidente de la Junta de Andaluc\u00eda, Juan Espadas, \u201c<em>no solamente impulsar\u00e1 sino que conseguir\u00e1 que la UNESCO, al igual que hizo con el flamenco, declare al Carnaval de C\u00e1diz como Patrimonio Inmaterial de la Humanidad\u201d.<\/em><\/p>\n<p class=\"mce\">Por su parte, la senadora gaditana C\u00e1ndida Verdier, durante su intervenci\u00f3n ante el pleno de la C\u00e1mara Alta, se\u00f1al\u00f3 que <em>\u201c<\/em><em>reivindicar el carnaval como patrimonio de la humanidad no es m\u00e1s que constatar lo evidente: que el carnaval pertenece a las personas, que el carnaval se nutre del ingenio de quienes deciden exponer sus ideas, de quienes deciden hacer cr\u00edtica desde la risa, de quienes sienten en la piel lo injusto o lo alegre, el piropo a su tierra o el dolor por ella\u201d<\/em>. <em>\u201cM\u00e1s despacio de lo que deber\u00eda, el carnaval va acogiendo m\u00e1s mujeres, va siendo m\u00e1s diverso, va creciendo un poco m\u00e1s\u201d<\/em>, detall\u00f3, <em>\u201creivindicar de nuevo que sea patrimonio de la humanidad es reivindicar que sea patrimonio de todas, de todas las personas\u201d.<\/em><\/p>\n<p>C\u00e1ndida Verdier comenta que \u00a0<em>\u201cen el carnaval, no sobra nadie, pero faltan voces: nombres de mujer, canteras a las que estimular, sabor de minor\u00edas y celebraci\u00f3n de lo aut\u00e9ntico que no debe dejarse mimetizar por costumbres que impongan el mercado y sus reglas\u201d.<\/em><\/p>\n<p>Por \u00faltimo, Verdier a\u00f1adi\u00f3 que esta manifestaci\u00f3n art\u00edstica popular \u201c<em>a todos y a todas nos pertenece, a las gaditanas y a los gaditanos, a los andaluces y a las andaluzas, a las espa\u00f1olas y a los espa\u00f1oles. Ahora s\u00f3lo queremos que sea, oficialmente, de toda la humanidad que le dio la vida\u201d.<\/em><\/p>\n<p class=\"mce\">Terminado el debate y producida la votaci\u00f3n, la moci\u00f3n socialista, a la que se incorpor\u00f3 una enmienda del Grupo Popular,\u00a0recibi\u00f3 el apoyo de la C\u00e1mara, con 233 votos a favor y 15 abstenciones.<\/p>\n<p>Fuente:<\/p>\n<p>Cadena Cope: h<a href=\"https:\/\/www.cope.es\/emisoras\/andalucia\/cadiz-provincia\/cadiz\/carnaval\/noticias\/carnaval-cadiz-mas-cerca-ser-declarado-patrimonio-cultural-inmaterial-por-unesco-20220526_2104804\">ttps:\/\/www.cope.es\/emisoras\/andalucia\/cadiz-provincia\/cadiz\/carnaval\/noticias\/carnaval-cadiz-mas-cerca-ser-declarado-patrimonio-cultural-inmaterial-por-unesco-20220526_2104804<\/a><\/p>\n<p>&nbsp;<\/p>\n","protected":false},"excerpt":{"rendered":"<p>Seg\u00fan recoge la Cadena Cope en su art\u00edculo de hoy d\u00eda 26 de mayo, el Carnaval de C\u00e1diz se encuentra m\u00e1s cerca de ser declarado Patrimonio Cultural Inmaterial por la Unesco. El pleno del Senado ha respaldado con una amplia mayor\u00eda la moci\u00f3n defendida por los senadores socialistas Alfonso Moscoso y C\u00e1ndida Verdier, por la [&hellip;]<\/p>\n","protected":false},"author":80,"featured_media":5100,"comment_status":"open","ping_status":"open","sticky":false,"template":"","format":"standard","meta":{"_acf_changed":false,"_monsterinsights_skip_tracking":false,"_monsterinsights_sitenote_active":false,"_monsterinsights_sitenote_note":"","_monsterinsights_sitenote_category":0,"footnotes":""},"categories":[46],"tags":[99,53,346,300,93],"class_list":["post-5096","post","type-post","status-publish","format-standard","has-post-thumbnail","hentry","category-en-la-prensa","tag-cultura","tag-musica","tag-patrimoniocultural","tag-cadiz","tag-carnaval"],"blocksy_meta":[],"acf":[],"jetpack_featured_media_url":"https:\/\/www.upo.es\/patio-colorado\/wp-content\/uploads\/2022\/05\/de-las-chirigotas-a-las-comparsas-guia-para-no-perderse-y-entender-el-carnaval-de-cadiz.jpg","_links":{"self":[{"href":"https:\/\/www.upo.es\/patio-colorado\/wp-json\/wp\/v2\/posts\/5096","targetHints":{"allow":["GET"]}}],"collection":[{"href":"https:\/\/www.upo.es\/patio-colorado\/wp-json\/wp\/v2\/posts"}],"about":[{"href":"https:\/\/www.upo.es\/patio-colorado\/wp-json\/wp\/v2\/types\/post"}],"author":[{"embeddable":true,"href":"https:\/\/www.upo.es\/patio-colorado\/wp-json\/wp\/v2\/users\/80"}],"replies":[{"embeddable":true,"href":"https:\/\/www.upo.es\/patio-colorado\/wp-json\/wp\/v2\/comments?post=5096"}],"version-history":[{"count":6,"href":"https:\/\/www.upo.es\/patio-colorado\/wp-json\/wp\/v2\/posts\/5096\/revisions"}],"predecessor-version":[{"id":5107,"href":"https:\/\/www.upo.es\/patio-colorado\/wp-json\/wp\/v2\/posts\/5096\/revisions\/5107"}],"wp:featuredmedia":[{"embeddable":true,"href":"https:\/\/www.upo.es\/patio-colorado\/wp-json\/wp\/v2\/media\/5100"}],"wp:attachment":[{"href":"https:\/\/www.upo.es\/patio-colorado\/wp-json\/wp\/v2\/media?parent=5096"}],"wp:term":[{"taxonomy":"category","embeddable":true,"href":"https:\/\/www.upo.es\/patio-colorado\/wp-json\/wp\/v2\/categories?post=5096"},{"taxonomy":"post_tag","embeddable":true,"href":"https:\/\/www.upo.es\/patio-colorado\/wp-json\/wp\/v2\/tags?post=5096"}],"curies":[{"name":"wp","href":"https:\/\/api.w.org\/{rel}","templated":true}]}}