{"id":5108,"date":"2022-05-26T15:16:05","date_gmt":"2022-05-26T15:16:05","guid":{"rendered":"https:\/\/www.upo.es\/patio-colorado\/?p=5108"},"modified":"2022-06-18T16:51:34","modified_gmt":"2022-06-18T16:51:34","slug":"las-cuatro-hermanas-de-la-iglesia-de-brenes","status":"publish","type":"post","link":"https:\/\/www.upo.es\/patio-colorado\/2022\/05\/26\/las-cuatro-hermanas-de-la-iglesia-de-brenes\/","title":{"rendered":"Las cuatro \u00abhermanas\u00bb de la Iglesia de Brenes"},"content":{"rendered":"<div>La Iglesia de la Pur\u00edsima Concepci\u00f3n de Brenes se sit\u00faa en la plaza Primero de Mayo, al pie de la calle Real, la v\u00eda principal y calle m\u00e1s extensa de la localidad. Pese a contar con bastantes siglos de historia y ser un lugar que frecuentan tanto j\u00f3venes como mayores, hay algo que no muchos saben sobre la parroquia de este peque\u00f1o pueblo. En lo alto de la torre de la iglesia, justo donde las bien conocidas cig\u00fce\u00f1as siempre tienen sus nidos, existe un campanario en el cual las\u00a0 grandes campanas de la torre de la Iglesia Parroquial, azuladas por el paso del tiempo interpretan el toque a \u00abGloria\u00bb, el ta\u00f1ido de las cuatro a la par, que solo se da en los en grandes acontecimientos como Semana Santa, la procesi\u00f3n de la patrona, el Rosario de la Aurora, etc, o anuncian distintas horas del d\u00eda.<br \/>\nNunca impuntuales, ellas cuentan con un nombre, al igual que tantas otras campanas por todo el pa\u00eds, pues esta tradici\u00f3n de bautizar a las campanas no es algo nuevo, pero si ajeno a muchos de nosotros. En esta entrada vamos a presentaros a las cuatro campanas \u00abhermanas\u00bb que viven en el campanario desde finales del siglo XV.<\/div>\n<div><\/div>\n<div>La campana mayor, y la m\u00e1s grave, se llama \u00abVirgen de los Dolores\u00bb. Ella se encuentra mirando a la cara norte del campanario, es decir, la cara que da hacia la Plaza Primero de Mayo, a la fuente, el antiguo ayuntamiento, el monumento a los ca\u00eddos y la casa parroquial, donde los ni\u00f1os acuden a dar catequesis.\u00a0 Recibe su nombre de una de las im\u00e1genes m\u00e1s importantes de la virgen que se encuentran en el interior de la parroquia, as\u00ed como una de las m\u00e1s antiguas.<\/div>\n<div><\/div>\n<div>\n<figure id=\"attachment_5109\" aria-describedby=\"caption-attachment-5109\" style=\"width: 246px\" class=\"wp-caption aligncenter\"><img loading=\"lazy\" decoding=\"async\" class=\"wp-image-5109\" src=\"https:\/\/www.upo.es\/patio-colorado\/wp-content\/uploads\/2022\/05\/VIRGENDELOSDOLORESMIA.jpeg\" alt=\"\" width=\"246\" height=\"366\" srcset=\"https:\/\/www.upo.es\/patio-colorado\/wp-content\/uploads\/2022\/05\/VIRGENDELOSDOLORESMIA.jpeg 430w, https:\/\/www.upo.es\/patio-colorado\/wp-content\/uploads\/2022\/05\/VIRGENDELOSDOLORESMIA-202x300.jpeg 202w\" sizes=\"auto, (max-width: 246px) 100vw, 246px\" \/><figcaption id=\"caption-attachment-5109\" class=\"wp-caption-text\">Fotos aportadas por la asociaci\u00f3n \u00abBrenes en la memoria\u00bb, que adem\u00e1s nos ha permitido conocer m\u00e1s sobre la nomenclatura de est\u00e1s colosales campanas.<\/figcaption><\/figure>\n<figure id=\"attachment_5115\" aria-describedby=\"caption-attachment-5115\" style=\"width: 346px\" class=\"wp-caption aligncenter\"><img loading=\"lazy\" decoding=\"async\" class=\"wp-image-5115\" src=\"https:\/\/www.upo.es\/patio-colorado\/wp-content\/uploads\/2022\/05\/EuYH3bnWYAE80F1-819x1024.jpeg\" alt=\"\" width=\"346\" height=\"433\" srcset=\"https:\/\/www.upo.es\/patio-colorado\/wp-content\/uploads\/2022\/05\/EuYH3bnWYAE80F1-819x1024.jpeg 819w, https:\/\/www.upo.es\/patio-colorado\/wp-content\/uploads\/2022\/05\/EuYH3bnWYAE80F1-240x300.jpeg 240w, https:\/\/www.upo.es\/patio-colorado\/wp-content\/uploads\/2022\/05\/EuYH3bnWYAE80F1-768x960.jpeg 768w, https:\/\/www.upo.es\/patio-colorado\/wp-content\/uploads\/2022\/05\/EuYH3bnWYAE80F1.jpeg 960w\" sizes=\"auto, (max-width: 346px) 100vw, 346px\" \/><figcaption id=\"caption-attachment-5115\" class=\"wp-caption-text\">Virgen de los Dolores en Soledad, de Brenes. Fotograf\u00eda ofrecida por Estudio Condevaleo<\/figcaption><\/figure>\n<p>La siguiente campana est\u00e1 orientada hacia el oeste, es decir, justo donde se encuentra la \u00abPuerta del Perd\u00f3n\u00bb o \u00abPuerta de los Novios\u00bb como se conoce actualmente debido a que es la puerta por la que entran los novios cuando acuden a desposarse en esta parroquia, y que da justo al frente del gran retablo.\u00a0 Ella es la camapana \u00abVirgen del Rosario\u00bb, haciendo referencia a la patrona del pueblo de Brenes, la virgen que le da nombre, y que preside la iglesia en forma de una espectacular imagen que sale en procesi\u00f3n la primera semana de octubre, iniciando las fiestas locales.<\/p>\n<\/div>\n<div><\/div>\n<div>\n<figure id=\"attachment_5110\" aria-describedby=\"caption-attachment-5110\" style=\"width: 283px\" class=\"wp-caption aligncenter\"><img loading=\"lazy\" decoding=\"async\" class=\"wp-image-5110\" src=\"https:\/\/www.upo.es\/patio-colorado\/wp-content\/uploads\/2022\/05\/CAMPANAVIRGENDELROSARIOMIA.jpeg\" alt=\"\" width=\"283\" height=\"425\" srcset=\"https:\/\/www.upo.es\/patio-colorado\/wp-content\/uploads\/2022\/05\/CAMPANAVIRGENDELROSARIOMIA.jpeg 426w, https:\/\/www.upo.es\/patio-colorado\/wp-content\/uploads\/2022\/05\/CAMPANAVIRGENDELROSARIOMIA-200x300.jpeg 200w\" sizes=\"auto, (max-width: 283px) 100vw, 283px\" \/><figcaption id=\"caption-attachment-5110\" class=\"wp-caption-text\">M\u00e1s peque\u00f1a que la principal, pero id\u00e9ntica a sus otras dos \u00abhermanas\u00bb en tama\u00f1o.<\/figcaption><\/figure>\n<figure id=\"attachment_5116\" aria-describedby=\"caption-attachment-5116\" style=\"width: 419px\" class=\"wp-caption aligncenter\"><img loading=\"lazy\" decoding=\"async\" class=\"wp-image-5116\" src=\"https:\/\/www.upo.es\/patio-colorado\/wp-content\/uploads\/2022\/05\/71390609_2650207764998394_5663486718527930368_n.jpeg\" alt=\"\" width=\"419\" height=\"314\" srcset=\"https:\/\/www.upo.es\/patio-colorado\/wp-content\/uploads\/2022\/05\/71390609_2650207764998394_5663486718527930368_n.jpeg 960w, https:\/\/www.upo.es\/patio-colorado\/wp-content\/uploads\/2022\/05\/71390609_2650207764998394_5663486718527930368_n-300x225.jpeg 300w, https:\/\/www.upo.es\/patio-colorado\/wp-content\/uploads\/2022\/05\/71390609_2650207764998394_5663486718527930368_n-768x576.jpeg 768w\" sizes=\"auto, (max-width: 419px) 100vw, 419px\" \/><figcaption id=\"caption-attachment-5116\" class=\"wp-caption-text\">Virgen del Rosario de Brenes, patrona de la localidad y origen del nombre de la segunda campana. Fotograf\u00eda por Oliva de Salteras<\/figcaption><\/figure>\n<div>\n<p>Si nos situamos ahora hacia el lado sur de la parroquia, es decir, justo en el peque\u00f1o jard\u00edn de la misma, encontraremos a la tercera campana. Ella es la campana \u00abSan Jose\u00bb, pero es m\u00e1s conocida como la que suena en bautizos, puesto que justo bajo ella en el interior de la iglesia se encuentra la enorme pila bautismal con forma de concha, de piedra labrada de color rojizo y moteado blanco calizo.\u00a0 Su nombre puede venir por el cuadro del santo hom\u00f3nimo que se encuentra en el mismo muro sur de la iglesia parroquial.<\/p>\n<p><img loading=\"lazy\" decoding=\"async\" class=\"aligncenter size-full wp-image-5111\" src=\"https:\/\/www.upo.es\/patio-colorado\/wp-content\/uploads\/2022\/05\/CAMPANASANJOSEMIA.jpeg\" alt=\"\" width=\"233\" height=\"400\" srcset=\"https:\/\/www.upo.es\/patio-colorado\/wp-content\/uploads\/2022\/05\/CAMPANASANJOSEMIA.jpeg 233w, https:\/\/www.upo.es\/patio-colorado\/wp-content\/uploads\/2022\/05\/CAMPANASANJOSEMIA-175x300.jpeg 175w\" sizes=\"auto, (max-width: 233px) 100vw, 233px\" \/><br \/>\nPor \u00faltimo, pero no por ello menos importante, la campana que se encuentra en el lado este, o la que da hacia el tejado de la parroquia, y por tanto resuena sobre las naves del templo: \u00abSan Victor\u00bb. Ella es la que suena cuando se dan las misas en honor a los difuntos. No existe una conexi\u00f3n entre el martir y el pueblo, pero se sabe que San V\u00edctor ahuyenta a los mayor esp\u00edritus, por lo que no es un nombre inapropiado para una campana que suena en las misas de enterramientos.<\/p>\n<\/div>\n<div><\/div>\n<div>\n<div class=\"separator\"><img loading=\"lazy\" decoding=\"async\" class=\"aligncenter wp-image-5112\" src=\"https:\/\/www.upo.es\/patio-colorado\/wp-content\/uploads\/2022\/05\/SANVIRTORMIA.jpeg\" alt=\"\" width=\"201\" height=\"303\" srcset=\"https:\/\/www.upo.es\/patio-colorado\/wp-content\/uploads\/2022\/05\/SANVIRTORMIA.jpeg 212w, https:\/\/www.upo.es\/patio-colorado\/wp-content\/uploads\/2022\/05\/SANVIRTORMIA-199x300.jpeg 199w\" sizes=\"auto, (max-width: 201px) 100vw, 201px\" \/><\/div>\n<p>Ellas son las cuatro campanas del campanario de la parroquia de Brenes, y aunque sus nombres son desconocidos para la mayor\u00eda de los breneros, si que son verdaderamente conocidas por darle ese toque especial a cada evento que se vive en el pueblo.<\/p>\n<\/div>\n<div>Sin embargo, las cuatro se han sometido a distintas restauraciones ya que, pese a ser tan majestuosas, el peso de los a\u00f1os cae sobre todos, incluidas ellas.<\/div>\n<div><\/div>\n<div>Y si a alguien le ha picado la curiosidad y quiere saber como suenan en acci\u00f3n, dejamos un video de las cuatro haciendo el toque a \u00abGloria\u00bb:<\/div>\n<div>\n<div style=\"width: 540px;\" class=\"wp-video\"><video class=\"wp-video-shortcode\" id=\"video-5108-1\" width=\"540\" height=\"360\" preload=\"metadata\" controls=\"controls\"><source type=\"video\/mp4\" src=\"https:\/\/www.upo.es\/patio-colorado\/wp-content\/uploads\/2022\/05\/MELODIA-DE-BRENES.mp4?_=1\" \/><a href=\"https:\/\/www.upo.es\/patio-colorado\/wp-content\/uploads\/2022\/05\/MELODIA-DE-BRENES.mp4\">https:\/\/www.upo.es\/patio-colorado\/wp-content\/uploads\/2022\/05\/MELODIA-DE-BRENES.mp4<\/a><\/video><\/div>\n<\/div>\n<\/div>\n","protected":false},"excerpt":{"rendered":"<p>La Iglesia de la Pur\u00edsima Concepci\u00f3n de Brenes se sit\u00faa en la plaza Primero de Mayo, al pie de la calle Real, la v\u00eda principal y calle m\u00e1s extensa de la localidad. Pese a contar con bastantes siglos de historia y ser un lugar que frecuentan tanto j\u00f3venes como mayores, hay algo que no muchos [&hellip;]<\/p>\n","protected":false},"author":75,"featured_media":5113,"comment_status":"open","ping_status":"open","sticky":false,"template":"","format":"standard","meta":{"_acf_changed":false,"_monsterinsights_skip_tracking":false,"_monsterinsights_sitenote_active":false,"_monsterinsights_sitenote_note":"","_monsterinsights_sitenote_category":0,"footnotes":""},"categories":[24,170,44,301],"tags":[],"class_list":["post-5108","post","type-post","status-publish","format-standard","has-post-thumbnail","hentry","category-conservacion-y-restauracion","category-monumentos-y-turismo","category-patrimonio","category-sevilla"],"blocksy_meta":[],"acf":[],"jetpack_featured_media_url":"https:\/\/www.upo.es\/patio-colorado\/wp-content\/uploads\/2022\/05\/1843@2x.jpeg","_links":{"self":[{"href":"https:\/\/www.upo.es\/patio-colorado\/wp-json\/wp\/v2\/posts\/5108","targetHints":{"allow":["GET"]}}],"collection":[{"href":"https:\/\/www.upo.es\/patio-colorado\/wp-json\/wp\/v2\/posts"}],"about":[{"href":"https:\/\/www.upo.es\/patio-colorado\/wp-json\/wp\/v2\/types\/post"}],"author":[{"embeddable":true,"href":"https:\/\/www.upo.es\/patio-colorado\/wp-json\/wp\/v2\/users\/75"}],"replies":[{"embeddable":true,"href":"https:\/\/www.upo.es\/patio-colorado\/wp-json\/wp\/v2\/comments?post=5108"}],"version-history":[{"count":5,"href":"https:\/\/www.upo.es\/patio-colorado\/wp-json\/wp\/v2\/posts\/5108\/revisions"}],"predecessor-version":[{"id":5121,"href":"https:\/\/www.upo.es\/patio-colorado\/wp-json\/wp\/v2\/posts\/5108\/revisions\/5121"}],"wp:featuredmedia":[{"embeddable":true,"href":"https:\/\/www.upo.es\/patio-colorado\/wp-json\/wp\/v2\/media\/5113"}],"wp:attachment":[{"href":"https:\/\/www.upo.es\/patio-colorado\/wp-json\/wp\/v2\/media?parent=5108"}],"wp:term":[{"taxonomy":"category","embeddable":true,"href":"https:\/\/www.upo.es\/patio-colorado\/wp-json\/wp\/v2\/categories?post=5108"},{"taxonomy":"post_tag","embeddable":true,"href":"https:\/\/www.upo.es\/patio-colorado\/wp-json\/wp\/v2\/tags?post=5108"}],"curies":[{"name":"wp","href":"https:\/\/api.w.org\/{rel}","templated":true}]}}