{"id":5125,"date":"2022-05-26T17:09:54","date_gmt":"2022-05-26T17:09:54","guid":{"rendered":"https:\/\/www.upo.es\/patio-colorado\/?p=5125"},"modified":"2022-05-26T17:09:54","modified_gmt":"2022-05-26T17:09:54","slug":"la-necropolis-de-carmona-la-tumba-de-postumio-en-el-mundo-funerario-romano","status":"publish","type":"post","link":"https:\/\/www.upo.es\/patio-colorado\/2022\/05\/26\/la-necropolis-de-carmona-la-tumba-de-postumio-en-el-mundo-funerario-romano\/","title":{"rendered":"La Necr\u00f3polis de Carmona: La tumba de postumio en el mundo funerario romano"},"content":{"rendered":"<p><span style=\"font-weight: 400\">El hallazgo de la Necr\u00f3polis de Carmona en Sevilla, junto al del Anfiteatro, se di\u00f3 a finales del siglo XIX, gracias al trabajo de Juan Fern\u00e1ndez L\u00f3pez y la ayuda del arque\u00f3logo ingl\u00e9s George E. Bonsor.<\/span><\/p>\n<p>&nbsp;<\/p>\n<p><span style=\"font-weight: 400\">La inauguraci\u00f3n de esta fue en 1885, siendo el primer yacimiento arqueol\u00f3gico en toda Espa\u00f1a accesible al p\u00fablico, hasta que en 1930 se don\u00f3 al Estado y dej\u00f3 de ser una empresa privada. Poco m\u00e1s tarde, en 1984, la Junta de Andaluc\u00eda cambi\u00f3 su nombre a \u201cConjunto Arqueol\u00f3gico de Carmona\u201d (CAC).<\/span><\/p>\n<p><span style=\"font-weight: 400\">Una de las cosas a destacar en el siglo XIX en Espa\u00f1a fue el comienzo de las iniciativas y proyectos que comenzaron a dar patrimonio arqueol\u00f3gico a la naci\u00f3n.<\/span><\/p>\n<p>&nbsp;<\/p>\n<p><span style=\"font-weight: 400\">Empezamos hablando sobre los rituales antiguos de enterramiento, de los cuales el m\u00e1s frecuente era la incineraci\u00f3n, y las tumbas pod\u00edan variar dependiendo de si las cenizas la depositaban en una fosa, la cual cubr\u00edan con t\u00e9gulas, ladrillos, etc.\u00a0<\/span><\/p>\n<p><span style=\"font-weight: 400\">Para cremar al muerto, se colocaba en una pila donde ard\u00eda hasta quedarse en cenizas, despu\u00e9s se depositaban sus cenizas en un recipiente o urna y se enterraba en una tumba o mausoleo.<\/span><\/p>\n<p>&nbsp;<\/p>\n<p><span style=\"font-weight: 400\">La realidad arqueol\u00f3gica nos muestra que en verdad fueron mucho m\u00e1s flexibles y complejos, como demuestra una tumba de postumio en la necr\u00f3polis de Carmona, en la cual se pueden observar la mezcla de los dos tipos de enterramientos en uno; en el suelo una tumba de enumacion y en las nichos de las paredes huecos para depositar las urnas procedentes de la cremaci\u00f3n. En caso de que los vivos no lo cumplieran, los muertos se vengar\u00eda de estos.<\/span><\/p>\n<p><span style=\"font-weight: 400\">Siguiendo con el caso de Carmona, la necr\u00f3polis est\u00e1 fuera de su ciudad, pero adem\u00e1s, se encuentra frente a frente con el anfiteatro, no es una casualidad, ya que el anfiteatro es una arquitectura monumental vinculada con la muerte.<\/span><\/p>\n<p><img loading=\"lazy\" decoding=\"async\" class=\"size-medium wp-image-5127 aligncenter\" src=\"https:\/\/www.upo.es\/patio-colorado\/wp-content\/uploads\/2022\/05\/tumba-300x200.jpg\" alt=\"\" width=\"300\" height=\"200\" srcset=\"https:\/\/www.upo.es\/patio-colorado\/wp-content\/uploads\/2022\/05\/tumba-300x200.jpg 300w, https:\/\/www.upo.es\/patio-colorado\/wp-content\/uploads\/2022\/05\/tumba.jpg 600w\" sizes=\"auto, (max-width: 300px) 100vw, 300px\" \/><\/p>\n<p style=\"text-align: center\"><span style=\"font-weight: 400\">Imagen:<\/span><i><span style=\"font-weight: 400\"> Tumba de postumio en la Necr\u00f3polis de Carmona<\/span><\/i><span style=\"font-weight: 400\">. (2020, 29 agosto). [Fotograf\u00eda]. QU\u00c9 VISITAR, VER Y HACER EN CARMONA, SEVILLA. https:\/\/andorreandoporelmundo.com\/2020\/08\/que-visitar-ver-y-hacer-en-carmona-sevilla\/<\/span><\/p>\n<p>&nbsp;<\/p>\n<p><span style=\"font-weight: 400\">El mundo funerario romano segu\u00eda una premisa b\u00e1sica, y era \u201clos vivos para con sus muertos\u201d. \u201c<\/span><i><span style=\"font-weight: 400\">Iusta Facere<\/span><\/i><span style=\"font-weight: 400\">\u201d es el conjunto de cultos (y obligaciones) que los vivos le deb\u00edan a los muertos, o como ellos lo llamaban,\u00a0 justicia hacia el finado.<\/span><\/p>\n<p><span style=\"font-weight: 400\">La sacralidad del terreno funerario era muy importante, desde el momento en que un cuerpo se depositaba en un terreno, ya fueran las cenizas u el cuerpo, este terreno pasaba a considerarse intocable, no refiri\u00e9ndonos a las construcciones levantadas sobre el cuerpo, sino la misma tierra en la que se hab\u00edan depositado esos restos mortales. As\u00ed, la exhumaci\u00f3n de un cad\u00e1ver para su traslado, se convirti\u00f3 en una fuente de conflicto y en un acto legal y ritual de gran complejidad.<\/span><\/p>\n<p>&nbsp;<\/p>\n<p>&nbsp;<\/p>\n<p><span style=\"font-weight: 400\">Bibliograf\u00eda:\u00a0<\/span><\/p>\n<p><i><span style=\"font-weight: 400\">-Necr\u00f3polis y Anfiteatro \u2013 Oficina de Turismo de Carmona<\/span><\/i><span style=\"font-weight: 400\">. (2021, 24 junio). Necr\u00f3polis y Anfiteatro. <\/span><a href=\"https:\/\/turismo.carmona.org\/necropolis\/\"><span style=\"font-weight: 400\">https:\/\/turismo.carmona.org\/necropolis\/<\/span><\/a><\/p>\n<p><span style=\"font-weight: 400\">-Ildefonso Ruiz Cecilia, J. (2022, mayo). <\/span><i><span style=\"font-weight: 400\">De Necr\u00f3polis Romana de Carmona a Conjunto Arqueol\u00f3gico de Carmona<\/span><\/i><span style=\"font-weight: 400\">. Museo Arqueol\u00f3gico Nacional. https:\/\/www.researchgate.net\/publication\/322716852_De_Necropolis_Romana_de_Carmona_a_Conjunto_Arqueologico_de_Carmona_From_Necropolis_Romana_de_Carmona_to_Conjunto_Arqueologico_de_Carmona<\/span><\/p>\n<p><span style=\"font-weight: 400\">-Imagen destacada: ABCdesevilla. (2014, 17 febrero). <\/span><i><span style=\"font-weight: 400\">La muerte en 3D, en la Necr\u00f3polis de Carmona<\/span><\/i><span style=\"font-weight: 400\"> [Imagen]. https:\/\/sevilla.abc.es\/cultura\/20140217\/sevi-necro-carmona-tumbas-201402162111.html?ref=https%3A%2F%2Fwww.google.com%2F<\/span><\/p>\n<p>&nbsp;<\/p>\n","protected":false},"excerpt":{"rendered":"<p>El hallazgo de la Necr\u00f3polis de Carmona en Sevilla, junto al del Anfiteatro, se di\u00f3 a finales del siglo XIX, gracias al trabajo de Juan Fern\u00e1ndez L\u00f3pez y la ayuda del arque\u00f3logo ingl\u00e9s George E. Bonsor. &nbsp; La inauguraci\u00f3n de esta fue en 1885, siendo el primer yacimiento arqueol\u00f3gico en toda Espa\u00f1a accesible al p\u00fablico, [&hellip;]<\/p>\n","protected":false},"author":93,"featured_media":5126,"comment_status":"open","ping_status":"open","sticky":false,"template":"","format":"standard","meta":{"_acf_changed":false,"_monsterinsights_skip_tracking":false,"_monsterinsights_sitenote_active":false,"_monsterinsights_sitenote_note":"","_monsterinsights_sitenote_category":0,"footnotes":""},"categories":[1],"tags":[],"class_list":["post-5125","post","type-post","status-publish","format-standard","has-post-thumbnail","hentry","category-sin-categoria"],"blocksy_meta":[],"acf":[],"jetpack_featured_media_url":"https:\/\/www.upo.es\/patio-colorado\/wp-content\/uploads\/2022\/05\/nec\u00b4rpolis.jpg","_links":{"self":[{"href":"https:\/\/www.upo.es\/patio-colorado\/wp-json\/wp\/v2\/posts\/5125","targetHints":{"allow":["GET"]}}],"collection":[{"href":"https:\/\/www.upo.es\/patio-colorado\/wp-json\/wp\/v2\/posts"}],"about":[{"href":"https:\/\/www.upo.es\/patio-colorado\/wp-json\/wp\/v2\/types\/post"}],"author":[{"embeddable":true,"href":"https:\/\/www.upo.es\/patio-colorado\/wp-json\/wp\/v2\/users\/93"}],"replies":[{"embeddable":true,"href":"https:\/\/www.upo.es\/patio-colorado\/wp-json\/wp\/v2\/comments?post=5125"}],"version-history":[{"count":2,"href":"https:\/\/www.upo.es\/patio-colorado\/wp-json\/wp\/v2\/posts\/5125\/revisions"}],"predecessor-version":[{"id":5129,"href":"https:\/\/www.upo.es\/patio-colorado\/wp-json\/wp\/v2\/posts\/5125\/revisions\/5129"}],"wp:featuredmedia":[{"embeddable":true,"href":"https:\/\/www.upo.es\/patio-colorado\/wp-json\/wp\/v2\/media\/5126"}],"wp:attachment":[{"href":"https:\/\/www.upo.es\/patio-colorado\/wp-json\/wp\/v2\/media?parent=5125"}],"wp:term":[{"taxonomy":"category","embeddable":true,"href":"https:\/\/www.upo.es\/patio-colorado\/wp-json\/wp\/v2\/categories?post=5125"},{"taxonomy":"post_tag","embeddable":true,"href":"https:\/\/www.upo.es\/patio-colorado\/wp-json\/wp\/v2\/tags?post=5125"}],"curies":[{"name":"wp","href":"https:\/\/api.w.org\/{rel}","templated":true}]}}