{"id":5156,"date":"2022-05-26T18:04:29","date_gmt":"2022-05-26T18:04:29","guid":{"rendered":"https:\/\/www.upo.es\/patio-colorado\/?p=5156"},"modified":"2022-05-26T18:04:29","modified_gmt":"2022-05-26T18:04:29","slug":"el-festival-de-los-patios-de-cordoba-origen-y-actualidad","status":"publish","type":"post","link":"https:\/\/www.upo.es\/patio-colorado\/2022\/05\/26\/el-festival-de-los-patios-de-cordoba-origen-y-actualidad\/","title":{"rendered":"El festival de los Patios de C\u00f3rdoba: Origen y actualidad"},"content":{"rendered":"<p>El recorrido por los patios delicadamente ornamentados en la ciudad andaluza de C\u00f3rdoba es sin duda una de sus principales atracciones tur\u00edsticas.<\/p>\n<p>Pero, \u00bfCu\u00e1l es su origen?<\/p>\n<p>&nbsp;<\/p>\n<p>El concepto de patio ya resultaba muy familiar en el siglo XI para los \u00e1rabes, que conceb\u00edan el patio de su hogar como una soluci\u00f3n para la ventilaci\u00f3n sin necesidad de tener ventanas exteriores, evitando as\u00ed las miradas indiscretas de los curiosos que pasasen por la fachada. Los cristianos posteriormente en el siglo XIII consideraron el patio \u00e1rabe como una buena forma de mantener las casas fr\u00edas durante el verano, de modo que decidieron mantenerlo en su cultura. Poco a poco, los patios se fueron convirtiendo en espacios comunes en los que se reun\u00edan varias familias para llevar a cabo labores del hogar.<\/p>\n<p>&nbsp;<\/p>\n<p>C\u00f3rdoba pasaba por una \u00e9poca dif\u00edcil a nivel econ\u00f3mico y este d\u00e9ficit se vio reflejado en el cuidado de las casas. La falta de recursos hac\u00eda que fuese casi imposible reparar con propiedad los muros de los patios por lo que se comenzaron a tapar los desperfectos con macetas. De ah\u00ed que a d\u00eda de hoy se haya popularizado la costumbre de llenar los muros de flores; jazmines, geranios, rosas, nardos y claveles inundan la ciudad de C\u00f3rdoba con sus colores dejando en un segundo plano a la pobreza en la que estaban sumidas muchas de las familias. Poco a poco este remedio se fue convirtiendo en una competici\u00f3n por tener el patio mejor decorado, algo que en la actualidad se ha convertido en una celebraci\u00f3n anual.<\/p>\n<p>&nbsp;<\/p>\n<p>Este concurso comenz\u00f3 a llevarse a cabo de manera oficial en 1918, bajo el nombre de <em>Festival de los Patios Cordobeses<\/em>. Durante la Guerra Civil se paraliz\u00f3 para volver a ponerse en marcha en la d\u00e9cada de los 50, impulsado por el alcalde Antonio Cruz Conde. Hoy en d\u00eda es uno de los puntos clave para el turismo cordob\u00e9s y la ciudad recibe a m\u00e1s de 200.000 personas al a\u00f1o para ser testigos de este acontecimiento tan especial.<\/p>\n<p>&nbsp;<\/p>\n<p><img loading=\"lazy\" decoding=\"async\" class=\"size-medium wp-image-5168 aligncenter\" src=\"https:\/\/www.upo.es\/patio-colorado\/wp-content\/uploads\/2022\/05\/patio-1-300x198.jpg\" alt=\"\" width=\"300\" height=\"198\" srcset=\"https:\/\/www.upo.es\/patio-colorado\/wp-content\/uploads\/2022\/05\/patio-1-300x198.jpg 300w, https:\/\/www.upo.es\/patio-colorado\/wp-content\/uploads\/2022\/05\/patio-1-1024x677.jpg 1024w, https:\/\/www.upo.es\/patio-colorado\/wp-content\/uploads\/2022\/05\/patio-1-768x508.jpg 768w, https:\/\/www.upo.es\/patio-colorado\/wp-content\/uploads\/2022\/05\/patio-1.jpg 1098w\" sizes=\"auto, (max-width: 300px) 100vw, 300px\" \/><\/p>\n<p style=\"text-align: center\">Imagen: <i>Festival de los patios cordobeses<\/i>. (2016, 2 mayo). [Fotograf\u00eda]. www.republica.com. https:\/\/www.republica.com\/cultura\/arranca-la-fiesta-de-los-patios-de-cordoba-con-47-recintos-20160502-1652479017\/<\/p>\n<p>&nbsp;<\/p>\n<p>&nbsp;<\/p>\n<p>Bibliograf\u00eda:<\/p>\n<p><em>-Arte En C\u00f3rdoba<\/em> https:\/\/www.artencordoba.com\/patios\/historia-patio-cordobes-origen-evolucion\/<\/p>\n<p>&nbsp;<\/p>\n<p>&nbsp;<\/p>\n","protected":false},"excerpt":{"rendered":"<p>El recorrido por los patios delicadamente ornamentados en la ciudad andaluza de C\u00f3rdoba es sin duda una de sus principales atracciones tur\u00edsticas. Pero, \u00bfCu\u00e1l es su origen? &nbsp; El concepto de patio ya resultaba muy familiar en el siglo XI para los \u00e1rabes, que conceb\u00edan el patio de su hogar como una soluci\u00f3n para la [&hellip;]<\/p>\n","protected":false},"author":93,"featured_media":5163,"comment_status":"open","ping_status":"open","sticky":false,"template":"","format":"standard","meta":{"_acf_changed":false,"_monsterinsights_skip_tracking":false,"_monsterinsights_sitenote_active":false,"_monsterinsights_sitenote_note":"","_monsterinsights_sitenote_category":0,"footnotes":""},"categories":[1],"tags":[],"class_list":["post-5156","post","type-post","status-publish","format-standard","has-post-thumbnail","hentry","category-sin-categoria"],"blocksy_meta":[],"acf":[],"jetpack_featured_media_url":"https:\/\/www.upo.es\/patio-colorado\/wp-content\/uploads\/2022\/05\/patiosss.jpg","_links":{"self":[{"href":"https:\/\/www.upo.es\/patio-colorado\/wp-json\/wp\/v2\/posts\/5156","targetHints":{"allow":["GET"]}}],"collection":[{"href":"https:\/\/www.upo.es\/patio-colorado\/wp-json\/wp\/v2\/posts"}],"about":[{"href":"https:\/\/www.upo.es\/patio-colorado\/wp-json\/wp\/v2\/types\/post"}],"author":[{"embeddable":true,"href":"https:\/\/www.upo.es\/patio-colorado\/wp-json\/wp\/v2\/users\/93"}],"replies":[{"embeddable":true,"href":"https:\/\/www.upo.es\/patio-colorado\/wp-json\/wp\/v2\/comments?post=5156"}],"version-history":[{"count":1,"href":"https:\/\/www.upo.es\/patio-colorado\/wp-json\/wp\/v2\/posts\/5156\/revisions"}],"predecessor-version":[{"id":5171,"href":"https:\/\/www.upo.es\/patio-colorado\/wp-json\/wp\/v2\/posts\/5156\/revisions\/5171"}],"wp:featuredmedia":[{"embeddable":true,"href":"https:\/\/www.upo.es\/patio-colorado\/wp-json\/wp\/v2\/media\/5163"}],"wp:attachment":[{"href":"https:\/\/www.upo.es\/patio-colorado\/wp-json\/wp\/v2\/media?parent=5156"}],"wp:term":[{"taxonomy":"category","embeddable":true,"href":"https:\/\/www.upo.es\/patio-colorado\/wp-json\/wp\/v2\/categories?post=5156"},{"taxonomy":"post_tag","embeddable":true,"href":"https:\/\/www.upo.es\/patio-colorado\/wp-json\/wp\/v2\/tags?post=5156"}],"curies":[{"name":"wp","href":"https:\/\/api.w.org\/{rel}","templated":true}]}}