{"id":5211,"date":"2022-05-26T22:30:13","date_gmt":"2022-05-26T22:30:13","guid":{"rendered":"https:\/\/www.upo.es\/patio-colorado\/?p=5211"},"modified":"2022-05-28T16:43:59","modified_gmt":"2022-05-28T16:43:59","slug":"una-vida-entre-ladrillos","status":"publish","type":"post","link":"https:\/\/www.upo.es\/patio-colorado\/2022\/05\/26\/una-vida-entre-ladrillos\/","title":{"rendered":"Una vida entre ladrillos"},"content":{"rendered":"<p><span style=\"font-weight: 400\">En este art\u00edculo se habla sobre las barrer\u00edas que existieron a lo largo del s. XX en El Viso del Alcor. Estos lugares dieron trabajo a muchos vecinos de la zona. Seg\u00fan el Tesoro de los diccionarios hist\u00f3ricos de la lengua espa\u00f1ola, barrer\u00eda se define de la siguiente forma: \u00abAlfarer\u00eda. [&#8230;] F\u00e1bricas de alfar de barro basto o \u00e1spero [&#8230;]\u00bb.<\/span><\/p>\n<p><span style=\"font-weight: 400\">Para conocer mucho m\u00e1s sobre las barrer\u00edas, he contado con la ayuda de dos vecinos de El Viso del Alcor que de una forma u otra sus vidas se encuentran ligadas a esta peculiar profesi\u00f3n.<\/span><\/p>\n<p><span style=\"font-weight: 400\">Jos\u00e9 Ruiz Guti\u00e9rrez, uno de los \u00faltimos barreros del municipio, quien guarda en sus recuerdos toda la informaci\u00f3n sobre la <\/span>profesi\u00f3n a la que ha dedicado toda su vida. Gracias a \u00e9l, conoceremos todos los detalles de este oficio tan especial.<\/p>\n<p><span style=\"font-weight: 400\">Enrique Vergara, miembro de la Asociaci\u00f3n Cultural Fuente del Sol, quien ha realizado un estudio sobre la localizaci\u00f3n de las barrer\u00edas y, con el paso de los a\u00f1os, ha ido recabando informaci\u00f3n sobre esta profesi\u00f3n, gracias a los testimonios de los \u00faltimos barreros que quedan por la zona. Adem\u00e1s de esto, ha realizado una maqueta inspirada en la \u201cbarrer\u00eda de Marian<\/span>o\u201d, es decir, la barrer\u00eda de Jos\u00e9, a quien hemos mencionado con anterioridad. Si dese\u00e1is conocer con profundidad la maqueta, no os perd\u00e1is este v\u00eddeo: <a href=\"https:\/\/m.youtube.com\/watch?v=Pcm8ySiPytA&amp;feature=youtu.be\"><span data-rich-links=\"{&quot;fple-t&quot;:&quot;LA CULTURA DEL BARRO .&quot;,&quot;fple-u&quot;:&quot;https:\/\/m.youtube.com\/watch?v=Pcm8ySiPytA&amp;feature=youtu.be&quot;,&quot;fple-mt&quot;:null,&quot;type&quot;:&quot;first-party-link&quot;}\">LA CULTURA DEL BARRO .<\/span><\/a><\/p>\n<p><span style=\"font-weight: 400\">Los primeros datos sobre ladrilleros que se registran en El Viso del Alcor datan de mediados\/finales del s. XVIII. Se hace referencia a la existencia de dos, concretamente, Blas Iglesias y Francisco C\u00e1ndido. El 28 de diciembre de 1860, el Duque de Medinaceli le vende a Jos\u00e9 Moreno Rold\u00e1n 3 cuartillos de terreno ubicado en la Fuente de la Muela, dicho terreno le costar\u00e1 180 reales de vell\u00f3n. En este lugar, se funda una de las primeras barrer\u00edas, \u201cla de Ganchola\u201d. Este mismo a\u00f1o se crea la barrer\u00eda de Enrique Guti\u00e9rrez Gavira, conocida como la \u201cbarrer\u00eda de Enriquito\u201d.<\/span><\/p>\n<figure id=\"attachment_5229\" aria-describedby=\"caption-attachment-5229\" style=\"width: 207px\" class=\"wp-caption alignnone\"><img loading=\"lazy\" decoding=\"async\" class=\"size-medium wp-image-5229\" src=\"https:\/\/www.upo.es\/patio-colorado\/wp-content\/uploads\/2022\/05\/Captura-3-207x300.png\" alt=\"\" width=\"207\" height=\"300\" srcset=\"https:\/\/www.upo.es\/patio-colorado\/wp-content\/uploads\/2022\/05\/Captura-3-207x300.png 207w, https:\/\/www.upo.es\/patio-colorado\/wp-content\/uploads\/2022\/05\/Captura-3.png 328w\" sizes=\"auto, (max-width: 207px) 100vw, 207px\" \/><figcaption id=\"caption-attachment-5229\" class=\"wp-caption-text\">Copia del contrato de venta entre el Duque de Medinaceli y Jos\u00e9 Moreno Rold\u00e1n<\/figcaption><\/figure>\n<p><span style=\"font-weight: 400\">Hacia el primer cuarto del s. XX, el Ayuntamiento cede a algunos vecinos del municipio, de forma gratuita, unos terrenos ubicados en El Ca\u00f1alizo (actual calle Santa Luc\u00eda) para establecer barrer\u00edas. Dicho terreno se encontraba dividido en parcelas de 750 m2, 30 m de fachada por 25 m de fondo. Lo \u00fanico que ten\u00edan que hacer los barreros a cambio era ceder un millar de ladrillos al cementerio. De toda esta informaci\u00f3n no se registr\u00f3 nada por escrito, todo se conoce gracias al testimonio de los vecinos.<\/span><\/p>\n<p><span style=\"font-weight: 400\">M\u00e1s adelante, en la zona de la Tablada baja, se construyeron m\u00e1s barrer\u00edas. Gracias al testimonio de Enrique Carri\u00f3n Guti\u00e9rrez, a quien le encargaron anotar el n\u00famero total de barrer\u00edas, podemos saber que a mediados del s. XX exist\u00edan unas 60 barrer\u00edas repartidas por el municipio.\u00a0<\/span><\/p>\n<p><span style=\"font-weight: 400\">Todas las barre<\/span>r\u00edas contaban con los siguientes elementos:<\/p>\n<ul>\n<li style=\"font-weight: 400\"><span style=\"font-weight: 400\">Una casa. En ella<\/span>, inicialmente, se utilizaba una candileja o brujilla para alumbrar. M\u00e1s adelante, estas fueron sustituidas por un carburo.<\/li>\n<li style=\"font-weight: 400\"><span style=\"font-weight: 400\">Un pozo con pil\u00f3n. El pozo contaba con una cuba, una vasija met\u00e1lica para sacar el agua.<\/span><\/li>\n<li style=\"font-weight: 400\"><span style=\"font-weight: 400\">El secadero para el barro.<\/span><\/li>\n<li style=\"font-weight: 400\"><span style=\"font-weight: 400\">Las pilas para amasar.<\/span><\/li>\n<li style=\"font-weight: 400\"><span style=\"font-weight: 400\">La pez, donde se depositaba el barro preparado para el corte.<\/span><\/li>\n<li style=\"font-weight: 400\"><span style=\"font-weight: 400\">La tarea, este era el lugar donde se cortaba el ladrillo.<\/span><\/li>\n<li style=\"font-weight: 400\"><span style=\"font-weight: 400\">El mantillo, un terreno que se encontraba entre la pez y la tarea.<\/span><\/li>\n<li style=\"font-weight: 400\"><span style=\"font-weight: 400\">Una reja donde se apilaban los ladrillos para que se secasen.<\/span><\/li>\n<li style=\"font-weight: 400\"><span style=\"font-weight: 400\">Un horno. Este a su vez, estaba formado por una puerta para cargarlo, una jaquifa (lugar donde se depositaba la le\u00f1a para introducirla en el horno) y una ca\u00f1opla (donde se coloca la le\u00f1a para quemarla).<\/span><\/li>\n<li style=\"font-weight: 400\"><span style=\"font-weight: 400\">Una ancina, donde se apilaba la le\u00f1a.<\/span><\/li>\n<li style=\"font-weight: 400\"><span style=\"font-weight: 400\">Un escorgaizo, una especie de habitaci\u00f3n donde se almacenaban los ladrillos ya cocidos.<\/span><\/li>\n<li style=\"font-weight: 400\"><span style=\"font-weight: 400\">Una reja para los ladrillos ya cocidos.<\/span><\/li>\n<\/ul>\n<p><span style=\"font-weight: 400\">(Vergara, s.f.)<\/span><\/p>\n<p><span style=\"font-weight: 400\">A pesar de que este oficio ya ha desaparecido casi por completo, en El Viso del Alcor a\u00fan existen dos barrer\u00edas activ<\/span>as. Ambas mantienen la tradici\u00f3n familiar, estas son las barrer\u00edas de Jaime Vallado Ruiz (sobrino de Jos\u00e9 Ruiz Guti\u00e9rrez) y Huertas Cer\u00e1mica Artesana (familiares de Enrique Guti\u00e9rrez Gavira). La primera mantiene el proceso tradicional de la fabricaci\u00f3n de los ladrillos. Mientras que Huertas Cer\u00e1mica Artesana ha modernizado y aumentado la producci\u00f3n de estos. Su especialidad es la teja \u00e1rabe, que la fabrican de manera artesanal, a excepci\u00f3n de la maquinaria que usan para la preparaci\u00f3n del barro. Estas tejas se han utilizado para restaurar monumentos como la Mezquita, la Plaza de Espa\u00f1a o la Catedral de Sevilla. Tambi\u00e9n realizan suelos de barro (R.R.B., El Viso del Alcor, 2015).<\/p>\n<p>&nbsp;<\/p>\n<p><span style=\"font-weight: 400\">Para conocer un poco m\u00e1s todo este mundo de las barrer\u00edas, he tenido la suerte de conversar con Jos\u00e9 Ruiz Guti\u00e9rrez, quien de primera mano nos ha contado <\/span>muchos detalles de su profesi\u00f3n.<\/p>\n<p><span style=\"font-weight: 400\">Antes de p<\/span>asar a la entrevista, vamos a conocer un poco m\u00e1s a Jos\u00e9. Tiene 83 a\u00f1os, naci\u00f3 el 16 de mayo de 1939 en El Viso del Alcor, era el tercero de seis hermanos. Su oficio de barrero viene de tradici\u00f3n familiar, ya que su padre tambi\u00e9n fue barrero y, al igual que \u00e9l, todos sus hermanos trabajaron en la barrer\u00eda familiar sin importar la edad o el sexo.<\/p>\n<p><img loading=\"lazy\" decoding=\"async\" class=\"alignnone size-medium wp-image-5218\" src=\"https:\/\/www.upo.es\/patio-colorado\/wp-content\/uploads\/2022\/05\/WhatsApp-Image-2022-05-26-at-11.58.14-PM-224x300.jpeg\" alt=\"\" width=\"224\" height=\"300\" srcset=\"https:\/\/www.upo.es\/patio-colorado\/wp-content\/uploads\/2022\/05\/WhatsApp-Image-2022-05-26-at-11.58.14-PM-224x300.jpeg 224w, https:\/\/www.upo.es\/patio-colorado\/wp-content\/uploads\/2022\/05\/WhatsApp-Image-2022-05-26-at-11.58.14-PM-766x1024.jpeg 766w, https:\/\/www.upo.es\/patio-colorado\/wp-content\/uploads\/2022\/05\/WhatsApp-Image-2022-05-26-at-11.58.14-PM-768x1027.jpeg 768w, https:\/\/www.upo.es\/patio-colorado\/wp-content\/uploads\/2022\/05\/WhatsApp-Image-2022-05-26-at-11.58.14-PM-1149x1536.jpeg 1149w, https:\/\/www.upo.es\/patio-colorado\/wp-content\/uploads\/2022\/05\/WhatsApp-Image-2022-05-26-at-11.58.14-PM.jpeg 1532w\" sizes=\"auto, (max-width: 224px) 100vw, 224px\" \/><\/p>\n<p>&nbsp;<\/p>\n<p><b>\u00bf<\/b><b>Con qu\u00e9 edad empezaste a trabajar en la barrer\u00eda? \u00bfCu\u00e1nto tiempo estuviste trabajando?<\/b><\/p>\n<p><span style=\"font-weight: 400\">Pues podr\u00eda decir que he dedicado casi toda mi vida al trabajo en la barrer\u00eda, ya que mi padre tambi\u00e9n era barrero y en esa \u00e9poca todos ayud\u00e1bamos en el trabajo. Cuando se cargaba el horno, todo el mundo arrimaba ladrillos, cada uno porteaba los que pod\u00eda y lo mismo ocurr\u00eda cuando hab\u00eda que recoger la tarea (ladrillos que se cortaban en el suelo).<\/span><\/p>\n<p><span style=\"font-weight: 400\">En mi caso, empec\u00e9 con unos 8 a\u00f1os a acarrear barro. Al principio, me cargaban los burros en el barrero y yo los arreaba hasta la casa. Desde ese momento me dediqu\u00e9 de lleno a la barrer\u00eda hasta los 50 a\u00f1os aproximadamente.<\/span><\/p>\n<p>&nbsp;<\/p>\n<p><b>\u00bfC\u00f3mo extra\u00edas el barro?<\/b><\/p>\n<p><span style=\"font-weight: 400\">En primer lugar, \u00edbamos todos los d\u00edas a la Tablada a por el barro, llev\u00e1bamos nuestros propios burros para acarrearlo hasta la barrer\u00eda. El barro se extra\u00eda de los barreros que exist\u00edan all\u00ed en la Tablada, lo cav\u00e1bamos y luego lo carg\u00e1bamos en los burros. Una vez que lleg\u00e1bamos a la barrer\u00eda, lo pon\u00edamos al lado de las pilas para que se secase porque cuando lo extra\u00edamos estaba mojado.\u00a0<\/span><\/p>\n<p>&nbsp;<\/p>\n<p><b>\u00bfC\u00f3mo era el proceso de fabricaci\u00f3n de los ladrillos y las tejas?<\/b><\/p>\n<p><span style=\"font-weight: 400\">Tras la extracci\u00f3n, y como he dicho anteriormente, el barro se dejaba secar unas 48 horas y\u00a0 cuando estaba seco, se machacaba y se echaba en la pila. All\u00ed, se regaba a mano (se sacaba el agua con dos cubas y se llenaba la pila de agua) para que se remojase y luego se remov\u00eda. Unas 2 o 3 horas despu\u00e9s de removerlo, se le pon\u00eda barro seco por encima.\u00a0<\/span><\/p>\n<p><span style=\"font-weight: 400\">Al d\u00eda siguiente, nos met\u00edamos en la pila y lig\u00e1bamos el barro hasta hacerlo una masa y tras esto, dos mujeres con ateneas sacaban el barro de la pila y lo pon\u00edan en un carrillo de madera. Con este carrillo se llevaba hasta el mantillo y all\u00ed se echaba durante 24 horas.\u00a0<\/span><\/p>\n<p><span style=\"font-weight: 400\">Luego, se pon\u00edan en una tarea (que estaba compuesta por 6 o 7 filas de ladrillos) y, en este mismo lugar, se dejaban secar. Una vez que estaban secos, se met\u00edan en el horno. Al principio se acarreaban hasta el horno a mano y, m\u00e1s adelante, con la ayuda de un carillo. Cuando el horno estaba lleno, dos personas se encargaban de cocerlo, es decir, meter la le\u00f1a por debajo (entre 50 y 52 cargas), se tardaba entre 17 y 18 horas en realizar esta tarea. Uno se encargaba de arrimar la le\u00f1a y el otro de meterla, es decir, uno estaba dentro de la jaquifa (agujero que se encontraba delante del horno para meter la le\u00f1a) y\u00a0 el otro dentro del horno, y cada cierto tiempo se cambiaban los roles. Tras 48 horas se descargaba el horno, se apilaban\u00a0 fuera y se regaban, ya que si no se regaba el ladrillo se reventaba y resquebrajaba. Lo\u00a0 que se conoce para los barreros como un ladrillo aventado.<\/span><\/p>\n<p><span style=\"font-weight: 400\">Una vez que estaban hechos se vend\u00edan\u00a0 y un vecino de Alcal\u00e1 ven\u00eda con\u00a0 carros o camiones a recogerlos.<\/span><\/p>\n<p><span style=\"font-weight: 400\">Por \u00faltimo, como dato curioso, me gustar\u00eda a\u00f1adir que en mi barrer\u00eda \u00e9ramos capaces de identificar por la se\u00f1al de las manos qui\u00e9n hab\u00eda hecho cada ladrillo.<\/span><\/p>\n<p>&nbsp;<\/p>\n<p><b>\u00bfQu\u00e9 herramientas usabas para trabajar?<\/b><\/p>\n<p><span style=\"font-weight: 400\">Pues la verdad que se trabajaba con utensilios muy distintos y estos depend\u00edan de la tarea que\u00a0 fu\u00e9semos a realizar dentro del proceso de fabricaci\u00f3n.<\/span><\/p>\n<p><span style=\"font-weight: 400\">Para extraer el barro, cont\u00e1bamos con una azada, un rastrillo, una esbarillaera o barbotina, un porrino (para cortar el barro), una pala y una espuerta, que me ayudaba a transportar el barro a las pilas.<\/span><\/p>\n<p><span style=\"font-weight: 400\">El mantillo se trabajaba con un ro (serv\u00eda para allanar la arena de la tarea), una atenea (usada para transportar el barro de las pilas al pez), la cual se sustituy\u00f3 por el carrillo un elemento m\u00e1s moderno y pr\u00e1ctico; tambi\u00e9n contaba con un alba\u00f1al (una vasija con agua para el corte del ladrillo) y la gabera, molde para dicho corte.<\/span><\/p>\n<p><span style=\"font-weight: 400\">Por \u00faltimo, relacionado con las tareas que se realizaban en el horno o ancina, necesitaba trabajar con el viergo, para apilar la le\u00f1a suelta; el gancho, para arrastrar la le\u00f1a a la jaquifa y una horquilla, para introducir la le\u00f1a dentro del horno.<\/span><\/p>\n<p>&nbsp;<\/p>\n<p><b>\u00bfCu\u00e1nto duraba una jornada de trabajo?<\/b><\/p>\n<p><span style=\"font-weight: 400\">La jornada comenzaba a las 6:30 h, la tarde anterior se labraba y preparaba la pila, y a esa hora comenz\u00e1bamos a cortar el barro. A las 13:00 h par\u00e1bamos para almorzar y ten\u00edamos 2 horas de descanso. A las 15:00 h volv\u00edamos al trabajo y continu\u00e1bamos hasta que se pusiese el sol. Sin embargo, los d\u00edas que se coc\u00eda el horno (tarea que sol\u00edan realizar los m\u00e1s mayores), nos levant\u00e1bamos entre la 1:00 y las 2:00 h para empezar a calentarlo y no termin\u00e1bamos hasta por la tarde.<\/span><\/p>\n<p>&nbsp;<\/p>\n<p><b>\u00bfCu\u00e1ntas barrer\u00edas hab\u00eda en El Viso del Alcor y cu\u00e1ntas personas trabajaban en una barrer\u00eda?<\/b><\/p>\n<p><span style=\"font-weight: 400\">Al principio, hab\u00eda unas 10 barrer\u00edas en todo el municipio y m\u00e1s adelante, hubo much\u00edsimas m\u00e1s, m\u00e1s de 50.<\/span><\/p>\n<p><span style=\"font-weight: 400\">En una barrer\u00eda pod\u00edan trabajar unas 6 personas, casi siempre de la misma familia, en mi caso hab\u00edamos 4 trabajando en ella, mi hermanas Dolores y Encarna, mi hermano Enrique y yo. Las pilas se cortaban seg\u00fan la cantidad de gente que trabajase en la barrer\u00eda, en la m\u00eda de una pila sal\u00edan 2 millares de ladrillos.<\/span><\/p>\n<p>&nbsp;<\/p>\n<p>A continuaci\u00f3n os muestro una recopilaci\u00f3n de im\u00e1genes de las barrer\u00edas de la \u00e9poca y de la maqueta realizada por Enrique Vergara.<\/p>\n<p>&nbsp;<\/p>\n<div id='gallery-1' class='gallery galleryid-5211 gallery-columns-3 gallery-size-thumbnail'><figure class='gallery-item'>\n\t\t\t<div class='gallery-icon landscape'>\n\t\t\t\t<a href='https:\/\/www.upo.es\/patio-colorado\/2022\/05\/26\/una-vida-entre-ladrillos\/nina-cajeto-20002\/'><img loading=\"lazy\" decoding=\"async\" width=\"150\" height=\"150\" src=\"https:\/\/www.upo.es\/patio-colorado\/wp-content\/uploads\/2022\/05\/NINA-CAJETO-20002-150x150.jpg\" class=\"attachment-thumbnail size-thumbnail\" alt=\"\" \/><\/a>\n\t\t\t<\/div><\/figure><figure class='gallery-item'>\n\t\t\t<div class='gallery-icon landscape'>\n\t\t\t\t<a href='https:\/\/www.upo.es\/patio-colorado\/2022\/05\/26\/una-vida-entre-ladrillos\/maqueta-1\/'><img loading=\"lazy\" decoding=\"async\" width=\"150\" height=\"150\" src=\"https:\/\/www.upo.es\/patio-colorado\/wp-content\/uploads\/2022\/05\/maqueta-1-150x150.jpg\" class=\"attachment-thumbnail size-thumbnail\" alt=\"\" \/><\/a>\n\t\t\t<\/div><\/figure><figure class='gallery-item'>\n\t\t\t<div class='gallery-icon landscape'>\n\t\t\t\t<a href='https:\/\/www.upo.es\/patio-colorado\/2022\/05\/26\/una-vida-entre-ladrillos\/maqueta-2\/'><img loading=\"lazy\" decoding=\"async\" width=\"150\" height=\"150\" src=\"https:\/\/www.upo.es\/patio-colorado\/wp-content\/uploads\/2022\/05\/maqueta-2-150x150.jpg\" class=\"attachment-thumbnail size-thumbnail\" alt=\"\" \/><\/a>\n\t\t\t<\/div><\/figure><figure class='gallery-item'>\n\t\t\t<div class='gallery-icon portrait'>\n\t\t\t\t<a href='https:\/\/www.upo.es\/patio-colorado\/2022\/05\/26\/una-vida-entre-ladrillos\/maqueta3\/'><img loading=\"lazy\" decoding=\"async\" width=\"150\" height=\"150\" src=\"https:\/\/www.upo.es\/patio-colorado\/wp-content\/uploads\/2022\/05\/maqueta3-150x150.jpg\" class=\"attachment-thumbnail size-thumbnail\" alt=\"\" \/><\/a>\n\t\t\t<\/div><\/figure><figure class='gallery-item'>\n\t\t\t<div class='gallery-icon portrait'>\n\t\t\t\t<a href='https:\/\/www.upo.es\/patio-colorado\/2022\/05\/26\/una-vida-entre-ladrillos\/captura-6\/'><img loading=\"lazy\" decoding=\"async\" width=\"150\" height=\"150\" src=\"https:\/\/www.upo.es\/patio-colorado\/wp-content\/uploads\/2022\/05\/Captura-2-150x150.png\" class=\"attachment-thumbnail size-thumbnail\" alt=\"\" aria-describedby=\"gallery-1-5224\" \/><\/a>\n\t\t\t<\/div>\n\t\t\t\t<figcaption class='wp-caption-text gallery-caption' id='gallery-1-5224'>\n\t\t\t\tJos\u00e9 trabajando en la pila\n\t\t\t\t<\/figcaption><\/figure><figure class='gallery-item'>\n\t\t\t<div class='gallery-icon landscape'>\n\t\t\t\t<a href='https:\/\/www.upo.es\/patio-colorado\/2022\/05\/26\/una-vida-entre-ladrillos\/captura-5\/'><img loading=\"lazy\" decoding=\"async\" width=\"150\" height=\"150\" src=\"https:\/\/www.upo.es\/patio-colorado\/wp-content\/uploads\/2022\/05\/Captura-1-150x150.png\" class=\"attachment-thumbnail size-thumbnail\" alt=\"\" \/><\/a>\n\t\t\t<\/div><\/figure><figure class='gallery-item'>\n\t\t\t<div class='gallery-icon portrait'>\n\t\t\t\t<a href='https:\/\/www.upo.es\/patio-colorado\/2022\/05\/26\/una-vida-entre-ladrillos\/captura-4\/'><img loading=\"lazy\" decoding=\"async\" width=\"150\" height=\"150\" src=\"https:\/\/www.upo.es\/patio-colorado\/wp-content\/uploads\/2022\/05\/Captura-150x150.png\" class=\"attachment-thumbnail size-thumbnail\" alt=\"\" aria-describedby=\"gallery-1-5222\" \/><\/a>\n\t\t\t<\/div>\n\t\t\t\t<figcaption class='wp-caption-text gallery-caption' id='gallery-1-5222'>\n\t\t\t\tJos\u00e9 y su familia\n\t\t\t\t<\/figcaption><\/figure><figure class='gallery-item'>\n\t\t\t<div class='gallery-icon landscape'>\n\t\t\t\t<a href='https:\/\/www.upo.es\/patio-colorado\/2022\/05\/26\/una-vida-entre-ladrillos\/horno-barreria\/'><img loading=\"lazy\" decoding=\"async\" width=\"150\" height=\"150\" src=\"https:\/\/www.upo.es\/patio-colorado\/wp-content\/uploads\/2022\/05\/HORNO-BARRERIA-150x150.jpg\" class=\"attachment-thumbnail size-thumbnail\" alt=\"\" \/><\/a>\n\t\t\t<\/div><\/figure><figure class='gallery-item'>\n\t\t\t<div class='gallery-icon portrait'>\n\t\t\t\t<a href='https:\/\/www.upo.es\/patio-colorado\/2022\/05\/26\/una-vida-entre-ladrillos\/profesion-31\/'><img loading=\"lazy\" decoding=\"async\" width=\"150\" height=\"150\" src=\"https:\/\/www.upo.es\/patio-colorado\/wp-content\/uploads\/2022\/05\/profesion-31-150x150.jpg\" class=\"attachment-thumbnail size-thumbnail\" alt=\"\" \/><\/a>\n\t\t\t<\/div><\/figure><figure class='gallery-item'>\n\t\t\t<div class='gallery-icon landscape'>\n\t\t\t\t<a href='https:\/\/www.upo.es\/patio-colorado\/2022\/05\/26\/una-vida-entre-ladrillos\/p-13\/'><img loading=\"lazy\" decoding=\"async\" width=\"150\" height=\"150\" src=\"https:\/\/www.upo.es\/patio-colorado\/wp-content\/uploads\/2022\/05\/p-13-150x150.jpg\" class=\"attachment-thumbnail size-thumbnail\" alt=\"\" \/><\/a>\n\t\t\t<\/div><\/figure><figure class='gallery-item'>\n\t\t\t<div class='gallery-icon landscape'>\n\t\t\t\t<a href='https:\/\/www.upo.es\/patio-colorado\/2022\/05\/26\/una-vida-entre-ladrillos\/p-16\/'><img loading=\"lazy\" decoding=\"async\" width=\"150\" height=\"150\" src=\"https:\/\/www.upo.es\/patio-colorado\/wp-content\/uploads\/2022\/05\/p-16-150x150.jpg\" class=\"attachment-thumbnail size-thumbnail\" alt=\"\" \/><\/a>\n\t\t\t<\/div><\/figure>\n\t\t<\/div>\n\n<p>&nbsp;<\/p>\n<p><strong>Bibliograf\u00eda<\/strong><\/p>\n<p><span style=\"font-weight: 400\">Informaci\u00f3n recabada por Enrique Vergara<\/span><\/p>\n<p><span style=\"font-weight: 400\">Huertas Cer\u00e1mica Artesana. (s.f.). <\/span><i><span style=\"font-weight: 400\">Nuestra Historia. <\/span><\/i><a href=\"https:\/\/www.tejasarabes.com\/historia\/\"><span style=\"font-weight: 400\">https:\/\/www.tejasarabes.com\/historia\/<\/span><\/a><\/p>\n<p><span style=\"font-weight: 400\">Real Academia Espa\u00f1ola. (s.f.). Barrer\u00eda. En<\/span><i><span style=\"font-weight: 400\"> Tesoro de los diccionarios hist\u00f3ricos de la lengua espa\u00f1ola<\/span><\/i><span style=\"font-weight: 400\">. Recuperado el 5 de mayo de 2022, de <\/span><a href=\"https:\/\/www.rae.es\/tdhle\/barrer%C3%ADa\"><span style=\"font-weight: 400\">https:\/\/www.rae.es\/tdhle\/barrer%C3%ADa<\/span><\/a><\/p>\n<p><span style=\"font-weight: 400\">R.R.B., El Viso del Alcor (2015). Tejas visue\u00f1as para monumentos. <\/span><i><span style=\"font-weight: 400\">Diario de Sevilla.<\/span><\/i> <a href=\"https:\/\/www.diariodesevilla.es\/aquilaprovincia\/Tejas-visuenas-monumentos_0_876812311.html\"><span style=\"font-weight: 400\">https:\/\/www.diariodesevilla.es\/aquilaprovincia\/Tejas-visuenas-monumentos_0_876812311.html<\/span><\/a><\/p>\n<p><span style=\"font-weight: 400\">Testimonio de Jos\u00e9 Ruiz<\/span><\/p>\n","protected":false},"excerpt":{"rendered":"<p>En este art\u00edculo se habla sobre las barrer\u00edas que existieron a lo largo del s. XX en El Viso del Alcor. Estos lugares dieron trabajo a muchos vecinos de la zona. Seg\u00fan el Tesoro de los diccionarios hist\u00f3ricos de la lengua espa\u00f1ola, barrer\u00eda se define de la siguiente forma: \u00abAlfarer\u00eda. [&#8230;] F\u00e1bricas de alfar de [&hellip;]<\/p>\n","protected":false},"author":68,"featured_media":5216,"comment_status":"open","ping_status":"open","sticky":false,"template":"","format":"standard","meta":{"_acf_changed":false,"_monsterinsights_skip_tracking":false,"_monsterinsights_sitenote_active":false,"_monsterinsights_sitenote_note":"","_monsterinsights_sitenote_category":0,"footnotes":""},"categories":[137],"tags":[555,556,542,64,346,332,316,15],"class_list":["post-5211","post","type-post","status-publish","format-standard","has-post-thumbnail","hentry","category-entrevistas","tag-barrerias","tag-barreros","tag-elvisodelalcor","tag-patrimonio","tag-patrimoniocultural","tag-sevilla-cultura","tag-tradicion","tag-artesania"],"blocksy_meta":[],"acf":[],"jetpack_featured_media_url":"https:\/\/www.upo.es\/patio-colorado\/wp-content\/uploads\/2022\/05\/HORNO-BARRERIA.jpg","_links":{"self":[{"href":"https:\/\/www.upo.es\/patio-colorado\/wp-json\/wp\/v2\/posts\/5211","targetHints":{"allow":["GET"]}}],"collection":[{"href":"https:\/\/www.upo.es\/patio-colorado\/wp-json\/wp\/v2\/posts"}],"about":[{"href":"https:\/\/www.upo.es\/patio-colorado\/wp-json\/wp\/v2\/types\/post"}],"author":[{"embeddable":true,"href":"https:\/\/www.upo.es\/patio-colorado\/wp-json\/wp\/v2\/users\/68"}],"replies":[{"embeddable":true,"href":"https:\/\/www.upo.es\/patio-colorado\/wp-json\/wp\/v2\/comments?post=5211"}],"version-history":[{"count":6,"href":"https:\/\/www.upo.es\/patio-colorado\/wp-json\/wp\/v2\/posts\/5211\/revisions"}],"predecessor-version":[{"id":5523,"href":"https:\/\/www.upo.es\/patio-colorado\/wp-json\/wp\/v2\/posts\/5211\/revisions\/5523"}],"wp:featuredmedia":[{"embeddable":true,"href":"https:\/\/www.upo.es\/patio-colorado\/wp-json\/wp\/v2\/media\/5216"}],"wp:attachment":[{"href":"https:\/\/www.upo.es\/patio-colorado\/wp-json\/wp\/v2\/media?parent=5211"}],"wp:term":[{"taxonomy":"category","embeddable":true,"href":"https:\/\/www.upo.es\/patio-colorado\/wp-json\/wp\/v2\/categories?post=5211"},{"taxonomy":"post_tag","embeddable":true,"href":"https:\/\/www.upo.es\/patio-colorado\/wp-json\/wp\/v2\/tags?post=5211"}],"curies":[{"name":"wp","href":"https:\/\/api.w.org\/{rel}","templated":true}]}}