{"id":5219,"date":"2022-05-26T23:07:58","date_gmt":"2022-05-26T23:07:58","guid":{"rendered":"https:\/\/www.upo.es\/patio-colorado\/?p=5219"},"modified":"2022-05-26T23:07:58","modified_gmt":"2022-05-26T23:07:58","slug":"la-casa-del-pumarejo-de-sevilla","status":"publish","type":"post","link":"https:\/\/www.upo.es\/patio-colorado\/2022\/05\/26\/la-casa-del-pumarejo-de-sevilla\/","title":{"rendered":"La casa del Pumarejo de Sevilla"},"content":{"rendered":"<p>La casa del Pumarejo de Sevilla se encuentra en la Plaza del Pumarejo, por detr\u00e1s del arco de La Macarena en pleno casco hist\u00f3rico, cerca de la Alameda. Es una casa-palacio del siglo XVIII que se ha convertido en la actualidad en una casa de vecindad debido a un intento de expulsi\u00f3n de los vecinos por una empresa hotelera hace ya 22 a\u00f1os. Actualmente, pertenece al Ayuntamiento de Sevilla, y se encuentra protegida tras haber sido declarada como Bien d\u00e9 Inter\u00e9s \u00a0Cultural por la Consejer\u00eda de Cultura de la Junta de Andaluc\u00eda y es autogestionada por los vecinos a trav\u00e9s de la Asociaci\u00f3n Casa del Pumarejo.<\/p>\n<p>En esta asociaci\u00f3n se encuentran personas de diferentes colectivos que fomentan diferentes actividades de diferentes \u00e1mbitos como por ejemplo: culturales, sociales, artesanales, art\u00edsticas o pol\u00edticas. Si por algo se ha caracterizado esta gran casa es por la lucha que ha llevado a lo largo de los a\u00f1os, principalmente por las injusticias sociales y por su pelea contra la administraci\u00f3n ante la dejadez de esta por rehabilitar la casa, la cual es muy necesaria.<\/p>\n<p>La casa fue construida por Pedro Pumarejo, un mercader espa\u00f1ol que iba y ven\u00eda de las Am\u00e9ricas y despu\u00e9s pas\u00f3 a manos de los vecinos. Desde hace unos veinte a\u00f1os, esta casa ha pasado a ser un referente pues siempre ha plantado cara a los desahucios de sus vecinos y ha servido como refugio a mujeres maltratadas, personas sin recursos e inmigrantes.<\/p>\n<p>La casa cuenta con un gran patio andaluz, una biblioteca con libros donados y varias habitaciones peque\u00f1as, pero casi toda la casa est\u00e1 en unas condiciones lamentables y peligrosas para las personas que la habitan. Por este motivo, todos los a\u00f1os se presenta un presupuesto al Ayuntamiento para rehabilitar el edificio pero siempre se ha dejado para lo \u00faltimo. Las \u00a0personas que habitan en la casa es debido a que hace unos a\u00f1os el centro vecinal del Pumarejo, obtuvo una concesi\u00f3n durante 15 a\u00f1os para poder ocupar la casa gracias al PSOE e Izquierda Unida.<\/p>\n<p><img loading=\"lazy\" decoding=\"async\" class=\"size-medium wp-image-5235 aligncenter\" src=\"https:\/\/www.upo.es\/patio-colorado\/wp-content\/uploads\/2022\/05\/E319ED95-F9CA-49FC-BBC4-ECF2DA0B85AF-300x178.jpeg\" alt=\"\" width=\"300\" height=\"178\" srcset=\"https:\/\/www.upo.es\/patio-colorado\/wp-content\/uploads\/2022\/05\/E319ED95-F9CA-49FC-BBC4-ECF2DA0B85AF-300x178.jpeg 300w, https:\/\/www.upo.es\/patio-colorado\/wp-content\/uploads\/2022\/05\/E319ED95-F9CA-49FC-BBC4-ECF2DA0B85AF.jpeg 675w\" sizes=\"auto, (max-width: 300px) 100vw, 300px\" \/><\/p>\n<p style=\"text-align: center\"><em>Patio interior de la Casa del Pumarejo<\/em><\/p>\n<p>Afortunadamente, en este 2022 el Ayuntamiento, por fin ha decidido rehabilitar el edificio o eso parece. En la noticia recogida por <a href=\"https:\/\/www.europapress.es\/andalucia\/sevilla-00357\/noticia-sevilla-valora-aval-patrimonio-rehabilitacion-pumarejo-cuenta-ocho-millones-20220525152846.html\">europapress<\/a>\u00a0 del d\u00eda 25 de mayo, recoge que el Ayuntamiento est\u00e1 valorando seriamente un plan de rehabilitaci\u00f3n para la Casa del Pumarejo con un presupuesto de ocho millones de euros.\u00a0<em>\u00abEste proyecto contempla las obras definitivas y concretas que se realizar\u00e1n en este edificio del siglo XVIII declarado Bien de Inter\u00e9s Cultural (BIC) con un presupuesto de 7,94 millones de euros, de los que la primera fase asciende a 4,7 millones y que ya est\u00e1n consignados presupuestariamente, lo que nos permitir\u00e1 avanzar en el proceso de licitaci\u00f3n\u00bb,<\/em> ha comentado el delegado de H\u00e1bitat Urbano y Cohesi\u00f3n Social, Juan Manuel Flores (PSOE), en una nota del Consistorio. As\u00ed pues, parece que se arroja un poco de luz sobre este edificio tan emblem\u00e1tico y que tan buena labor hace a la sociedad menos favorecida.<\/p>\n<p>Fuentes:<\/p>\n<p>Europapress:<a href=\"https:\/\/www.europapress.es\/andalucia\/sevilla-00357\/noticia-sevilla-valora-aval-patrimonio-rehabilitacion-pumarejo-cuenta-ocho-millones-20220525152846.html\"> https:\/\/www.europapress.es\/andalucia\/sevilla-00357\/noticia-sevilla-valora-aval-patrimonio-rehabilitacion-pumarejo-cuenta-ocho-millones-20220525152846.html<\/a><\/p>\n<p>pumarejo.\u00f3rg: <a href=\"https:\/\/pumarejo.org\">https:\/\/pumarejo.org<\/a><\/p>\n<p>&nbsp;<\/p>\n","protected":false},"excerpt":{"rendered":"<p>La casa del Pumarejo de Sevilla se encuentra en la Plaza del Pumarejo, por detr\u00e1s del arco de La Macarena en pleno casco hist\u00f3rico, cerca de la Alameda. Es una casa-palacio del siglo XVIII que se ha convertido en la actualidad en una casa de vecindad debido a un intento de expulsi\u00f3n de los vecinos [&hellip;]<\/p>\n","protected":false},"author":80,"featured_media":5233,"comment_status":"open","ping_status":"open","sticky":false,"template":"","format":"standard","meta":{"_acf_changed":false,"_monsterinsights_skip_tracking":false,"_monsterinsights_sitenote_active":false,"_monsterinsights_sitenote_note":"","_monsterinsights_sitenote_category":0,"footnotes":""},"categories":[24],"tags":[80,346,210,18,6],"class_list":["post-5219","post","type-post","status-publish","format-standard","has-post-thumbnail","hentry","category-conservacion-y-restauracion","tag-actualidad","tag-patrimoniocultural","tag-historia","tag-restauracion","tag-sevilla"],"blocksy_meta":[],"acf":[],"jetpack_featured_media_url":"https:\/\/www.upo.es\/patio-colorado\/wp-content\/uploads\/2022\/05\/3226FFD8-F8AD-4DF0-A3E3-634963D9D97F.jpeg","_links":{"self":[{"href":"https:\/\/www.upo.es\/patio-colorado\/wp-json\/wp\/v2\/posts\/5219","targetHints":{"allow":["GET"]}}],"collection":[{"href":"https:\/\/www.upo.es\/patio-colorado\/wp-json\/wp\/v2\/posts"}],"about":[{"href":"https:\/\/www.upo.es\/patio-colorado\/wp-json\/wp\/v2\/types\/post"}],"author":[{"embeddable":true,"href":"https:\/\/www.upo.es\/patio-colorado\/wp-json\/wp\/v2\/users\/80"}],"replies":[{"embeddable":true,"href":"https:\/\/www.upo.es\/patio-colorado\/wp-json\/wp\/v2\/comments?post=5219"}],"version-history":[{"count":9,"href":"https:\/\/www.upo.es\/patio-colorado\/wp-json\/wp\/v2\/posts\/5219\/revisions"}],"predecessor-version":[{"id":5244,"href":"https:\/\/www.upo.es\/patio-colorado\/wp-json\/wp\/v2\/posts\/5219\/revisions\/5244"}],"wp:featuredmedia":[{"embeddable":true,"href":"https:\/\/www.upo.es\/patio-colorado\/wp-json\/wp\/v2\/media\/5233"}],"wp:attachment":[{"href":"https:\/\/www.upo.es\/patio-colorado\/wp-json\/wp\/v2\/media?parent=5219"}],"wp:term":[{"taxonomy":"category","embeddable":true,"href":"https:\/\/www.upo.es\/patio-colorado\/wp-json\/wp\/v2\/categories?post=5219"},{"taxonomy":"post_tag","embeddable":true,"href":"https:\/\/www.upo.es\/patio-colorado\/wp-json\/wp\/v2\/tags?post=5219"}],"curies":[{"name":"wp","href":"https:\/\/api.w.org\/{rel}","templated":true}]}}