{"id":5261,"date":"2022-05-27T02:06:48","date_gmt":"2022-05-27T02:06:48","guid":{"rendered":"https:\/\/www.upo.es\/patio-colorado\/?p=5261"},"modified":"2022-05-27T02:18:39","modified_gmt":"2022-05-27T02:18:39","slug":"5261","status":"publish","type":"post","link":"https:\/\/www.upo.es\/patio-colorado\/2022\/05\/27\/5261\/","title":{"rendered":"\u00bfPor qu\u00e9 visitar C\u00f3rdoba?"},"content":{"rendered":"<p><span style=\"font-weight: 400\">C\u00f3rdoba es una ciudad muy hist\u00f3rica de Andaluc\u00eda que cuenta con impresionantes ruinas antiguas. Es una ciudad que deber\u00eda estar en la lista de lugares para visitar de cualquiera que est\u00e9 en Espa\u00f1a. C\u00f3rdoba fue originalmente un asentamiento romano que luego fue tomada por los visigodos. Despu\u00e9s de que los musulmanes conquistaran Espa\u00f1a, se convirti\u00f3 en la capital del califato omeya de C\u00f3rdoba. C\u00f3rdoba es una de las mejores ciudades de Espa\u00f1a para ver la arquitectura musulmana.<\/span><\/p>\n<p><span style=\"font-weight: 400\">Durante el dominio musulm\u00e1n, C\u00f3rdoba se convirti\u00f3 en un centro mundial de educaci\u00f3n y aprendizaje. En el siglo X, se cree que fue la segunda ciudad m\u00e1s grande de Europa. Despu\u00e9s de la Reconquista por los reyes cristianos en 1236, pas\u00f3 a formar parte de la Corona de Castilla.<\/span><\/p>\n<p><span style=\"font-weight: 400\">Hoy, C\u00f3rdoba es famosa por tener algunos de los ejemplos m\u00e1s notables de arquitectura musulmana en Espa\u00f1a. La Mezquita Catedral fue declarada Patrimonio de la Humanidad por la UNESCO en 1984 y posteriormente se ampli\u00f3 para incluir todo el centro hist\u00f3rico de C\u00f3rdoba, Medina-Azahara y el Festival de Los Patios. Cuenta con cuatro sitios del Patrimonio Mundial, m\u00e1s que en cualquier otro lugar del mundo.<\/span><\/p>\n<p><img loading=\"lazy\" decoding=\"async\" class=\"alignnone wp-image-5262 aligncenter\" src=\"https:\/\/www.upo.es\/patio-colorado\/wp-content\/uploads\/2022\/05\/PE2-300x160.jpg\" alt=\"\" width=\"568\" height=\"303\" srcset=\"https:\/\/www.upo.es\/patio-colorado\/wp-content\/uploads\/2022\/05\/PE2-300x160.jpg 300w, https:\/\/www.upo.es\/patio-colorado\/wp-content\/uploads\/2022\/05\/PE2-768x410.jpg 768w, https:\/\/www.upo.es\/patio-colorado\/wp-content\/uploads\/2022\/05\/PE2.jpg 880w\" sizes=\"auto, (max-width: 568px) 100vw, 568px\" \/><\/p>\n<p style=\"text-align: center\"><span style=\"font-weight: 400\">Fuente: Acci\u00f3nMK<\/span><\/p>\n<p><span style=\"font-weight: 400\">Mezquita-Catedral de C\u00f3rdoba<\/span><\/p>\n<p><span style=\"font-weight: 400\">Lo m\u00e1s famoso de C\u00f3rdoba capital sin duda es la Mezquita-Catedral de C\u00f3rdoba. Antes de la Reconquista, era una mezquita espectacular. Antiguamente fue la Gran Mezquita de C\u00f3rdoba (de ah\u00ed su nombre \u00abMezquita\u00bb). Seg\u00fan la leyenda, este fue el sitio de una iglesia visigoda llamada la Bas\u00edlica de San Vicente de Zaragoza.<\/span><\/p>\n<p><span style=\"font-weight: 400\">La Gran Mezquita se construy\u00f3 en el a\u00f1o 785 d.C. cuando C\u00f3rdoba era la capital de la regi\u00f3n musulmana. A lo largo de su vida se ampli\u00f3 muchas veces y se convirti\u00f3 en una de las mezquitas m\u00e1s importantes de la \u00e9poca. Se convirti\u00f3 en catedral en 1236, pero solo sufri\u00f3 modificaciones menores hasta el siglo XVI. En el siglo XVI, hubo una serie de modificaciones renacentistas.<\/span><\/p>\n<p><span style=\"font-weight: 400\">Hoy se considera un monumento importante en la historia de la arquitectura isl\u00e1mica aunque funciona como la catedral de la ciudad y all\u00ed se celebra misa todos los d\u00edas.<\/span><\/p>\n<p>&nbsp;<\/p>\n<p><span style=\"font-weight: 400\">Puente Romano de C\u00f3rdoba<\/span><\/p>\n<p><span style=\"font-weight: 400\">Otro gran atractivo de C\u00f3rdoba es el antiguo Puente Romano justo en el centro hist\u00f3rico. Originalmente fue construido en el siglo I a.C. pero ha sido reconstruido varias veces desde entonces (la mayor parte del puente actual data de los musulmanes en el siglo VIII). Cabe destacar que durante 2000 a\u00f1os (hasta la construcci\u00f3n del Puente San Rafael), fue el \u00fanico puente de la ciudad que cruzaba el r\u00edo.<\/span><\/p>\n<p>&nbsp;<\/p>\n<p><span style=\"font-weight: 400\">Alc\u00e1zar de los Reyes Cristianos<\/span><\/p>\n<p><span style=\"font-weight: 400\">Otro de los muchos atractivos de C\u00f3rdoba es el Alc\u00e1zar de los Reyes Cristianos. Tambi\u00e9n se encuentra en el centro hist\u00f3rico de C\u00f3rdoba cerca de la Gran Mezquita y es una fortaleza medieval. Sirvi\u00f3 como una de las residencias principales de Isabel I y Fernando II. Fue construido por el rey Alfonso XI de Castilla en 1328 sobre un debilitado castillo \u00e1rabe (y antes fue sede de la residencia del Gobernador romano y de la Aduana).<\/span><\/p>\n<p><span style=\"font-weight: 400\">El Alc\u00e1zar est\u00e1 compuesto por gruesos muros y fue tanto una fortaleza como un palacio. Una oscura funci\u00f3n que cumpl\u00eda la estructura era la sede de la Inquisici\u00f3n espa\u00f1ola, as\u00ed como una prisi\u00f3n. Ir\u00f3nicamente, cuenta con una torre llamada Inquisici\u00f3n y una torre llamada Palomas. El Alc\u00e1zar tambi\u00e9n tiene dos patios de los cuales el de estilo mud\u00e9jar es mucho m\u00e1s atractivo.<\/span><\/p>\n<p>&nbsp;<\/p>\n<p><span style=\"font-weight: 400\">Aunque hay muchos m\u00e1s sitios que conocer de C\u00f3rdoba, estos son imprescindibles y no te lo puedes perder.<\/span><\/p>\n<p>&nbsp;<\/p>\n<p><span style=\"font-weight: 400\">Bibliograf\u00eda:<\/span><\/p>\n<p><a href=\"https:\/\/www.turismodecordoba.org\/\"><span style=\"font-weight: 400\">https:\/\/www.turismodecordoba.org\/<\/span><\/a><\/p>\n<p><a href=\"https:\/\/sientecordoba.com\/\"><span style=\"font-weight: 400\">https:\/\/sientecordoba.com\/<\/span><\/a><span style=\"font-weight: 400\">\u00a0<\/span><\/p>\n<p>&nbsp;<\/p>\n<p>&nbsp;<\/p>\n","protected":false},"excerpt":{"rendered":"<p>C\u00f3rdoba es una ciudad muy hist\u00f3rica de Andaluc\u00eda que cuenta con impresionantes ruinas antiguas. Es una ciudad que deber\u00eda estar en la lista de lugares para visitar de cualquiera que est\u00e9 en Espa\u00f1a. C\u00f3rdoba fue originalmente un asentamiento romano que luego fue tomada por los visigodos. Despu\u00e9s de que los musulmanes conquistaran Espa\u00f1a, se convirti\u00f3 [&hellip;]<\/p>\n","protected":false},"author":42,"featured_media":5262,"comment_status":"open","ping_status":"open","sticky":false,"template":"","format":"standard","meta":{"_acf_changed":false,"_monsterinsights_skip_tracking":false,"_monsterinsights_sitenote_active":false,"_monsterinsights_sitenote_note":"","_monsterinsights_sitenote_category":0,"footnotes":""},"categories":[304,170],"tags":[345,565,564,566],"class_list":["post-5261","post","type-post","status-publish","format-standard","has-post-thumbnail","hentry","category-cordoba","category-monumentos-y-turismo","tag-cordoba","tag-alcazar","tag-monumentos","tag-puente-romano"],"blocksy_meta":[],"acf":[],"jetpack_featured_media_url":"https:\/\/www.upo.es\/patio-colorado\/wp-content\/uploads\/2022\/05\/PE2.jpg","_links":{"self":[{"href":"https:\/\/www.upo.es\/patio-colorado\/wp-json\/wp\/v2\/posts\/5261","targetHints":{"allow":["GET"]}}],"collection":[{"href":"https:\/\/www.upo.es\/patio-colorado\/wp-json\/wp\/v2\/posts"}],"about":[{"href":"https:\/\/www.upo.es\/patio-colorado\/wp-json\/wp\/v2\/types\/post"}],"author":[{"embeddable":true,"href":"https:\/\/www.upo.es\/patio-colorado\/wp-json\/wp\/v2\/users\/42"}],"replies":[{"embeddable":true,"href":"https:\/\/www.upo.es\/patio-colorado\/wp-json\/wp\/v2\/comments?post=5261"}],"version-history":[{"count":2,"href":"https:\/\/www.upo.es\/patio-colorado\/wp-json\/wp\/v2\/posts\/5261\/revisions"}],"predecessor-version":[{"id":5278,"href":"https:\/\/www.upo.es\/patio-colorado\/wp-json\/wp\/v2\/posts\/5261\/revisions\/5278"}],"wp:featuredmedia":[{"embeddable":true,"href":"https:\/\/www.upo.es\/patio-colorado\/wp-json\/wp\/v2\/media\/5262"}],"wp:attachment":[{"href":"https:\/\/www.upo.es\/patio-colorado\/wp-json\/wp\/v2\/media?parent=5261"}],"wp:term":[{"taxonomy":"category","embeddable":true,"href":"https:\/\/www.upo.es\/patio-colorado\/wp-json\/wp\/v2\/categories?post=5261"},{"taxonomy":"post_tag","embeddable":true,"href":"https:\/\/www.upo.es\/patio-colorado\/wp-json\/wp\/v2\/tags?post=5261"}],"curies":[{"name":"wp","href":"https:\/\/api.w.org\/{rel}","templated":true}]}}