{"id":5264,"date":"2022-05-27T02:09:05","date_gmt":"2022-05-27T02:09:05","guid":{"rendered":"https:\/\/www.upo.es\/patio-colorado\/?p=5264"},"modified":"2022-05-27T02:09:05","modified_gmt":"2022-05-27T02:09:05","slug":"antonino-pio-el-retorno-a-malaga","status":"publish","type":"post","link":"https:\/\/www.upo.es\/patio-colorado\/2022\/05\/27\/antonino-pio-el-retorno-a-malaga\/","title":{"rendered":"Antonino P\u00edo, el retorno a M\u00e1laga"},"content":{"rendered":"<p><span style=\"font-weight: 400\">La Junta de Andaluc\u00eda adquiri\u00f3 en enero un busto de Antonino P\u00edo para exponerlo en el Museo de M\u00e1laga por la estrecha vinculaci\u00f3n del emperador con la ciudad. <\/span><span style=\"font-weight: 400\">La compra fue anunciada a principios de enero por el presidente de la Junta de Andaluc\u00eda, Juanma Moreno, quien dijo que el Gobierno regional hab\u00eda pagado 80.000 euros por \u00e9l, lo que considera una inversi\u00f3n \u00abmuy razonable\u00bb.<\/span><\/p>\n<p><img loading=\"lazy\" decoding=\"async\" class=\"alignnone  wp-image-5265 aligncenter\" src=\"https:\/\/www.upo.es\/patio-colorado\/wp-content\/uploads\/2022\/05\/antonino-RBmmTuDnjFG6ixZ8Eo2Z72I-1248x770@Diario-Sur-300x185.jpg\" alt=\"\" width=\"542\" height=\"334\" srcset=\"https:\/\/www.upo.es\/patio-colorado\/wp-content\/uploads\/2022\/05\/antonino-RBmmTuDnjFG6ixZ8Eo2Z72I-1248x770@Diario-Sur-300x185.jpg 300w, https:\/\/www.upo.es\/patio-colorado\/wp-content\/uploads\/2022\/05\/antonino-RBmmTuDnjFG6ixZ8Eo2Z72I-1248x770@Diario-Sur-1024x632.jpg 1024w, https:\/\/www.upo.es\/patio-colorado\/wp-content\/uploads\/2022\/05\/antonino-RBmmTuDnjFG6ixZ8Eo2Z72I-1248x770@Diario-Sur-768x474.jpg 768w, https:\/\/www.upo.es\/patio-colorado\/wp-content\/uploads\/2022\/05\/antonino-RBmmTuDnjFG6ixZ8Eo2Z72I-1248x770@Diario-Sur.jpg 1248w\" sizes=\"auto, (max-width: 542px) 100vw, 542px\" \/><\/p>\n<p style=\"text-align: center\"><span style=\"font-weight: 400\">Fuente: Peri\u00f3dico Sur<\/span><\/p>\n<p style=\"text-align: center\">\n<p><span style=\"font-weight: 400\">Arque\u00f3logos e historiadores hab\u00edan dado la voz de alarma cuando vieron el busto a la venta en Feriarte, la feria de antig\u00fcedades de Madrid, a principios de diciembre. Desde hac\u00eda dos a\u00f1os, formaba parte de la Colecci\u00f3n Ifergan, en la galer\u00eda de la calle Sebasti\u00e1n Souvir\u00f3n de M\u00e1laga, de hecho, fue catalogado oficialmente como BIC (Bien de Inter\u00e9s Cultural), lo que imped\u00eda sacarlo de Espa\u00f1a.<\/span><\/p>\n<p><span style=\"font-weight: 400\">Se trata de una pieza excepcional, ya que es el \u00fanico retrato de un emperador vinculado a la M\u00e1laga romana del que se tiene constancia. Adem\u00e1s, se encuentra en buen estado de conservaci\u00f3n. Esculpido en m\u00e1rmol local en el siglo II, pertenece a la \u00e9poca altoimperial (138-161 d.C.), cuando Antonino P\u00edo asumi\u00f3 el gobierno.<\/span><\/p>\n<p><span style=\"font-weight: 400\">El busto se encontr\u00f3 por primera vez por casualidad en 1912 en la finca de San Guillermo, en el barrio de Huelin, a unos tres kil\u00f3metros del centro hist\u00f3rico de la ciudad. Llam\u00f3 la atenci\u00f3n por primera vez en 1963, en el VIII Congreso Nacional de Arqueolog\u00eda, que se celebr\u00f3 en Sevilla y M\u00e1laga, gracias a una de las grandes figuras de la arqueolog\u00eda malague\u00f1a, Sime\u00f3n Gim\u00e9nez-Reyna.<\/span><\/p>\n<p><span style=\"font-weight: 400\">Juanma Moreno destac\u00f3 el valor de esta pieza escult\u00f3rica para la historia de M\u00e1laga y asegur\u00f3 que en los \u00faltimos d\u00edas ha ido conociendo m\u00e1s sobre ella. Tambi\u00e9n dijo que, para \u00e9l personalmente, al ser malague\u00f1o, la adquisici\u00f3n del busto le parece un \u00abregalo anticipado de los Reyes Magos\u00bb.<\/span><\/p>\n<p>&nbsp;<\/p>\n<p><span style=\"font-weight: 400\">Bibliograf\u00eda:<\/span><\/p>\n<p><a href=\"https:\/\/elpais.com\/cultura\/2022-02-05\/malaga-recupera-el-busto-de-antonino-pio.html\"><span style=\"font-weight: 400\">https:\/\/elpais.com\/cultura\/2022-02-05\/malaga-recupera-el-busto-de-antonino-pio.html<\/span><\/a><\/p>\n<p>&nbsp;<\/p>\n","protected":false},"excerpt":{"rendered":"<p>La Junta de Andaluc\u00eda adquiri\u00f3 en enero un busto de Antonino P\u00edo para exponerlo en el Museo de M\u00e1laga por la estrecha vinculaci\u00f3n del emperador con la ciudad. La compra fue anunciada a principios de enero por el presidente de la Junta de Andaluc\u00eda, Juanma Moreno, quien dijo que el Gobierno regional hab\u00eda pagado 80.000 [&hellip;]<\/p>\n","protected":false},"author":42,"featured_media":5265,"comment_status":"open","ping_status":"open","sticky":false,"template":"","format":"standard","meta":{"_acf_changed":false,"_monsterinsights_skip_tracking":false,"_monsterinsights_sitenote_active":false,"_monsterinsights_sitenote_note":"","_monsterinsights_sitenote_category":0,"footnotes":""},"categories":[45,311],"tags":[178,567,568,359,569],"class_list":["post-5264","post","type-post","status-publish","format-standard","has-post-thumbnail","hentry","category-boletin-colorao","category-malaga","tag-museo","tag-antonino-pio","tag-busto","tag-malaga","tag-romano"],"blocksy_meta":[],"acf":[],"jetpack_featured_media_url":"https:\/\/www.upo.es\/patio-colorado\/wp-content\/uploads\/2022\/05\/antonino-RBmmTuDnjFG6ixZ8Eo2Z72I-1248x770@Diario-Sur.jpg","_links":{"self":[{"href":"https:\/\/www.upo.es\/patio-colorado\/wp-json\/wp\/v2\/posts\/5264","targetHints":{"allow":["GET"]}}],"collection":[{"href":"https:\/\/www.upo.es\/patio-colorado\/wp-json\/wp\/v2\/posts"}],"about":[{"href":"https:\/\/www.upo.es\/patio-colorado\/wp-json\/wp\/v2\/types\/post"}],"author":[{"embeddable":true,"href":"https:\/\/www.upo.es\/patio-colorado\/wp-json\/wp\/v2\/users\/42"}],"replies":[{"embeddable":true,"href":"https:\/\/www.upo.es\/patio-colorado\/wp-json\/wp\/v2\/comments?post=5264"}],"version-history":[{"count":1,"href":"https:\/\/www.upo.es\/patio-colorado\/wp-json\/wp\/v2\/posts\/5264\/revisions"}],"predecessor-version":[{"id":5266,"href":"https:\/\/www.upo.es\/patio-colorado\/wp-json\/wp\/v2\/posts\/5264\/revisions\/5266"}],"wp:featuredmedia":[{"embeddable":true,"href":"https:\/\/www.upo.es\/patio-colorado\/wp-json\/wp\/v2\/media\/5265"}],"wp:attachment":[{"href":"https:\/\/www.upo.es\/patio-colorado\/wp-json\/wp\/v2\/media?parent=5264"}],"wp:term":[{"taxonomy":"category","embeddable":true,"href":"https:\/\/www.upo.es\/patio-colorado\/wp-json\/wp\/v2\/categories?post=5264"},{"taxonomy":"post_tag","embeddable":true,"href":"https:\/\/www.upo.es\/patio-colorado\/wp-json\/wp\/v2\/tags?post=5264"}],"curies":[{"name":"wp","href":"https:\/\/api.w.org\/{rel}","templated":true}]}}