{"id":527,"date":"2020-03-06T17:43:14","date_gmt":"2020-03-06T17:43:14","guid":{"rendered":"https:\/\/www.upo.es\/patio-colorado\/?p=527"},"modified":"2020-04-26T09:10:21","modified_gmt":"2020-04-26T09:10:21","slug":"llora-la-semana-santa-muere-antonio-dube-de-luque","status":"publish","type":"post","link":"https:\/\/www.upo.es\/patio-colorado\/2020\/03\/06\/llora-la-semana-santa-muere-antonio-dube-de-luque\/","title":{"rendered":"Llora la Semana Santa, Muere Antonio Dub\u00e9 de Luque"},"content":{"rendered":"<p>Hablar de Antonio Dub\u00e9 de Luque es hablar de la Semana Santa. El 13 de septiembre del pasado a\u00f1o algo de esta Semana Santa se fue con la muerte de\u00a0este gran imaginero sevillano.<\/p>\n<p>Disc\u00edpulo de pintores y escultores de renombre como como\u00a0Juan Miguel S\u00e1nchez, Eduardo Acosta y Miguel P\u00e9rez Aguilera o Manuel Echegoy\u00e1n, ha desarrollado casi toda su actividad de imaginer\u00eda en su taller de la calle Alfarer\u00eda situada en el barrio sevillano de Triana.<\/p>\n<p>Imaginero de cabecera de una de las cofrad\u00edas con m\u00e1s identidad y solera de la ciudad, Los Servitas, autor de las v\u00edrgenes de Consolaci\u00f3n de la Sed, la Virgen de la Aurora de la Resurrecci\u00f3n y autor de la remodelaci\u00f3n final de la Virgen de la Soledad de Los Servitas, todas ellas en Sevilla destacando tambi\u00e9n una treintena de im\u00e1genes repartidas por toda Espa\u00f1a.<\/p>\n<p>Como pintor, en 1982 fue el autor del gran lienzo que presidi\u00f3 el altar que se puso para la beatificaci\u00f3n de sor Angela de la Cruz en el campo de la Feria de Sevilla, que actualmente se sit\u00faa en la ante-capilla donde reposan sus restos. Adem\u00e1s, fue cartelista de coronaci\u00f3n de la Virgen de la Encarnaci\u00f3n de San Benito en 1994 y de la Semana Santa en 2012.<\/p>\n<p>A nivel de restaurador, Antonio Dub\u00e9 de Luque ha restaurado numerosas obras como la Virgen de la Candelaria, tambi\u00e9n siendo autor de gran parte de las im\u00e1genes que componen el paso de misterio del Sagrado Decreto de la Trinidad. Como proyectista como coment\u00e1bamos anteriormente es el gran art\u00edfice de pr\u00e1cticamente todas las im\u00e1genes de la cofrad\u00eda de los Servitas, tambi\u00e9n destacando obras como el antiguo palio de la Virgen de Consolaci\u00f3n de Nervi\u00f3n vendido a Alcal\u00e1 de Guadaira, el Decreto de la Trinidad, el del Cristo de la Sed o el palio de la Virgen de Guadalupe. Colaborando tambi\u00e9n con las corporaciones de Nervi\u00f3n y San Marcos.<\/p>\n<p>No solo en Sevilla es una tragedia la perdida de este gran imaginero. En el resto de Andaluc\u00eda Antonio Dub\u00e9 de Luque dejo un gran legado en M\u00e1laga, Almer\u00eda o Ja\u00e9n.<\/p>\n<p>&nbsp;<\/p>\n<p>&nbsp;<\/p>\n<p>&nbsp;<\/p>\n<figure id=\"attachment_528\" aria-describedby=\"caption-attachment-528\" style=\"width: 300px\" class=\"wp-caption aligncenter\"><img loading=\"lazy\" decoding=\"async\" class=\"size-medium wp-image-528\" src=\"https:\/\/www.upo.es\/patio-colorado\/wp-content\/uploads\/2020\/03\/Imagen2-1-300x175.png\" alt=\"\" width=\"300\" height=\"175\" srcset=\"https:\/\/www.upo.es\/patio-colorado\/wp-content\/uploads\/2020\/03\/Imagen2-1-300x175.png 300w, https:\/\/www.upo.es\/patio-colorado\/wp-content\/uploads\/2020\/03\/Imagen2-1-768x448.png 768w, https:\/\/www.upo.es\/patio-colorado\/wp-content\/uploads\/2020\/03\/Imagen2-1.png 886w\" sizes=\"auto, (max-width: 300px) 100vw, 300px\" \/><figcaption id=\"caption-attachment-528\" class=\"wp-caption-text\"><a href=\"https:\/\/cadenaser.com\/emisora\/2019\/11\/07\/radio_sevilla\/1573121767_358690.html\">Imagen de archivo del imaginero \/ CADENA SER<\/a><\/figcaption><\/figure>\n<p><strong>\u00a0<\/strong><\/p>\n<p><strong>\u00a0<\/strong><\/p>\n<p><strong>Fuente: <\/strong><a href=\"https:\/\/sevilla.abc.es\/pasionensevilla\/actualidad\/noticias\/muere-artista-antonio-dube-luque-158743-1573118573.html\"><strong>ABC- Sevilla<\/strong><\/a><\/p>\n","protected":false},"excerpt":{"rendered":"<p>Hablar de Antonio Dub\u00e9 de Luque es hablar de la Semana Santa. El 13 de septiembre del pasado a\u00f1o algo de esta Semana Santa se fue con la muerte de\u00a0este gran imaginero sevillano. Disc\u00edpulo de pintores y escultores de renombre como como\u00a0Juan Miguel S\u00e1nchez, Eduardo Acosta y Miguel P\u00e9rez Aguilera o Manuel Echegoy\u00e1n, ha desarrollado [&hellip;]<\/p>\n","protected":false},"author":5,"featured_media":528,"comment_status":"open","ping_status":"open","sticky":false,"template":"","format":"standard","meta":{"_acf_changed":false,"_monsterinsights_skip_tracking":false,"_monsterinsights_sitenote_active":false,"_monsterinsights_sitenote_note":"","_monsterinsights_sitenote_category":0,"footnotes":""},"categories":[46,35,26],"tags":[],"class_list":["post-527","post","type-post","status-publish","format-standard","has-post-thumbnail","hentry","category-en-la-prensa","category-fiestas-tradiciones","category-gastronomia-artesania"],"blocksy_meta":[],"acf":[],"jetpack_featured_media_url":"https:\/\/www.upo.es\/patio-colorado\/wp-content\/uploads\/2020\/03\/Imagen2-1.png","_links":{"self":[{"href":"https:\/\/www.upo.es\/patio-colorado\/wp-json\/wp\/v2\/posts\/527","targetHints":{"allow":["GET"]}}],"collection":[{"href":"https:\/\/www.upo.es\/patio-colorado\/wp-json\/wp\/v2\/posts"}],"about":[{"href":"https:\/\/www.upo.es\/patio-colorado\/wp-json\/wp\/v2\/types\/post"}],"author":[{"embeddable":true,"href":"https:\/\/www.upo.es\/patio-colorado\/wp-json\/wp\/v2\/users\/5"}],"replies":[{"embeddable":true,"href":"https:\/\/www.upo.es\/patio-colorado\/wp-json\/wp\/v2\/comments?post=527"}],"version-history":[{"count":1,"href":"https:\/\/www.upo.es\/patio-colorado\/wp-json\/wp\/v2\/posts\/527\/revisions"}],"predecessor-version":[{"id":529,"href":"https:\/\/www.upo.es\/patio-colorado\/wp-json\/wp\/v2\/posts\/527\/revisions\/529"}],"wp:featuredmedia":[{"embeddable":true,"href":"https:\/\/www.upo.es\/patio-colorado\/wp-json\/wp\/v2\/media\/528"}],"wp:attachment":[{"href":"https:\/\/www.upo.es\/patio-colorado\/wp-json\/wp\/v2\/media?parent=527"}],"wp:term":[{"taxonomy":"category","embeddable":true,"href":"https:\/\/www.upo.es\/patio-colorado\/wp-json\/wp\/v2\/categories?post=527"},{"taxonomy":"post_tag","embeddable":true,"href":"https:\/\/www.upo.es\/patio-colorado\/wp-json\/wp\/v2\/tags?post=527"}],"curies":[{"name":"wp","href":"https:\/\/api.w.org\/{rel}","templated":true}]}}