{"id":5279,"date":"2022-05-27T02:22:29","date_gmt":"2022-05-27T02:22:29","guid":{"rendered":"https:\/\/www.upo.es\/patio-colorado\/?p=5279"},"modified":"2022-05-27T02:22:29","modified_gmt":"2022-05-27T02:22:29","slug":"el-acueducto-romano-de-almunecar","status":"publish","type":"post","link":"https:\/\/www.upo.es\/patio-colorado\/2022\/05\/27\/el-acueducto-romano-de-almunecar\/","title":{"rendered":"El acueducto romano de Almu\u00f1\u00e9car"},"content":{"rendered":"<p><span style=\"font-weight: 400\">El acueducto romano de Almu\u00f1\u00e9car se considera como el monumento de esta \u00e9poca m\u00e1s espectacular de la ciudad. Se conservan cinco tramos del mismo, los de Torrecuevas, la Carrera y los denominados tramos I, II y III de R\u00edo Seco. El acueducto de la Carrera de la Concepci\u00f3n tiene una longitud de 91 m., con doce arcos de 6 metros de altura m\u00e1xima, mientras que el de Torrecuevas, junto al cauce del R\u00edo Verde, cuenta con una longitud de 130 metros y cuenta con el tramo a la vista de mayor altura. Aunque sin duda, el acueducto III es el m\u00e1s espectacular de todos, con una longitud de 72 metros, y formado por dos cuerpos con nueve arcadas principales.\u00a0<\/span><\/p>\n<p><span style=\"font-weight: 400\">Este acueducto data del I d.C. y fue reutilizado posteriormente en el sistema de acequias \u00e1rabes. De hecho, hoy d\u00eda, algunos de sus tramos, concretamente cuatro, siguen siendo utilizados en el sistema de regad\u00edos tradicional. Su funci\u00f3n era la del abastecimiento de agua a la ciudad en la \u00e9poca del Alto Imperio Romano y se trata del acueducto romano mejor conservado de Andaluc\u00eda.<\/span><\/p>\n<p>&nbsp;<\/p>\n<p><img loading=\"lazy\" decoding=\"async\" class=\"alignnone  wp-image-5280 aligncenter\" src=\"https:\/\/www.upo.es\/patio-colorado\/wp-content\/uploads\/2022\/05\/569548bd3106f1319910910b30e34e56-roman-architecture-andalusia-300x225.jpg\" alt=\"\" width=\"460\" height=\"345\" srcset=\"https:\/\/www.upo.es\/patio-colorado\/wp-content\/uploads\/2022\/05\/569548bd3106f1319910910b30e34e56-roman-architecture-andalusia-300x225.jpg 300w, https:\/\/www.upo.es\/patio-colorado\/wp-content\/uploads\/2022\/05\/569548bd3106f1319910910b30e34e56-roman-architecture-andalusia.jpg 700w\" sizes=\"auto, (max-width: 460px) 100vw, 460px\" \/><\/p>\n<p style=\"text-align: center\"><span style=\"font-weight: 400\">Fuente: Pinterest<\/span><\/p>\n<p>&nbsp;<\/p>\n<p><span style=\"font-weight: 400\">Los manantiales suministraban a la ciudad se hallaban en la zona de La Angostura, en el R\u00edo Verde, cerca de Jete. All\u00ed se situaba el castellum aquae o dep\u00f3sito distribuidor de las aguas, suponi\u00e9ndose su ubicaci\u00f3n en el \u00e1rea m\u00e1s alta de \u00e9sta. Aparte de los tramos de acequias conservados que a\u00fan se siguen utilizando y de las canalizaciones subterr\u00e1neas, se descubren varios sectores en el cual la conducci\u00f3n se aprovechaba de los acueductos para salvar la orograf\u00eda del terreno. Este acueducto se considera Bien de Inter\u00e9s Cultural desde 1931.<\/span><\/p>\n<p>&nbsp;<\/p>\n<p><span style=\"font-weight: 400\">Bibliograf\u00eda:<\/span><\/p>\n<p><a href=\"https:\/\/www.turgranada.es\/fichas\/acueducto-romano-16876\/\"><span style=\"font-weight: 400\">https:\/\/www.turgranada.es\/fichas\/acueducto-romano-16876\/<\/span><\/a><\/p>\n<p><a href=\"https:\/\/rinconesdegranada.com\/acueducto-de-almunecar\"><span style=\"font-weight: 400\">https:\/\/rinconesdegranada.com\/acueducto-de-almunecar<\/span><\/a><span style=\"font-weight: 400\">\u00a0<\/span><\/p>\n","protected":false},"excerpt":{"rendered":"<p>El acueducto romano de Almu\u00f1\u00e9car se considera como el monumento de esta \u00e9poca m\u00e1s espectacular de la ciudad. Se conservan cinco tramos del mismo, los de Torrecuevas, la Carrera y los denominados tramos I, II y III de R\u00edo Seco. El acueducto de la Carrera de la Concepci\u00f3n tiene una longitud de 91 m., con [&hellip;]<\/p>\n","protected":false},"author":42,"featured_media":5280,"comment_status":"open","ping_status":"open","sticky":false,"template":"","format":"standard","meta":{"_acf_changed":false,"_monsterinsights_skip_tracking":false,"_monsterinsights_sitenote_active":false,"_monsterinsights_sitenote_note":"","_monsterinsights_sitenote_category":0,"footnotes":""},"categories":[170],"tags":[431,577,578,569,259],"class_list":["post-5279","post","type-post","status-publish","format-standard","has-post-thumbnail","hentry","category-monumentos-y-turismo","tag-almunecar","tag-acueducto","tag-bic","tag-romano","tag-turismo"],"blocksy_meta":[],"acf":[],"jetpack_featured_media_url":"https:\/\/www.upo.es\/patio-colorado\/wp-content\/uploads\/2022\/05\/569548bd3106f1319910910b30e34e56-roman-architecture-andalusia.jpg","_links":{"self":[{"href":"https:\/\/www.upo.es\/patio-colorado\/wp-json\/wp\/v2\/posts\/5279","targetHints":{"allow":["GET"]}}],"collection":[{"href":"https:\/\/www.upo.es\/patio-colorado\/wp-json\/wp\/v2\/posts"}],"about":[{"href":"https:\/\/www.upo.es\/patio-colorado\/wp-json\/wp\/v2\/types\/post"}],"author":[{"embeddable":true,"href":"https:\/\/www.upo.es\/patio-colorado\/wp-json\/wp\/v2\/users\/42"}],"replies":[{"embeddable":true,"href":"https:\/\/www.upo.es\/patio-colorado\/wp-json\/wp\/v2\/comments?post=5279"}],"version-history":[{"count":1,"href":"https:\/\/www.upo.es\/patio-colorado\/wp-json\/wp\/v2\/posts\/5279\/revisions"}],"predecessor-version":[{"id":5281,"href":"https:\/\/www.upo.es\/patio-colorado\/wp-json\/wp\/v2\/posts\/5279\/revisions\/5281"}],"wp:featuredmedia":[{"embeddable":true,"href":"https:\/\/www.upo.es\/patio-colorado\/wp-json\/wp\/v2\/media\/5280"}],"wp:attachment":[{"href":"https:\/\/www.upo.es\/patio-colorado\/wp-json\/wp\/v2\/media?parent=5279"}],"wp:term":[{"taxonomy":"category","embeddable":true,"href":"https:\/\/www.upo.es\/patio-colorado\/wp-json\/wp\/v2\/categories?post=5279"},{"taxonomy":"post_tag","embeddable":true,"href":"https:\/\/www.upo.es\/patio-colorado\/wp-json\/wp\/v2\/tags?post=5279"}],"curies":[{"name":"wp","href":"https:\/\/api.w.org\/{rel}","templated":true}]}}