{"id":531,"date":"2020-03-06T18:29:35","date_gmt":"2020-03-06T18:29:35","guid":{"rendered":"https:\/\/www.upo.es\/patio-colorado\/?p=531"},"modified":"2020-04-12T10:41:01","modified_gmt":"2020-04-12T10:41:01","slug":"exposicion-retrato-de-la-mujer-moderna","status":"publish","type":"post","link":"https:\/\/www.upo.es\/patio-colorado\/2020\/03\/06\/exposicion-retrato-de-la-mujer-moderna\/","title":{"rendered":"Exposici\u00f3n: retrato de la mujer moderna."},"content":{"rendered":"<p><img loading=\"lazy\" decoding=\"async\" class=\"alignnone size-full wp-image-541\" src=\"https:\/\/www.upo.es\/patio-colorado\/wp-content\/uploads\/2020\/03\/Unicaja-exp-1.jpeg\" alt=\"\" width=\"1296\" height=\"972\" srcset=\"https:\/\/www.upo.es\/patio-colorado\/wp-content\/uploads\/2020\/03\/Unicaja-exp-1.jpeg 1296w, https:\/\/www.upo.es\/patio-colorado\/wp-content\/uploads\/2020\/03\/Unicaja-exp-1-300x225.jpeg 300w, https:\/\/www.upo.es\/patio-colorado\/wp-content\/uploads\/2020\/03\/Unicaja-exp-1-1024x768.jpeg 1024w, https:\/\/www.upo.es\/patio-colorado\/wp-content\/uploads\/2020\/03\/Unicaja-exp-1-768x576.jpeg 768w\" sizes=\"auto, (max-width: 1296px) 100vw, 1296px\" \/><\/p>\n<p>Este domingo se celebra el D\u00eda Internacional de la Mujer, y la Fundaci\u00f3n Unicaja de Sevilla inaugura la exposici\u00f3n dedicada a ellas \u2013 \u201cMujeres, entre Renoir y Sorolla\u201d \u2013 47 obras que nunca antes fueron expuestas en Andaluc\u00eda.<\/p>\n<p><img loading=\"lazy\" decoding=\"async\" class=\"alignnone size-full wp-image-535\" src=\"https:\/\/www.upo.es\/patio-colorado\/wp-content\/uploads\/2020\/03\/unicaja-exp2-e1583518518590.jpg\" alt=\"\" width=\"1600\" height=\"1200\" srcset=\"https:\/\/www.upo.es\/patio-colorado\/wp-content\/uploads\/2020\/03\/unicaja-exp2-e1583518518590.jpg 1600w, https:\/\/www.upo.es\/patio-colorado\/wp-content\/uploads\/2020\/03\/unicaja-exp2-e1583518518590-300x225.jpg 300w, https:\/\/www.upo.es\/patio-colorado\/wp-content\/uploads\/2020\/03\/unicaja-exp2-e1583518518590-1024x768.jpg 1024w, https:\/\/www.upo.es\/patio-colorado\/wp-content\/uploads\/2020\/03\/unicaja-exp2-e1583518518590-768x576.jpg 768w, https:\/\/www.upo.es\/patio-colorado\/wp-content\/uploads\/2020\/03\/unicaja-exp2-e1583518518590-1536x1152.jpg 1536w\" sizes=\"auto, (max-width: 1600px) 100vw, 1600px\" \/><\/p>\n<p>El mundo femenino de finales del siglo XVIII &#8211; principios del XIX est\u00e1 representado en sus aspectos tradicionales y novedosos. Es una \u00e9poca de cambios y junto a la mujer trabajadora, madre de familia, vemos a la mujer que lee, la mujer que pinta, que pasa tiempo con sus amigas, que sale sin hombres, que monta bicicleta\u2026 Entre las obras realizadas en diferentes estilos y t\u00e9cnicas \u2013 al \u00f3leo, carboncillo, pastel o gouache \u2013 se encuentran retratos ambientados en preciosos paisajes, en lugares p\u00fablicos y espacios privados.<\/p>\n<p><img loading=\"lazy\" decoding=\"async\" class=\"alignnone size-full wp-image-539\" src=\"https:\/\/www.upo.es\/patio-colorado\/wp-content\/uploads\/2020\/03\/unicaja-2.jpg\" alt=\"\" width=\"1600\" height=\"1200\" srcset=\"https:\/\/www.upo.es\/patio-colorado\/wp-content\/uploads\/2020\/03\/unicaja-2.jpg 1600w, https:\/\/www.upo.es\/patio-colorado\/wp-content\/uploads\/2020\/03\/unicaja-2-300x225.jpg 300w, https:\/\/www.upo.es\/patio-colorado\/wp-content\/uploads\/2020\/03\/unicaja-2-1024x768.jpg 1024w, https:\/\/www.upo.es\/patio-colorado\/wp-content\/uploads\/2020\/03\/unicaja-2-768x576.jpg 768w, https:\/\/www.upo.es\/patio-colorado\/wp-content\/uploads\/2020\/03\/unicaja-2-1536x1152.jpg 1536w\" sizes=\"auto, (max-width: 1600px) 100vw, 1600px\" \/><\/p>\n<p>La exposici\u00f3n re\u00fane las obras de Renoir, Sorolla, Ram\u00f3n Casas, Santiago Rusi\u00f1ol, Manolo Huge, Torres Garc\u00eda \u2013 29 creadores en total \u2013 la colecci\u00f3n fue conformada por Francisco Daurella y actualmente pertenece a la Fundaci\u00f3n Fran Daurel. Se podr\u00e1 visitar en la sede de la Fundaci\u00f3n Unicaja (Av. de la Palmera, 45, Sevilla) hasta el pr\u00f3ximo 28 de junio.<img loading=\"lazy\" decoding=\"async\" class=\"alignnone size-full wp-image-545\" src=\"https:\/\/www.upo.es\/patio-colorado\/wp-content\/uploads\/2020\/03\/unicaja-exp..jpeg\" alt=\"\" width=\"1296\" height=\"972\" srcset=\"https:\/\/www.upo.es\/patio-colorado\/wp-content\/uploads\/2020\/03\/unicaja-exp..jpeg 1296w, https:\/\/www.upo.es\/patio-colorado\/wp-content\/uploads\/2020\/03\/unicaja-exp.-300x225.jpeg 300w, https:\/\/www.upo.es\/patio-colorado\/wp-content\/uploads\/2020\/03\/unicaja-exp.-1024x768.jpeg 1024w, https:\/\/www.upo.es\/patio-colorado\/wp-content\/uploads\/2020\/03\/unicaja-exp.-768x576.jpeg 768w\" sizes=\"auto, (max-width: 1296px) 100vw, 1296px\" \/><\/p>\n<p>&nbsp;<\/p>\n","protected":false},"excerpt":{"rendered":"<p>Este domingo se celebra el D\u00eda Internacional de la Mujer, y la Fundaci\u00f3n Unicaja de Sevilla inaugura la exposici\u00f3n dedicada a ellas \u2013 \u201cMujeres, entre Renoir y Sorolla\u201d \u2013 47 obras que nunca antes fueron expuestas en Andaluc\u00eda. El mundo femenino de finales del siglo XVIII &#8211; principios del XIX est\u00e1 representado en sus aspectos [&hellip;]<\/p>\n","protected":false},"author":21,"featured_media":544,"comment_status":"open","ping_status":"open","sticky":false,"template":"","format":"standard","meta":{"_acf_changed":false,"_monsterinsights_skip_tracking":false,"_monsterinsights_sitenote_active":false,"_monsterinsights_sitenote_note":"","_monsterinsights_sitenote_category":0,"footnotes":""},"categories":[44],"tags":[28,85,6],"class_list":["post-531","post","type-post","status-publish","format-standard","has-post-thumbnail","hentry","category-patrimonio","tag-arte","tag-exposicion","tag-sevilla"],"blocksy_meta":[],"acf":[],"jetpack_featured_media_url":"https:\/\/www.upo.es\/patio-colorado\/wp-content\/uploads\/2020\/03\/Unicaja-exp-2.jpeg","_links":{"self":[{"href":"https:\/\/www.upo.es\/patio-colorado\/wp-json\/wp\/v2\/posts\/531","targetHints":{"allow":["GET"]}}],"collection":[{"href":"https:\/\/www.upo.es\/patio-colorado\/wp-json\/wp\/v2\/posts"}],"about":[{"href":"https:\/\/www.upo.es\/patio-colorado\/wp-json\/wp\/v2\/types\/post"}],"author":[{"embeddable":true,"href":"https:\/\/www.upo.es\/patio-colorado\/wp-json\/wp\/v2\/users\/21"}],"replies":[{"embeddable":true,"href":"https:\/\/www.upo.es\/patio-colorado\/wp-json\/wp\/v2\/comments?post=531"}],"version-history":[{"count":7,"href":"https:\/\/www.upo.es\/patio-colorado\/wp-json\/wp\/v2\/posts\/531\/revisions"}],"predecessor-version":[{"id":547,"href":"https:\/\/www.upo.es\/patio-colorado\/wp-json\/wp\/v2\/posts\/531\/revisions\/547"}],"wp:featuredmedia":[{"embeddable":true,"href":"https:\/\/www.upo.es\/patio-colorado\/wp-json\/wp\/v2\/media\/544"}],"wp:attachment":[{"href":"https:\/\/www.upo.es\/patio-colorado\/wp-json\/wp\/v2\/media?parent=531"}],"wp:term":[{"taxonomy":"category","embeddable":true,"href":"https:\/\/www.upo.es\/patio-colorado\/wp-json\/wp\/v2\/categories?post=531"},{"taxonomy":"post_tag","embeddable":true,"href":"https:\/\/www.upo.es\/patio-colorado\/wp-json\/wp\/v2\/tags?post=531"}],"curies":[{"name":"wp","href":"https:\/\/api.w.org\/{rel}","templated":true}]}}