{"id":5311,"date":"2022-05-27T11:12:22","date_gmt":"2022-05-27T11:12:22","guid":{"rendered":"https:\/\/www.upo.es\/patio-colorado\/?p=5311"},"modified":"2022-05-27T11:12:22","modified_gmt":"2022-05-27T11:12:22","slug":"parque-arqueologico-de-torreparedones-la-pompeya-cordobesa","status":"publish","type":"post","link":"https:\/\/www.upo.es\/patio-colorado\/2022\/05\/27\/parque-arqueologico-de-torreparedones-la-pompeya-cordobesa\/","title":{"rendered":"Parque Arqueol\u00f3gico de Torreparedones, La Pompeya cordobesa"},"content":{"rendered":"<p>El Parque Arqueol\u00f3gico de Torreparedones se encuentra en el t\u00e9rmino municipal de Baena, a unos veinte kil\u00f3metros del n\u00facleo urbano que permite un recorrido por sus 4.000 a\u00f1os de historia, ya que sus or\u00edgenes se remontan hasta el Neol\u00edtico como han podido demostrar las catas y excavaciones realizadas.<\/p>\n<p>Es una ciudad \u00edbero-romana, pues es en el siglo I d.C. cuando logra su m\u00e1ximo esplendor ya que fue colonia o municipio y, aunque no se tiene la certeza absoluta de cual era su nombre, se baraja la posibilidad de que se tratara de la colonia <a href=\"https:\/\/legionixhispana.com\/colonia-ituci-virtus-iulia\/\">Ituci Virtus Iulia<\/a> seg\u00fan cuenta <a href=\"https:\/\/es.wikipedia.org\/wiki\/Plinio_el_Viejo\">Plinio el Viejo.<\/a><\/p>\n<p>Gracias a las excavaciones, se sabe que al menos desde el II milenio a.n.e. hasta el siglo XVI, hubo presencia humana en este asentamiento. En Torreparedones podemos observar en primera persona las diferentes fases de su existencia, de este modo, ha sido un Oppidum Ib\u00e9rico, es decir un poblado fortificado en altura que fue protegido por una fuerte muralla, tambi\u00e9n un importante Santuario iberorromano que se localiza extramuros del asentamiento, y una ciudad romana de la que se desconoce su nombre pero, como ya hemos dicho, podr\u00eda tratarse de Ituci Virtus Iulia.<\/p>\n<p style=\"text-align: left\">Su elevada situaci\u00f3n es estrat\u00e9gica, principalmente por la defensa, pero tambi\u00e9n en el complejo se han encontrado tres balnerarios\u00a0 y un altar en honor a la diosa de la Salud, por lo que entendemos que los romanos consideraron la ciudad como un lugar id\u00f3neo para la sanaci\u00f3n, seguramente por las propiedades minerales de las aguas de la zona, podemos decir que es la Pompeya cordobesa.<\/p>\n<p>Entre los elementos m\u00e1s importantes a visitar destacan la puerta oriental flanqueada por dos imponentes torreones defensivos, el foro, el mercado romano, el templo y la bas\u00edlica civil todos ellos de \u00e9poca romana. A ellos habr\u00e1 que sumar el santuario ibero-romano y el castillo medieval que se ubica en la zona m\u00e1s alta. Dado a su posici\u00f3n fronteriza con el Reino nazar\u00ed tuvo durante el siglo XIV un papel estrat\u00e9gico durante la reconquista. Tambi\u00e9n aparece el mausoleo de los Pompeyos, una tumba subterr\u00e1nea usada durante la Rep\u00fablica. En 2009 se realizaron una serie de excavaciones en las inmediaciones de la ciudad y se hall\u00f3 un busto de m\u00e1rmol\u00a0 del emperador Claudio divinizado adem\u00e1s de varias esculturas sedentes y alg\u00fan retrato de Augusto.<br \/>\n<img loading=\"lazy\" decoding=\"async\" class=\" wp-image-5313 aligncenter\" src=\"https:\/\/www.upo.es\/patio-colorado\/wp-content\/uploads\/2022\/05\/Esculturas-Torreparedones-Museo-Arqueologico-Historico_1687041361_159117410_1200x675-300x169.jpg\" alt=\"\" width=\"470\" height=\"265\" srcset=\"https:\/\/www.upo.es\/patio-colorado\/wp-content\/uploads\/2022\/05\/Esculturas-Torreparedones-Museo-Arqueologico-Historico_1687041361_159117410_1200x675-300x169.jpg 300w, https:\/\/www.upo.es\/patio-colorado\/wp-content\/uploads\/2022\/05\/Esculturas-Torreparedones-Museo-Arqueologico-Historico_1687041361_159117410_1200x675-1024x576.jpg 1024w, https:\/\/www.upo.es\/patio-colorado\/wp-content\/uploads\/2022\/05\/Esculturas-Torreparedones-Museo-Arqueologico-Historico_1687041361_159117410_1200x675-768x432.jpg 768w, https:\/\/www.upo.es\/patio-colorado\/wp-content\/uploads\/2022\/05\/Esculturas-Torreparedones-Museo-Arqueologico-Historico_1687041361_159117410_1200x675.jpg 1200w\" sizes=\"auto, (max-width: 470px) 100vw, 470px\" \/><\/p>\n<p style=\"text-align: center\"><em>Esculturas del Museo Arqueol\u00f3gico de Baena<\/em><\/p>\n<p style=\"text-align: left\">La mayor\u00eda de los hallazgos encontrados, est\u00e1n recogidos en el Museo Arqueol\u00f3gico de Baena, que est\u00e1 ubicado en la Casa de la Tercia. Sin duda es una visita muy recomendada que nos acercar\u00e1 un poco m\u00e1s a la historia de Roma y al pasado de Andaluc\u00eda. La entrada al museo vale 2 euros, cierra los lunes, y para el resto de d\u00edas el horario es el siguiente: martes, mi\u00e9rcoles, jueves, s\u00e1bado y domingo (10:00 a 14:00)<br \/>\nJueves, viernes y s\u00e1bado, tardes de 16.30 a 18.30.<\/p>\n<p>Fuentes:<\/p>\n<p>Beticaromana.org:\u00a0 <a href=\"https:\/\/beticaromana.org\/municipios\/baena\/baena-que-visitar\/parque-arqueologico-de-torreparedones\/\">https:\/\/beticaromana.org\/municipios\/baena\/baena-que-visitar\/parque-arqueologico-de-torreparedones\/<\/a><\/p>\n<p>Junta de Andaluc\u00eda: <a href=\"https:\/\/www.juntadeandalucia.es\/cultura\/agendaculturaldeandalucia\/evento\/museo-arqueologico-e-historico-de-baena-la-tercia\">https:\/\/www.juntadeandalucia.es\/cultura\/agendaculturaldeandalucia\/evento\/museo-arqueologico-e-historico-de-baena-la-tercia<\/a><\/p>\n<p>El d\u00eda de C\u00f3rdoba: <a href=\"https:\/\/www.eldiadecordoba.es\/vivir-cordoba\/Torreparedones-viaje-Pompeya-cordobesa_0_1687031482.html\">https:\/\/www.eldiadecordoba.es\/vivir-cordoba\/Torreparedones-viaje-Pompeya-cordobesa_0_1687031482.html<\/a><\/p>\n","protected":false},"excerpt":{"rendered":"<p>El Parque Arqueol\u00f3gico de Torreparedones se encuentra en el t\u00e9rmino municipal de Baena, a unos veinte kil\u00f3metros del n\u00facleo urbano que permite un recorrido por sus 4.000 a\u00f1os de historia, ya que sus or\u00edgenes se remontan hasta el Neol\u00edtico como han podido demostrar las catas y excavaciones realizadas. Es una ciudad \u00edbero-romana, pues es en [&hellip;]<\/p>\n","protected":false},"author":80,"featured_media":5312,"comment_status":"open","ping_status":"open","sticky":false,"template":"","format":"standard","meta":{"_acf_changed":false,"_monsterinsights_skip_tracking":false,"_monsterinsights_sitenote_active":false,"_monsterinsights_sitenote_note":"","_monsterinsights_sitenote_category":0,"footnotes":""},"categories":[166],"tags":[39,345,178,64,210,295],"class_list":["post-5311","post","type-post","status-publish","format-standard","has-post-thumbnail","hentry","category-historia-arqueologia","tag-arqueologia","tag-cordoba","tag-museo","tag-patrimonio","tag-historia","tag-roma"],"blocksy_meta":[],"acf":[],"jetpack_featured_media_url":"https:\/\/www.upo.es\/patio-colorado\/wp-content\/uploads\/2022\/05\/Torreparedones-viaje-Pompeya-cordobesa_1687041351_159116885_667x375.jpg","_links":{"self":[{"href":"https:\/\/www.upo.es\/patio-colorado\/wp-json\/wp\/v2\/posts\/5311","targetHints":{"allow":["GET"]}}],"collection":[{"href":"https:\/\/www.upo.es\/patio-colorado\/wp-json\/wp\/v2\/posts"}],"about":[{"href":"https:\/\/www.upo.es\/patio-colorado\/wp-json\/wp\/v2\/types\/post"}],"author":[{"embeddable":true,"href":"https:\/\/www.upo.es\/patio-colorado\/wp-json\/wp\/v2\/users\/80"}],"replies":[{"embeddable":true,"href":"https:\/\/www.upo.es\/patio-colorado\/wp-json\/wp\/v2\/comments?post=5311"}],"version-history":[{"count":4,"href":"https:\/\/www.upo.es\/patio-colorado\/wp-json\/wp\/v2\/posts\/5311\/revisions"}],"predecessor-version":[{"id":5317,"href":"https:\/\/www.upo.es\/patio-colorado\/wp-json\/wp\/v2\/posts\/5311\/revisions\/5317"}],"wp:featuredmedia":[{"embeddable":true,"href":"https:\/\/www.upo.es\/patio-colorado\/wp-json\/wp\/v2\/media\/5312"}],"wp:attachment":[{"href":"https:\/\/www.upo.es\/patio-colorado\/wp-json\/wp\/v2\/media?parent=5311"}],"wp:term":[{"taxonomy":"category","embeddable":true,"href":"https:\/\/www.upo.es\/patio-colorado\/wp-json\/wp\/v2\/categories?post=5311"},{"taxonomy":"post_tag","embeddable":true,"href":"https:\/\/www.upo.es\/patio-colorado\/wp-json\/wp\/v2\/tags?post=5311"}],"curies":[{"name":"wp","href":"https:\/\/api.w.org\/{rel}","templated":true}]}}