{"id":536,"date":"2020-03-06T18:23:32","date_gmt":"2020-03-06T18:23:32","guid":{"rendered":"https:\/\/www.upo.es\/patio-colorado\/?p=536"},"modified":"2020-03-06T18:24:53","modified_gmt":"2020-03-06T18:24:53","slug":"no-sabes-que-ver-en-el-cine-los-bandoleros-han-vuelto","status":"publish","type":"post","link":"https:\/\/www.upo.es\/patio-colorado\/2020\/03\/06\/no-sabes-que-ver-en-el-cine-los-bandoleros-han-vuelto\/","title":{"rendered":"\u00bfNo sabes qu\u00e9 ver en el cine? \u00a1Los bandoleros han vuelto!"},"content":{"rendered":"<p>Partiendo y bas\u00e1ndose en una leyenda que dice que la Virgen del Roc\u00edo y la Virgen de los Remedios (patrona de los bandoleros) fueron intercambiadas en alg\u00fan momento de la historia, la pel\u00edcula <em>Los hijos de San Luis<\/em> se presenta como un prometedor largometraje 100% andaluz. \u00bfSus protagonistas? Los conocidos como los Cien Mil Hijos de San Luis: unos mercenarios en su mayor\u00eda franceses, apoyados por varias monarqu\u00edas europeas a quienes, cuando se reinstaura la monarqu\u00eda absoluta en Espa\u00f1a, Fernando VII se niega a pagar. Es entonces cuando algunos de ellos se decantan por el pillaje y el robo para saldar su deuda. La pel\u00edcula toma otro rumbo cuando un pueblo se opone a ser saqueados y dejar que expolien sus obras de arte, decidiendo hacer frente a los bandoleros.<\/p>\n<p>Se cree que Juan Jos\u00e9 Mingolla, tambi\u00e9n apodado como \u00abPasos Largos\u00bb fue el \u00faltimo bandolero andaluz y se utiliz\u00f3 como fuente de inspiraci\u00f3n para el desarrollo de otros personajes del largometraje. Cabe a\u00f1adir que se grab\u00f3 en varias localizaciones andaluzas, entre ellas Antequera, Estepa, Alameda, Grazalema y varias zonas de Osuna. Est\u00e1 dirigida por los debutantes andaluces Alejandro L\u00f3pez y Antonio Jes\u00fas Rojas y en ella se mezclan tramas amorosas, de aventuras e intrigas. En una muy <a href=\"https:\/\/www.elpespunte.es\/alex-lopez-estamos-encantados-la-premiere-los-hijos-san-luis-sea-osuna\/\">recomendada entrevista<\/a> publicada en el peri\u00f3dico ursaon\u00e9s <em>El Pespunte <\/em>, el director Alejandro L\u00f3pez habla de la <em>premiere, <\/em>del papel fundamental y casi nost\u00e1lgico para \u00e9l que tiene Osuna en su producci\u00f3n, como tambi\u00e9n de uno de sus actores estrella: el ursaon\u00e9s Ignacio de la Puerta. De esta entrevista tenemos que citar la respuesta de por qu\u00e9 se eligi\u00f3 Osuna:<\/p>\n<blockquote>\n<p style=\"text-align: left\">\u00abHemos tenido la suerte de grabar en el Paraninfo de la Universidad, Coto de las Canteras, Cementerio Municipal, interior de la Colegiata, Palacio del Marqu\u00e9s\u2026. \u00a0(La elegimos) porque la conoc\u00edamos. [\u2026] Nos desplazamos y empezamos a buscar y descubrimos sitios maravillosos que seguramente la gente propia de Osuna no conoce\u00bb<\/p>\n<p style=\"text-align: left\">(Alejandro L\u00f3pez para el peri\u00f3dico <em>El Pespunte, <\/em>2020)<\/p>\n<\/blockquote>\n<p>Sin duda, aument\u00f3 la lista de grandes producciones con las que contaba Osuna tras las grabaciones de <em>Callas Forever,<\/em> <em>Adios<\/em> y <em>Juego de Tronos. <\/em>Dado que fue la nueva producci\u00f3n de <a href=\"https:\/\/cinecafemelies.com\/\">Cines M\u00e9li\u00e8s<\/a>, la <em>premiere<\/em> se organiz\u00f3 en Osuna, escenario protagonista de la pel\u00edcula, el 20 del mes pasado (un d\u00eda antes de su estreno para el resto de Espa\u00f1a).<\/p>\n<p><img loading=\"lazy\" decoding=\"async\" class=\"alignnone wp-image-538 size-large\" src=\"https:\/\/www.upo.es\/patio-colorado\/wp-content\/uploads\/2020\/03\/Bandoleros1-1024x684.jpg\" alt=\"\" width=\"1024\" height=\"684\" srcset=\"https:\/\/www.upo.es\/patio-colorado\/wp-content\/uploads\/2020\/03\/Bandoleros1-1024x684.jpg 1024w, https:\/\/www.upo.es\/patio-colorado\/wp-content\/uploads\/2020\/03\/Bandoleros1-300x200.jpg 300w, https:\/\/www.upo.es\/patio-colorado\/wp-content\/uploads\/2020\/03\/Bandoleros1-768x513.jpg 768w, https:\/\/www.upo.es\/patio-colorado\/wp-content\/uploads\/2020\/03\/Bandoleros1-1536x1026.jpg 1536w, https:\/\/www.upo.es\/patio-colorado\/wp-content\/uploads\/2020\/03\/Bandoleros1.jpg 1600w\" sizes=\"auto, (max-width: 1024px) 100vw, 1024px\" \/><\/p>\n<p>Desde la redacci\u00f3n de esta revista, animamos a verla y sentirla como peque\u00f1a parte de la historia nacional que es. Es por ello por lo que os avisamos, queridos lectores, antes de que no pod\u00e1is disfrutar de ella en la gran pantalla. Aunque la calidad de la pel\u00edcula es sublime (no ha habido retoques digitales en la posproducci\u00f3n para mostrar c\u00f3mo son realmente las localizaciones), es una peque\u00f1a producci\u00f3n y no se ve en cualquier cine. Sin embargo, los ya nombrados Cines M\u00e9li\u00e8s (y si os encontr\u00e1is en Madrid, tambi\u00e9n pod\u00e9is visionar este largometraje) siguen proyectado la pel\u00edcula.<\/p>\n<p>Si a\u00fan sigues sin estar convencido, Rosario And\u00fajar, alcaldesa de Osuna ha comentado para el peri\u00f3dico digital <em>Sevilla buenas noticias <\/em>\u00a0que <a href=\"https:\/\/sevillabuenasnoticias.com\/osuna-sede-estreno-los-hijos-de-san-luis-rodada-en-el-municipio\/\">se ha puesto en marcha una nueva ruta tur\u00edstica: \u00abOsuna de cine\u00bb<\/a>. As\u00ed se ha conseguido promocionar el turismo del municipio, su cultura y las artes esc\u00e9nicas. Osuna ya no solo ha vuelto a los escenarios con esta producci\u00f3n, sino que la direcci\u00f3n de la pel\u00edcula ha presentado una cerveza titulada igual que el largometraje, que ha servido de promoci\u00f3n del mismo, y que, si no te pasas por Osuna, quiz\u00e1 te quedes con el gusanillo de saber a qu\u00e9 sabe. Os dejamos el enlace al trailer por aqu\u00ed: <a href=\"https:\/\/www.youtube.com\/watch?v=bgxZOmSKlV8\">https:\/\/www.youtube.com\/watch?v=bgxZOmSKlV8<\/a><\/p>\n","protected":false},"excerpt":{"rendered":"<p>Partiendo y bas\u00e1ndose en una leyenda que dice que la Virgen del Roc\u00edo y la Virgen de los Remedios (patrona de los bandoleros) fueron intercambiadas en alg\u00fan momento de la historia, la pel\u00edcula Los hijos de San Luis se presenta como un prometedor largometraje 100% andaluz. \u00bfSus protagonistas? Los conocidos como los Cien Mil Hijos [&hellip;]<\/p>\n","protected":false},"author":12,"featured_media":0,"comment_status":"open","ping_status":"open","sticky":false,"template":"","format":"standard","meta":{"_acf_changed":false,"_monsterinsights_skip_tracking":false,"_monsterinsights_sitenote_active":false,"_monsterinsights_sitenote_note":"","_monsterinsights_sitenote_category":0,"footnotes":""},"categories":[45],"tags":[],"class_list":["post-536","post","type-post","status-publish","format-standard","hentry","category-boletin-colorao"],"blocksy_meta":[],"acf":[],"jetpack_featured_media_url":"","_links":{"self":[{"href":"https:\/\/www.upo.es\/patio-colorado\/wp-json\/wp\/v2\/posts\/536","targetHints":{"allow":["GET"]}}],"collection":[{"href":"https:\/\/www.upo.es\/patio-colorado\/wp-json\/wp\/v2\/posts"}],"about":[{"href":"https:\/\/www.upo.es\/patio-colorado\/wp-json\/wp\/v2\/types\/post"}],"author":[{"embeddable":true,"href":"https:\/\/www.upo.es\/patio-colorado\/wp-json\/wp\/v2\/users\/12"}],"replies":[{"embeddable":true,"href":"https:\/\/www.upo.es\/patio-colorado\/wp-json\/wp\/v2\/comments?post=536"}],"version-history":[{"count":1,"href":"https:\/\/www.upo.es\/patio-colorado\/wp-json\/wp\/v2\/posts\/536\/revisions"}],"predecessor-version":[{"id":540,"href":"https:\/\/www.upo.es\/patio-colorado\/wp-json\/wp\/v2\/posts\/536\/revisions\/540"}],"wp:attachment":[{"href":"https:\/\/www.upo.es\/patio-colorado\/wp-json\/wp\/v2\/media?parent=536"}],"wp:term":[{"taxonomy":"category","embeddable":true,"href":"https:\/\/www.upo.es\/patio-colorado\/wp-json\/wp\/v2\/categories?post=536"},{"taxonomy":"post_tag","embeddable":true,"href":"https:\/\/www.upo.es\/patio-colorado\/wp-json\/wp\/v2\/tags?post=536"}],"curies":[{"name":"wp","href":"https:\/\/api.w.org\/{rel}","templated":true}]}}