{"id":5366,"date":"2022-05-27T14:22:58","date_gmt":"2022-05-27T14:22:58","guid":{"rendered":"https:\/\/www.upo.es\/patio-colorado\/?p=5366"},"modified":"2022-05-27T14:22:58","modified_gmt":"2022-05-27T14:22:58","slug":"descubre-los-mosaicos-de-la-ruta-betica-romana-de-espana-ecija","status":"publish","type":"post","link":"https:\/\/www.upo.es\/patio-colorado\/2022\/05\/27\/descubre-los-mosaicos-de-la-ruta-betica-romana-de-espana-ecija\/","title":{"rendered":"Descubre los mosaicos de la Ruta B\u00e9tica Romana de Espa\u00f1a: \u00c9cija"},"content":{"rendered":"<p><span style=\"font-weight: 400\">Las importantes excavaciones arqueol\u00f3gicas que se est\u00e1n realizando en \u00c9cija han arrojado nueva luz sobre el pasado de la ciudad y su importancia durante la \u00e9poca romana, cuando la <\/span><i><span style=\"font-weight: 400\">Colonia Augusta Firma Astigi<\/span><\/i><span style=\"font-weight: 400\"> era una de las cuatro capitales de gobierno de la provincia B\u00e9tica. En diversas excavaciones se han encontrado mosaicos y objetos de gran valor art\u00edstico. Destacan especialmente los restos hallados durante las extensas excavaciones realizadas en la Plaza de Espa\u00f1a y en la Plaza de Armas.<\/span><\/p>\n<p>&nbsp;<\/p>\n<p><span style=\"font-weight: 400\">Museo Hist\u00f3rico Municipal<\/span><\/p>\n<p><span style=\"font-weight: 400\">El Museo Municipal de Historia de \u00c9cija tiene su sede en el Palacio de Benamej\u00ed, un magn\u00edfico ejemplo de arquitectura barroca del siglo XVIII. Contiene una gran sala dedicada a los pavimentos de mosaicos romanos que fueron desenterrados durante las excavaciones. El conjunto de mosaicos de \u00c9cija es uno de los m\u00e1s importantes del Occidente romano por su calidad, variedad y tama\u00f1o.<\/span><\/p>\n<p><span style=\"font-weight: 400\">El Mosaico de las Cuatro Estaciones se encontr\u00f3 durante las excavaciones de una casa romana a una profundidad de 2,84 m por debajo del nivel actual de la calle. Es un mosaico de gran calidad art\u00edstica. El tema est\u00e1 relacionado con las cuatro estaciones as\u00ed como con la apoteosis del dios Annus (A\u00f1o), la deidad romana que personificaba el ciclo del a\u00f1o.<\/span><\/p>\n<p><img loading=\"lazy\" decoding=\"async\" class=\"alignnone  wp-image-5375 aligncenter\" src=\"https:\/\/www.upo.es\/patio-colorado\/wp-content\/uploads\/2022\/05\/24649284839_2ff0f5bd70_h-300x203.jpg\" alt=\"\" width=\"420\" height=\"284\" srcset=\"https:\/\/www.upo.es\/patio-colorado\/wp-content\/uploads\/2022\/05\/24649284839_2ff0f5bd70_h-300x203.jpg 300w, https:\/\/www.upo.es\/patio-colorado\/wp-content\/uploads\/2022\/05\/24649284839_2ff0f5bd70_h-1024x694.jpg 1024w, https:\/\/www.upo.es\/patio-colorado\/wp-content\/uploads\/2022\/05\/24649284839_2ff0f5bd70_h-768x520.jpg 768w, https:\/\/www.upo.es\/patio-colorado\/wp-content\/uploads\/2022\/05\/24649284839_2ff0f5bd70_h-1536x1041.jpg 1536w, https:\/\/www.upo.es\/patio-colorado\/wp-content\/uploads\/2022\/05\/24649284839_2ff0f5bd70_h.jpg 1600w\" sizes=\"auto, (max-width: 420px) 100vw, 420px\" \/><\/p>\n<p style=\"text-align: center\"><span style=\"font-weight: 400\">Fuente: Pinterest<\/span><\/p>\n<p><span style=\"font-weight: 400\">El Mosaico de las Nereidas es un fragmento de un mosaico de tem\u00e1tica marina con una Nereida montada sobre un monstruo marino. Paviment\u00f3 una habitaci\u00f3n de una casa romana, quiz\u00e1s de la zona de los ba\u00f1os privados.<\/span><\/p>\n<p><img loading=\"lazy\" decoding=\"async\" class=\"alignnone  wp-image-5374 aligncenter\" src=\"https:\/\/www.upo.es\/patio-colorado\/wp-content\/uploads\/2022\/05\/24990542536_c5f2bf5c83_h-300x290.jpg\" alt=\"\" width=\"357\" height=\"345\" srcset=\"https:\/\/www.upo.es\/patio-colorado\/wp-content\/uploads\/2022\/05\/24990542536_c5f2bf5c83_h-300x290.jpg 300w, https:\/\/www.upo.es\/patio-colorado\/wp-content\/uploads\/2022\/05\/24990542536_c5f2bf5c83_h-1024x991.jpg 1024w, https:\/\/www.upo.es\/patio-colorado\/wp-content\/uploads\/2022\/05\/24990542536_c5f2bf5c83_h-768x744.jpg 768w, https:\/\/www.upo.es\/patio-colorado\/wp-content\/uploads\/2022\/05\/24990542536_c5f2bf5c83_h-1536x1487.jpg 1536w, https:\/\/www.upo.es\/patio-colorado\/wp-content\/uploads\/2022\/05\/24990542536_c5f2bf5c83_h.jpg 1600w\" sizes=\"auto, (max-width: 357px) 100vw, 357px\" \/><\/p>\n<p style=\"text-align: center\"><span style=\"font-weight: 400\">Fuente: Pinterest<\/span><\/p>\n<p><span style=\"font-weight: 400\">El Mosaico del Doble Secuestro es un mosaico muy raro que representa tanto el mito del secuestro de Europa como el de Gan\u00edmedes. Para el rapto de Europa, Zeus se transform\u00f3 en toro. Por el rapto de Ganimedes, se convirti\u00f3 en \u00e1guila. Una cabeza, posiblemente b\u00e1quica, emerge del mar.<\/span><\/p>\n<p><img loading=\"lazy\" decoding=\"async\" class=\"alignnone  wp-image-5373 aligncenter\" src=\"https:\/\/www.upo.es\/patio-colorado\/wp-content\/uploads\/2022\/05\/24923559731_0d8fe2860d_h-300x206.jpg\" alt=\"\" width=\"422\" height=\"290\" srcset=\"https:\/\/www.upo.es\/patio-colorado\/wp-content\/uploads\/2022\/05\/24923559731_0d8fe2860d_h-300x206.jpg 300w, https:\/\/www.upo.es\/patio-colorado\/wp-content\/uploads\/2022\/05\/24923559731_0d8fe2860d_h-1024x703.jpg 1024w, https:\/\/www.upo.es\/patio-colorado\/wp-content\/uploads\/2022\/05\/24923559731_0d8fe2860d_h-768x527.jpg 768w, https:\/\/www.upo.es\/patio-colorado\/wp-content\/uploads\/2022\/05\/24923559731_0d8fe2860d_h-1536x1054.jpg 1536w, https:\/\/www.upo.es\/patio-colorado\/wp-content\/uploads\/2022\/05\/24923559731_0d8fe2860d_h.jpg 1600w\" sizes=\"auto, (max-width: 422px) 100vw, 422px\" \/><\/p>\n<p style=\"text-align: center\"><span style=\"font-weight: 400\">Fuente: Pinterest<\/span><\/p>\n<p><span style=\"font-weight: 400\">El Mosaico del Triunfo de Baco es un maravilloso suelo de mosaico policromado que perteneci\u00f3 a una rica casa romana. El medall\u00f3n central o emblema muestra una cuadriga dibujada por centauros macho y hembra. El dios Baco monta triunfalmente el carro. El medall\u00f3n central est\u00e1 rodeado de c\u00edrculos, oct\u00f3gonos y hex\u00e1gonos que representan varios personajes de la mitolog\u00eda cl\u00e1sica (Leda y el cisne, Orfeo y una ninfa, Narciso, C\u00e1stor con un caballo, Sileno, Pan, un s\u00e1tiro y una M\u00e9nade) as\u00ed como alegor\u00edas de las estaciones.<\/span><\/p>\n<p><img loading=\"lazy\" decoding=\"async\" class=\"alignnone  wp-image-5372 aligncenter\" src=\"https:\/\/www.upo.es\/patio-colorado\/wp-content\/uploads\/2022\/05\/25018741796_26e22f7185_h-300x210.jpg\" alt=\"\" width=\"513\" height=\"359\" srcset=\"https:\/\/www.upo.es\/patio-colorado\/wp-content\/uploads\/2022\/05\/25018741796_26e22f7185_h-300x210.jpg 300w, https:\/\/www.upo.es\/patio-colorado\/wp-content\/uploads\/2022\/05\/25018741796_26e22f7185_h-1024x716.jpg 1024w, https:\/\/www.upo.es\/patio-colorado\/wp-content\/uploads\/2022\/05\/25018741796_26e22f7185_h-768x537.jpg 768w, https:\/\/www.upo.es\/patio-colorado\/wp-content\/uploads\/2022\/05\/25018741796_26e22f7185_h-1536x1074.jpg 1536w, https:\/\/www.upo.es\/patio-colorado\/wp-content\/uploads\/2022\/05\/25018741796_26e22f7185_h.jpg 1600w\" sizes=\"auto, (max-width: 513px) 100vw, 513px\" \/><\/p>\n<p style=\"text-align: center\"><span style=\"font-weight: 400\">Fuente: Pinterest<\/span><\/p>\n<p><span style=\"font-weight: 400\">El Mosaico de Oceanus, que data del siglo IV d. C., es el \u00faltimo encontrado en \u00c9cija. En su centro est\u00e1 la cabeza de Oc\u00e9ano, que se representa como un viejo dios barbudo con cabello largo y un riachuelo de agua que brota de su boca. Est\u00e1 rodeado por cuatro p\u00e1jaros en las ramas de los \u00e1rboles que representan las cuatro estaciones.<\/span><\/p>\n<p><img loading=\"lazy\" decoding=\"async\" class=\"alignnone  wp-image-5371 aligncenter\" src=\"https:\/\/www.upo.es\/patio-colorado\/wp-content\/uploads\/2022\/05\/24677449709_9fd0f5e2de_h-300x204.jpg\" alt=\"\" width=\"424\" height=\"288\" srcset=\"https:\/\/www.upo.es\/patio-colorado\/wp-content\/uploads\/2022\/05\/24677449709_9fd0f5e2de_h-300x204.jpg 300w, https:\/\/www.upo.es\/patio-colorado\/wp-content\/uploads\/2022\/05\/24677449709_9fd0f5e2de_h-1024x696.jpg 1024w, https:\/\/www.upo.es\/patio-colorado\/wp-content\/uploads\/2022\/05\/24677449709_9fd0f5e2de_h-768x522.jpg 768w, https:\/\/www.upo.es\/patio-colorado\/wp-content\/uploads\/2022\/05\/24677449709_9fd0f5e2de_h-1536x1044.jpg 1536w, https:\/\/www.upo.es\/patio-colorado\/wp-content\/uploads\/2022\/05\/24677449709_9fd0f5e2de_h.jpg 1600w\" sizes=\"auto, (max-width: 424px) 100vw, 424px\" \/><\/p>\n<p style=\"text-align: center\"><span style=\"font-weight: 400\">Fuente: Pinterest<\/span><\/p>\n<p><span style=\"font-weight: 400\">El \u00faltimo mosaico es el mosaico b\u00e1quico de \u201cEl regalo del vino\u201d. Representa escenas del mito seg\u00fan el cual el dios Baco don\u00f3 a la humanidad los secretos del cultivo de la vid y la elaboraci\u00f3n del vino. La escena central muestra a Baco de ni\u00f1o cabalgando sobre una pantera, vestido \u00fanicamente con una cl\u00e1mide (peque\u00f1o chal) y sujetando un tirso . A su alrededor se colocan varios objetos relacionados con su mito: un rhyton (cuerno para beber), un tympanon (pandereta) y una krater, un jarr\u00f3n utilizado para mezclar vino y agua.<\/span><\/p>\n<p><span style=\"font-weight: 400\">Mosaico b\u00e1quico que representa escenas del mito seg\u00fan el cual Baco don\u00f3 a la humanidad los secretos del cultivo de la vid y la elaboraci\u00f3n del vino, segunda mitad del siglo II d.C. o principios del siglo III d.C., Museo Hist\u00f3rico Municipal de \u00c9cija.<\/span><\/p>\n<p><img loading=\"lazy\" decoding=\"async\" class=\"alignnone  wp-image-5369 aligncenter\" src=\"https:\/\/www.upo.es\/patio-colorado\/wp-content\/uploads\/2022\/05\/24418188353_ae4a7d3c77_h-300x198.jpg\" alt=\"\" width=\"435\" height=\"287\" srcset=\"https:\/\/www.upo.es\/patio-colorado\/wp-content\/uploads\/2022\/05\/24418188353_ae4a7d3c77_h-300x198.jpg 300w, https:\/\/www.upo.es\/patio-colorado\/wp-content\/uploads\/2022\/05\/24418188353_ae4a7d3c77_h-1024x676.jpg 1024w, https:\/\/www.upo.es\/patio-colorado\/wp-content\/uploads\/2022\/05\/24418188353_ae4a7d3c77_h-768x507.jpg 768w, https:\/\/www.upo.es\/patio-colorado\/wp-content\/uploads\/2022\/05\/24418188353_ae4a7d3c77_h-1536x1015.jpg 1536w, https:\/\/www.upo.es\/patio-colorado\/wp-content\/uploads\/2022\/05\/24418188353_ae4a7d3c77_h.jpg 1600w\" sizes=\"auto, (max-width: 435px) 100vw, 435px\" \/><\/p>\n<p style=\"text-align: center\"><span style=\"font-weight: 400\">Fuente: Pinterest<\/span><\/p>\n<p>&nbsp;<\/p>\n<p><span style=\"font-weight: 400\">Ayuntamiento de \u00c9cija<\/span><\/p>\n<p><span style=\"font-weight: 400\">En la Sala Capitular del Ayuntamiento hay un mosaico que representa el Castigo de Dirce. Se muestra a Dirce siendo arrastrada por un toro, castigo infligido por los dos hijos de Ant\u00edope, Zethus y Amphion, a cuya madre hab\u00eda maltratado.<\/span><\/p>\n<p><img loading=\"lazy\" decoding=\"async\" class=\"alignnone  wp-image-5368 aligncenter\" src=\"https:\/\/www.upo.es\/patio-colorado\/wp-content\/uploads\/2022\/05\/castigodedirce-300x105.jpg\" alt=\"\" width=\"709\" height=\"248\" srcset=\"https:\/\/www.upo.es\/patio-colorado\/wp-content\/uploads\/2022\/05\/castigodedirce-300x105.jpg 300w, https:\/\/www.upo.es\/patio-colorado\/wp-content\/uploads\/2022\/05\/castigodedirce-1024x357.jpg 1024w, https:\/\/www.upo.es\/patio-colorado\/wp-content\/uploads\/2022\/05\/castigodedirce-768x268.jpg 768w, https:\/\/www.upo.es\/patio-colorado\/wp-content\/uploads\/2022\/05\/castigodedirce.jpg 1355w\" sizes=\"auto, (max-width: 709px) 100vw, 709px\" \/><\/p>\n<p style=\"text-align: center\"><span style=\"font-weight: 400\">Fuente: Pinterest<\/span><\/p>\n<p>&nbsp;<\/p>\n<p><span style=\"font-weight: 400\">Bibliograf\u00eda:<\/span><\/p>\n<p><a href=\"https:\/\/www.visitarsevilla.com\/provincia\/campina\/mosaicos-romanos-de-ecija\/\"><span style=\"font-weight: 400\">https:\/\/www.visitarsevilla.com\/provincia\/campina\/mosaicos-romanos-de-ecija\/<\/span><\/a><\/p>\n<p><a href=\"http:\/\/www.mosaicosromanos.es\/\"><span style=\"font-weight: 400\">http:\/\/www.mosaicosromanos.es\/<\/span><\/a><\/p>\n<p><a href=\"https:\/\/museo.ecija.es\/salas-de-arte-romano\/\"><span style=\"font-weight: 400\">https:\/\/museo.ecija.es\/salas-de-arte-romano\/<\/span><\/a><span style=\"font-weight: 400\">\u00a0<\/span><\/p>\n<p>&nbsp;<\/p>\n","protected":false},"excerpt":{"rendered":"<p>Las importantes excavaciones arqueol\u00f3gicas que se est\u00e1n realizando en \u00c9cija han arrojado nueva luz sobre el pasado de la ciudad y su importancia durante la \u00e9poca romana, cuando la Colonia Augusta Firma Astigi era una de las cuatro capitales de gobierno de la provincia B\u00e9tica. En diversas excavaciones se han encontrado mosaicos y objetos de [&hellip;]<\/p>\n","protected":false},"author":42,"featured_media":5371,"comment_status":"open","ping_status":"open","sticky":false,"template":"","format":"standard","meta":{"_acf_changed":false,"_monsterinsights_skip_tracking":false,"_monsterinsights_sitenote_active":false,"_monsterinsights_sitenote_note":"","_monsterinsights_sitenote_category":0,"footnotes":""},"categories":[166],"tags":[595,9,593,560,569],"class_list":["post-5366","post","type-post","status-publish","format-standard","has-post-thumbnail","hentry","category-historia-arqueologia","tag-baco","tag-ecija","tag-mosaico","tag-museos","tag-romano"],"blocksy_meta":[],"acf":[],"jetpack_featured_media_url":"https:\/\/www.upo.es\/patio-colorado\/wp-content\/uploads\/2022\/05\/24677449709_9fd0f5e2de_h.jpg","_links":{"self":[{"href":"https:\/\/www.upo.es\/patio-colorado\/wp-json\/wp\/v2\/posts\/5366","targetHints":{"allow":["GET"]}}],"collection":[{"href":"https:\/\/www.upo.es\/patio-colorado\/wp-json\/wp\/v2\/posts"}],"about":[{"href":"https:\/\/www.upo.es\/patio-colorado\/wp-json\/wp\/v2\/types\/post"}],"author":[{"embeddable":true,"href":"https:\/\/www.upo.es\/patio-colorado\/wp-json\/wp\/v2\/users\/42"}],"replies":[{"embeddable":true,"href":"https:\/\/www.upo.es\/patio-colorado\/wp-json\/wp\/v2\/comments?post=5366"}],"version-history":[{"count":1,"href":"https:\/\/www.upo.es\/patio-colorado\/wp-json\/wp\/v2\/posts\/5366\/revisions"}],"predecessor-version":[{"id":5382,"href":"https:\/\/www.upo.es\/patio-colorado\/wp-json\/wp\/v2\/posts\/5366\/revisions\/5382"}],"wp:featuredmedia":[{"embeddable":true,"href":"https:\/\/www.upo.es\/patio-colorado\/wp-json\/wp\/v2\/media\/5371"}],"wp:attachment":[{"href":"https:\/\/www.upo.es\/patio-colorado\/wp-json\/wp\/v2\/media?parent=5366"}],"wp:term":[{"taxonomy":"category","embeddable":true,"href":"https:\/\/www.upo.es\/patio-colorado\/wp-json\/wp\/v2\/categories?post=5366"},{"taxonomy":"post_tag","embeddable":true,"href":"https:\/\/www.upo.es\/patio-colorado\/wp-json\/wp\/v2\/tags?post=5366"}],"curies":[{"name":"wp","href":"https:\/\/api.w.org\/{rel}","templated":true}]}}