{"id":5388,"date":"2022-05-27T14:29:25","date_gmt":"2022-05-27T14:29:25","guid":{"rendered":"https:\/\/www.upo.es\/patio-colorado\/?p=5388"},"modified":"2022-05-27T14:29:25","modified_gmt":"2022-05-27T14:29:25","slug":"via-de-la-plata","status":"publish","type":"post","link":"https:\/\/www.upo.es\/patio-colorado\/2022\/05\/27\/via-de-la-plata\/","title":{"rendered":"V\u00eda de la Plata"},"content":{"rendered":"<p><span style=\"font-weight: 400\">La m\u00e1s larga de las peregrinaciones del Camino, la V\u00eda de la Plata, comienza en el sur de Espa\u00f1a en Sevilla. Tambi\u00e9n es conocida como Ruta de la Plata o Camino Moz\u00e1rabe (La Ruta Moz\u00e1rabe).<\/span><\/p>\n<p><span style=\"font-weight: 400\">Esta ruta debe su existencia a un conjunto de calzadas romanas que un\u00edan el suroeste con la costa noroeste a trav\u00e9s de dos importantes asentamientos: <\/span><i><span style=\"font-weight: 400\">Emerita Augusta<\/span><\/i><span style=\"font-weight: 400\"> (M\u00e9rida) y <\/span><i><span style=\"font-weight: 400\">Asturica Augusta<\/span><\/i><span style=\"font-weight: 400\"> (Astorga). Unos siglos m\u00e1s tarde, los \u00e1rabes utilizaron los caminos empedrados para avanzar en la conquista de los territorios peninsulares. Sin embargo, una vez que los espa\u00f1oles reconquistaron su tierra, el camino se convirti\u00f3 en un paso seguro para muchos devotos cristianos que marchaban incansables para visitar la tumba de Santiago.<\/span><\/p>\n<p><span style=\"font-weight: 400\">Despu\u00e9s del siglo XIII, la V\u00eda de la Plata fue cada vez menos frecuentada hasta su relativamente reciente reactivaci\u00f3n en la d\u00e9cada de 1980. A pesar de llamarse \u201cVia de la Plata\u201d, la \u201cplata\u201d no tiene nada que ver con el metal plateado. Aunque el origen del nombre sigue siendo incierto, no faltan hip\u00f3tesis y especulaciones. Por ejemplo, algunos historiadores concluyen que el nombre proviene del \u00e1rabe \u201cbalata\u201d, que significa camino pavimentado.<\/span><\/p>\n<p><span style=\"font-weight: 400\">La V\u00eda de la Plata atraviesa cuatro comunidades aut\u00f3nomas y seis provincias: Andaluc\u00eda (Sevilla), Extremadura (Badajoz y C\u00e1ceres), Castilla y Le\u00f3n (Salamanca y Zamora) y Galicia (Orense, Pontevedra y La Coru\u00f1a). Con 1000 km, es la ruta m\u00e1s larga a Santiago de Compostela en Espa\u00f1a y se tarda de 6 a 8 semanas en conquistarla. Aquellos que tienen poco tiempo a menudo comienzan en M\u00e9rida, lo que hace que el camino sea un poco m\u00e1s corto de 200 km.<\/span><\/p>\n<p><img loading=\"lazy\" decoding=\"async\" class=\"alignnone  wp-image-5389 aligncenter\" src=\"https:\/\/www.upo.es\/patio-colorado\/wp-content\/uploads\/2022\/05\/plata_bitacoras.jpg\" alt=\"\" width=\"343\" height=\"343\" srcset=\"https:\/\/www.upo.es\/patio-colorado\/wp-content\/uploads\/2022\/05\/plata_bitacoras.jpg 277w, https:\/\/www.upo.es\/patio-colorado\/wp-content\/uploads\/2022\/05\/plata_bitacoras-150x150.jpg 150w\" sizes=\"auto, (max-width: 343px) 100vw, 343px\" \/><\/p>\n<p style=\"text-align: center\"><span style=\"font-weight: 400\">Fuente: Bicigrino<\/span><\/p>\n<p><span style=\"font-weight: 400\">La V\u00eda de la Plata es un desfiladero de paisajes diversos y vistas verdaderamente excepcionales desde campos ondulados a trav\u00e9s de bosques y pastos hasta las verdes colinas de Galicia. Sin embargo, la belleza natural no es lo \u00fanico digno de menci\u00f3n.<\/span><\/p>\n<p><span style=\"font-weight: 400\">Adem\u00e1s, habiendo jugado un papel importante a lo largo de la historia, la V\u00eda de la Plata es rica en muestras de la cultura y la arquitectura romanas. Comenzando en la gran Sevilla, nos encontraremos con numerosas iglesias romanas, capillas, caminos y puentes, y podremos visitar algunas de las principales ciudades romanas como M\u00e9rida y Caparra. Protegidas por la UNESCO, las ciudades de Salamanca y Zamora tambi\u00e9n merecen una parada. Esta ruta larga y sinuosa vale la pena cada \u201cobst\u00e1culo\u201d para aquellos que buscan una aut\u00e9ntica aventura.<\/span><\/p>\n<p>&nbsp;<\/p>\n<p><span style=\"font-weight: 400\">Bibliograf\u00eda:<\/span><\/p>\n<p><a href=\"https:\/\/www.gronze.com\/via-plata\"><span style=\"font-weight: 400\">https:\/\/www.gronze.com\/via-plata<\/span><\/a><\/p>\n<p><a href=\"https:\/\/rutadelaplata.com\/\"><span style=\"font-weight: 400\">https:\/\/rutadelaplata.com\/<\/span><\/a><\/p>\n","protected":false},"excerpt":{"rendered":"<p>La m\u00e1s larga de las peregrinaciones del Camino, la V\u00eda de la Plata, comienza en el sur de Espa\u00f1a en Sevilla. Tambi\u00e9n es conocida como Ruta de la Plata o Camino Moz\u00e1rabe (La Ruta Moz\u00e1rabe). Esta ruta debe su existencia a un conjunto de calzadas romanas que un\u00edan el suroeste con la costa noroeste a [&hellip;]<\/p>\n","protected":false},"author":42,"featured_media":5389,"comment_status":"open","ping_status":"open","sticky":false,"template":"","format":"standard","meta":{"_acf_changed":false,"_monsterinsights_skip_tracking":false,"_monsterinsights_sitenote_active":false,"_monsterinsights_sitenote_note":"","_monsterinsights_sitenote_category":0,"footnotes":""},"categories":[35,170],"tags":[600,588,599,6,559,598],"class_list":["post-5388","post","type-post","status-publish","format-standard","has-post-thumbnail","hentry","category-fiestas-tradiciones","category-monumentos-y-turismo","tag-peregrinacion","tag-ruta","tag-sendero","tag-sevilla","tag-unesco","tag-via-de-la-plata"],"blocksy_meta":[],"acf":[],"jetpack_featured_media_url":"https:\/\/www.upo.es\/patio-colorado\/wp-content\/uploads\/2022\/05\/plata_bitacoras.jpg","_links":{"self":[{"href":"https:\/\/www.upo.es\/patio-colorado\/wp-json\/wp\/v2\/posts\/5388","targetHints":{"allow":["GET"]}}],"collection":[{"href":"https:\/\/www.upo.es\/patio-colorado\/wp-json\/wp\/v2\/posts"}],"about":[{"href":"https:\/\/www.upo.es\/patio-colorado\/wp-json\/wp\/v2\/types\/post"}],"author":[{"embeddable":true,"href":"https:\/\/www.upo.es\/patio-colorado\/wp-json\/wp\/v2\/users\/42"}],"replies":[{"embeddable":true,"href":"https:\/\/www.upo.es\/patio-colorado\/wp-json\/wp\/v2\/comments?post=5388"}],"version-history":[{"count":1,"href":"https:\/\/www.upo.es\/patio-colorado\/wp-json\/wp\/v2\/posts\/5388\/revisions"}],"predecessor-version":[{"id":5390,"href":"https:\/\/www.upo.es\/patio-colorado\/wp-json\/wp\/v2\/posts\/5388\/revisions\/5390"}],"wp:featuredmedia":[{"embeddable":true,"href":"https:\/\/www.upo.es\/patio-colorado\/wp-json\/wp\/v2\/media\/5389"}],"wp:attachment":[{"href":"https:\/\/www.upo.es\/patio-colorado\/wp-json\/wp\/v2\/media?parent=5388"}],"wp:term":[{"taxonomy":"category","embeddable":true,"href":"https:\/\/www.upo.es\/patio-colorado\/wp-json\/wp\/v2\/categories?post=5388"},{"taxonomy":"post_tag","embeddable":true,"href":"https:\/\/www.upo.es\/patio-colorado\/wp-json\/wp\/v2\/tags?post=5388"}],"curies":[{"name":"wp","href":"https:\/\/api.w.org\/{rel}","templated":true}]}}