{"id":5391,"date":"2022-05-27T14:32:38","date_gmt":"2022-05-27T14:32:38","guid":{"rendered":"https:\/\/www.upo.es\/patio-colorado\/?p=5391"},"modified":"2022-05-27T14:32:38","modified_gmt":"2022-05-27T14:32:38","slug":"descubre-la-flora-y-la-fauna-de-donana","status":"publish","type":"post","link":"https:\/\/www.upo.es\/patio-colorado\/2022\/05\/27\/descubre-la-flora-y-la-fauna-de-donana\/","title":{"rendered":"Descubre la flora y la fauna de Do\u00f1ana"},"content":{"rendered":"<p><span style=\"font-weight: 400\">El Parque Nacional es el espacio protegido m\u00e1s importante dentro del Espacio Natural de Do\u00f1ana. Desde tiempos inmemoriales, estas tierras fueron famosas por su riqueza natural. Anteriormente popular entre la familia real y la aristocracia como coto de caza, la necesidad de proteger el \u00e1rea no se explor\u00f3 seriamente hasta la d\u00e9cada de 1960, seg\u00fan una serie de estudios cient\u00edficos. Fue creado en 1969 y luego ampliado en 1978. Designado Patrimonio de la Humanidad, entre muchos otros reconocimientos, ahora se considera una joya natural preciada. Con m\u00e1s de 100.000 hect\u00e1reas de tierra protegida, es un punto cr\u00edtico mundial para la supervivencia de muchas especies.<\/span><\/p>\n<p><span style=\"font-weight: 400\">Do\u00f1ana est\u00e1 situada en el suroeste de la Pen\u00ednsula Ib\u00e9rica entre las desembocaduras de los r\u00edos Tinto y Guadalquivir. Su extremo sur est\u00e1 conformado por extensas playas v\u00edrgenes ba\u00f1adas por el Oc\u00e9ano Atl\u00e1ntico. El territorio alberga catorce municipios de las provincias de Huelva, Sevilla y C\u00e1diz.<\/span><\/p>\n<p><span style=\"font-weight: 400\">El Espacio Natural de Do\u00f1ana es un cruce de caminos clave para las rutas de aves migratorias entre \u00c1frica y Europa y tambi\u00e9n el \u00faltimo refugio para muchas especies en peligro de extinci\u00f3n.<\/span><\/p>\n<p><img loading=\"lazy\" decoding=\"async\" class=\"alignnone  wp-image-5392 aligncenter\" src=\"https:\/\/www.upo.es\/patio-colorado\/wp-content\/uploads\/2022\/05\/52955c13e93da5cec5f2f01bbd1c77e2-300x144.jpg\" alt=\"\" width=\"538\" height=\"258\" srcset=\"https:\/\/www.upo.es\/patio-colorado\/wp-content\/uploads\/2022\/05\/52955c13e93da5cec5f2f01bbd1c77e2-300x144.jpg 300w, https:\/\/www.upo.es\/patio-colorado\/wp-content\/uploads\/2022\/05\/52955c13e93da5cec5f2f01bbd1c77e2-768x370.jpg 768w, https:\/\/www.upo.es\/patio-colorado\/wp-content\/uploads\/2022\/05\/52955c13e93da5cec5f2f01bbd1c77e2.jpg 860w\" sizes=\"auto, (max-width: 538px) 100vw, 538px\" \/><\/p>\n<p style=\"text-align: center\"><span style=\"font-weight: 400\">Fuente: Pinterest<\/span><\/p>\n<p style=\"text-align: center\">\n<p><span style=\"font-weight: 400\">El espectacular paisaje de sus llanuras est\u00e1 conformado por dos ecosistemas primarios: bosques de pino y matorral mediterr\u00e1neo que crecen sobre suelos mayoritariamente arenosos, y extensas marismas arcillosas, sujetas a un ciclo hidrol\u00f3gico muy estacional.<\/span><\/p>\n<p><span style=\"font-weight: 400\">En \u00e9l, encontramos los pantanos, llanuras aluviales de agua dulce, que se secan en verano. Estos son el h\u00e1bitat de alimentaci\u00f3n y anidaci\u00f3n de innumerables aves acu\u00e1ticas. Tambi\u00e9n el bosque mediterr\u00e1neo. El matorral de Do\u00f1ana depende de los mayores acu\u00edferos de Espa\u00f1a para sobrevivir. Especies vegetales como la jara, el romero y el lentisco ofrecen refugio a mam\u00edferos como el lince. Por \u00faltimo, destaca el pino pi\u00f1onero. Los bosques de Do\u00f1ana est\u00e1n dominados por esta especie, que tambi\u00e9n genera un importante valor econ\u00f3mico a trav\u00e9s de los pi\u00f1ones que produce.<\/span><\/p>\n<p>&nbsp;<\/p>\n<p><span style=\"font-weight: 400\">En cuanto a fauna, Do\u00f1ana es sin duda el espacio natural con mayor biodiversidad de Europa, en especial de especies de aves, que son las m\u00e1s importantes y numerosas. M\u00e1s de 300 especies de aves habitan este territorio, de las cuales cerca de 130 se reproducen aqu\u00ed. Dado que la mayor\u00eda son aves acu\u00e1ticas, su h\u00e1bitat preferido son las extensas marismas del Parque. Tambi\u00e9n hay 37 especies de mam\u00edferos, incluido el lince ib\u00e9rico, 21 especies de reptiles, 11 especies de anfibios y 20 especies de peces de agua dulce. Tampoco podemos olvidar las miles de especies de invertebrados (insectos, an\u00e9lidos, ar\u00e1cnidos, etc.) que habitan en el Parque, muchas de las cuales a\u00fan no han sido clasificadas.<\/span><\/p>\n<p><span style=\"font-weight: 400\">El lince ib\u00e9rico es el rey de Do\u00f1ana, actualmente el felino m\u00e1s amenazado de la Tierra. Este lince solo se puede ver en la sierra de And\u00fajar en la provincia de Ja\u00e9n y aqu\u00ed, en Do\u00f1ana, donde vive en la llanura la \u00fanica poblaci\u00f3n superviviente del nivel del mar. El otro emblema de Do\u00f1ana es el \u00e1guila imperial que est\u00e1 casi tan amenazado como el lince. Nuestro Parque es uno de los \u00faltimos refugios, hogar de solo diez parejas de \u00e1guilas. La tortuga mora, tambi\u00e9n en peligro, es otra especie de reptil que vive en los arenales de Do\u00f1ana, uno de los pocos lugares donde se puede encontrar. Es vegetariana y puede vivir casi 100 a\u00f1os.<\/span><\/p>\n<p>&nbsp;<\/p>\n<p><span style=\"font-weight: 400\">Algunos reconocimientos:<\/span><\/p>\n<ul>\n<li style=\"font-weight: 400\"><span style=\"font-weight: 400\">Red Natura 2000.<\/span><\/li>\n<li style=\"font-weight: 400\"><span style=\"font-weight: 400\">Reserva de la Biosfera (1981).<\/span><\/li>\n<li style=\"font-weight: 400\"><span style=\"font-weight: 400\">Diploma del Consejo de Europa para la Conservaci\u00f3n (1985)<\/span><\/li>\n<li style=\"font-weight: 400\"><span style=\"font-weight: 400\">Patrimonio de la Humanidad de la UNESCO (1994).<\/span><\/li>\n<li style=\"font-weight: 400\"><span style=\"font-weight: 400\">Convenci\u00f3n RAMSAR.<\/span><\/li>\n<li style=\"font-weight: 400\"><span style=\"font-weight: 400\">Carta Europea de Turismo Sostenible (2006)<\/span><\/li>\n<\/ul>\n<p>&nbsp;<\/p>\n<p><span style=\"font-weight: 400\">Bibliograf\u00eda:<\/span><\/p>\n<p><a href=\"https:\/\/sites.google.com\/site\/parquenacionaldonana45215\/localizacion\/fauna-y-flora\"><span style=\"font-weight: 400\">https:\/\/sites.google.com\/site\/parquenacionaldonana45215\/localizacion\/fauna-y-flora<\/span><\/a><\/p>\n<p><a href=\"https:\/\/www.miteco.gob.es\/es\/red-parques-nacionales\/nuestros-parques\/donana\/conservacion-biodiversidad\/default.aspx\"><span style=\"font-weight: 400\">https:\/\/www.miteco.gob.es\/es\/red-parques-nacionales\/nuestros-parques\/donana\/conservacion-biodiversidad\/default.aspx<\/span><\/a><\/p>\n<p>&nbsp;<\/p>\n","protected":false},"excerpt":{"rendered":"<p>El Parque Nacional es el espacio protegido m\u00e1s importante dentro del Espacio Natural de Do\u00f1ana. Desde tiempos inmemoriales, estas tierras fueron famosas por su riqueza natural. Anteriormente popular entre la familia real y la aristocracia como coto de caza, la necesidad de proteger el \u00e1rea no se explor\u00f3 seriamente hasta la d\u00e9cada de 1960, seg\u00fan [&hellip;]<\/p>\n","protected":false},"author":42,"featured_media":5392,"comment_status":"open","ping_status":"open","sticky":false,"template":"","format":"standard","meta":{"_acf_changed":false,"_monsterinsights_skip_tracking":false,"_monsterinsights_sitenote_active":false,"_monsterinsights_sitenote_note":"","_monsterinsights_sitenote_category":0,"footnotes":""},"categories":[24],"tags":[601,603,602,605,604,606,607],"class_list":["post-5391","post","type-post","status-publish","format-standard","has-post-thumbnail","hentry","category-conservacion-y-restauracion","tag-donana","tag-fauna","tag-flora","tag-lagunas","tag-lince-iberico","tag-marismas","tag-parque-nacional"],"blocksy_meta":[],"acf":[],"jetpack_featured_media_url":"https:\/\/www.upo.es\/patio-colorado\/wp-content\/uploads\/2022\/05\/52955c13e93da5cec5f2f01bbd1c77e2.jpg","_links":{"self":[{"href":"https:\/\/www.upo.es\/patio-colorado\/wp-json\/wp\/v2\/posts\/5391","targetHints":{"allow":["GET"]}}],"collection":[{"href":"https:\/\/www.upo.es\/patio-colorado\/wp-json\/wp\/v2\/posts"}],"about":[{"href":"https:\/\/www.upo.es\/patio-colorado\/wp-json\/wp\/v2\/types\/post"}],"author":[{"embeddable":true,"href":"https:\/\/www.upo.es\/patio-colorado\/wp-json\/wp\/v2\/users\/42"}],"replies":[{"embeddable":true,"href":"https:\/\/www.upo.es\/patio-colorado\/wp-json\/wp\/v2\/comments?post=5391"}],"version-history":[{"count":1,"href":"https:\/\/www.upo.es\/patio-colorado\/wp-json\/wp\/v2\/posts\/5391\/revisions"}],"predecessor-version":[{"id":5393,"href":"https:\/\/www.upo.es\/patio-colorado\/wp-json\/wp\/v2\/posts\/5391\/revisions\/5393"}],"wp:featuredmedia":[{"embeddable":true,"href":"https:\/\/www.upo.es\/patio-colorado\/wp-json\/wp\/v2\/media\/5392"}],"wp:attachment":[{"href":"https:\/\/www.upo.es\/patio-colorado\/wp-json\/wp\/v2\/media?parent=5391"}],"wp:term":[{"taxonomy":"category","embeddable":true,"href":"https:\/\/www.upo.es\/patio-colorado\/wp-json\/wp\/v2\/categories?post=5391"},{"taxonomy":"post_tag","embeddable":true,"href":"https:\/\/www.upo.es\/patio-colorado\/wp-json\/wp\/v2\/tags?post=5391"}],"curies":[{"name":"wp","href":"https:\/\/api.w.org\/{rel}","templated":true}]}}