{"id":5394,"date":"2022-05-27T14:36:54","date_gmt":"2022-05-27T14:36:54","guid":{"rendered":"https:\/\/www.upo.es\/patio-colorado\/?p=5394"},"modified":"2022-05-27T14:36:54","modified_gmt":"2022-05-27T14:36:54","slug":"los-azulejos-de-la-plaza-de-espana-de-sevilla","status":"publish","type":"post","link":"https:\/\/www.upo.es\/patio-colorado\/2022\/05\/27\/los-azulejos-de-la-plaza-de-espana-de-sevilla\/","title":{"rendered":"Los azulejos de la Plaza de Espa\u00f1a de Sevilla"},"content":{"rendered":"<p><span style=\"font-weight: 400\">Si vives en la ciudad de Sevilla, habr\u00e1s estado m\u00e1s de una vez, y si has estado haciendo turismo, sin duda es uno de los lugares que te han recomendado visitar. S\u00ed, estamos hablando de la Plaza de Espa\u00f1a, pero, \u00bfCu\u00e1l es su principal atractivo?<\/span><\/p>\n<p><span style=\"font-weight: 400\">Si bien los paseos en barca y el parque de Mar\u00eda Luisa han llamado la atenci\u00f3n de muchos, la propia Plaza de Espa\u00f1a esconde gran parte de la cultura del azulejo sevillano, y hoy os vamos a guiar por varios de sus rincones m\u00e1s emblem\u00e1ticos.<\/span><\/p>\n<p><span style=\"font-weight: 400\">\u00bfAlguna vez te has preguntado por qu\u00e9 se llama \u00abPlaza de Espa\u00f1a\u00bb? Esto es algo que toda gu\u00eda en condiciones deber\u00eda contar y muchos de nosotros ya sabremos, y es que la plaza es un gigantesco monumento a Espa\u00f1a y su historia, decorado a rebosar con algunos de los azulejos m\u00e1s coloridos que encontraremos por todas partes.\u00a0<\/span><\/p>\n<p>&nbsp;<\/p>\n<p><span style=\"font-weight: 400\">El primero y m\u00e1s conocido de la plaza son sus bancos provinciales, un banco dedicado a cada provincia espa\u00f1ola, con un mural de azulejos que representan un momento hist\u00f3rico de cada una de ellas.<\/span><\/p>\n<p><img loading=\"lazy\" decoding=\"async\" class=\"alignnone  wp-image-5395 aligncenter\" src=\"https:\/\/www.upo.es\/patio-colorado\/wp-content\/uploads\/2022\/05\/383771_fotopzaesp024-300x158.jpg\" alt=\"\" width=\"461\" height=\"243\" srcset=\"https:\/\/www.upo.es\/patio-colorado\/wp-content\/uploads\/2022\/05\/383771_fotopzaesp024-300x158.jpg 300w, https:\/\/www.upo.es\/patio-colorado\/wp-content\/uploads\/2022\/05\/383771_fotopzaesp024.jpg 664w\" sizes=\"auto, (max-width: 461px) 100vw, 461px\" \/><\/p>\n<p style=\"text-align: center\"><span style=\"font-weight: 400\">Fuente: Vavel Media<\/span><\/p>\n<p>&nbsp;<\/p>\n<p><span style=\"font-weight: 400\">Todos y cada uno de estos murales fueron pintados a mano, dando como resultado toda una gama de colores que convierte el interior de la Plaza en una aut\u00e9ntica exposici\u00f3n de artesan\u00eda y azulejos al m\u00e1s puro estilo sevillano, a la vez que una buena lecci\u00f3n de historia. Los bancos van acompa\u00f1ados de arcos, en los que se ubican esculturas de grandes figuras espa\u00f1olas, entre las que encontraremos a Vel\u00e1zquez, Calder\u00f3n de la Barca y Cervantes entre muchos otros.<\/span><\/p>\n<p>&nbsp;<\/p>\n<p><span style=\"font-weight: 400\">Los cuatro puentes de la plaza representan los cuatro primeros reinos de Espa\u00f1a; Castilla, Le\u00f3n, Arag\u00f3n y Navarra. Cada una adornada con una decoraci\u00f3n cer\u00e1mica \u00fanica y su escudo en el punto m\u00e1s alto del puente. <\/span><span style=\"font-weight: 400\">Las balaustradas de los puentes fueron realizadas por otro autor, Manuel Garc\u00eda Montalv\u00e1n.<\/span><\/p>\n<p><img loading=\"lazy\" decoding=\"async\" class=\"alignnone  wp-image-5396 aligncenter\" src=\"https:\/\/www.upo.es\/patio-colorado\/wp-content\/uploads\/2022\/05\/plaza-de-espana-300x149.jpg\" alt=\"\" width=\"479\" height=\"238\" srcset=\"https:\/\/www.upo.es\/patio-colorado\/wp-content\/uploads\/2022\/05\/plaza-de-espana-300x149.jpg 300w, https:\/\/www.upo.es\/patio-colorado\/wp-content\/uploads\/2022\/05\/plaza-de-espana-1024x510.jpg 1024w, https:\/\/www.upo.es\/patio-colorado\/wp-content\/uploads\/2022\/05\/plaza-de-espana-768x382.jpg 768w, https:\/\/www.upo.es\/patio-colorado\/wp-content\/uploads\/2022\/05\/plaza-de-espana-1536x765.jpg 1536w, https:\/\/www.upo.es\/patio-colorado\/wp-content\/uploads\/2022\/05\/plaza-de-espana-2048x1020.jpg 2048w\" sizes=\"auto, (max-width: 479px) 100vw, 479px\" \/><\/p>\n<p style=\"text-align: center\"><span style=\"font-weight: 400\">Fuente: Espa\u00f1a Guide<\/span><\/p>\n<p>&nbsp;<\/p>\n<p><span style=\"font-weight: 400\">Las torres de la plaza esconden tambi\u00e9n varios trabajos realizados en cer\u00e1mica, y cada una de las piezas de esta plaza esconde mucha m\u00e1s historia de los azulejos sevillanos de la que te podr\u00edamos contar. \u00a1Te animamos a descubrirlo a fondo!<\/span><\/p>\n<p>&nbsp;<\/p>\n<p><span style=\"font-weight: 400\">Bibliograf\u00eda:<\/span><\/p>\n<p><a href=\"https:\/\/www.hispalceramica.com\/blog\/bancos-de-ceramica-y-escudos-de-la-plaza-de-espana-de-sevilla-alava\/\"><span style=\"font-weight: 400\">https:\/\/www.hispalceramica.com\/blog\/bancos-de-ceramica-y-escudos-de-la-plaza-de-espana-de-sevilla-alava\/<\/span><\/a><\/p>\n<p><a href=\"https:\/\/sevilla.abc.es\/sevilla\/sevi-plaza-espana-sevilla-abrazo-mundo-202104160803_noticia.html\"><span style=\"font-weight: 400\">https:\/\/sevilla.abc.es\/sevilla\/sevi-plaza-espana-sevilla-abrazo-mundo-202104160803_noticia.html<\/span><\/a><\/p>\n<p><a href=\"https:\/\/www.spain.info\/es\/lugares-interes\/plaza-espana-sevilla\/\"><span style=\"font-weight: 400\">https:\/\/www.spain.info\/es\/lugares-interes\/plaza-espana-sevilla\/<\/span><\/a><\/p>\n","protected":false},"excerpt":{"rendered":"<p>Si vives en la ciudad de Sevilla, habr\u00e1s estado m\u00e1s de una vez, y si has estado haciendo turismo, sin duda es uno de los lugares que te han recomendado visitar. S\u00ed, estamos hablando de la Plaza de Espa\u00f1a, pero, \u00bfCu\u00e1l es su principal atractivo? Si bien los paseos en barca y el parque de [&hellip;]<\/p>\n","protected":false},"author":42,"featured_media":5396,"comment_status":"open","ping_status":"open","sticky":false,"template":"","format":"standard","meta":{"_acf_changed":false,"_monsterinsights_skip_tracking":false,"_monsterinsights_sitenote_active":false,"_monsterinsights_sitenote_note":"","_monsterinsights_sitenote_category":0,"footnotes":""},"categories":[167],"tags":[28,609,610,612,608,611,6],"class_list":["post-5394","post","type-post","status-publish","format-standard","has-post-thumbnail","hentry","category-pintura-escultura","tag-arte","tag-azulejos","tag-bancos","tag-ceramica","tag-plaza-de-espana","tag-puentes","tag-sevilla"],"blocksy_meta":[],"acf":[],"jetpack_featured_media_url":"https:\/\/www.upo.es\/patio-colorado\/wp-content\/uploads\/2022\/05\/plaza-de-espana.jpg","_links":{"self":[{"href":"https:\/\/www.upo.es\/patio-colorado\/wp-json\/wp\/v2\/posts\/5394","targetHints":{"allow":["GET"]}}],"collection":[{"href":"https:\/\/www.upo.es\/patio-colorado\/wp-json\/wp\/v2\/posts"}],"about":[{"href":"https:\/\/www.upo.es\/patio-colorado\/wp-json\/wp\/v2\/types\/post"}],"author":[{"embeddable":true,"href":"https:\/\/www.upo.es\/patio-colorado\/wp-json\/wp\/v2\/users\/42"}],"replies":[{"embeddable":true,"href":"https:\/\/www.upo.es\/patio-colorado\/wp-json\/wp\/v2\/comments?post=5394"}],"version-history":[{"count":1,"href":"https:\/\/www.upo.es\/patio-colorado\/wp-json\/wp\/v2\/posts\/5394\/revisions"}],"predecessor-version":[{"id":5398,"href":"https:\/\/www.upo.es\/patio-colorado\/wp-json\/wp\/v2\/posts\/5394\/revisions\/5398"}],"wp:featuredmedia":[{"embeddable":true,"href":"https:\/\/www.upo.es\/patio-colorado\/wp-json\/wp\/v2\/media\/5396"}],"wp:attachment":[{"href":"https:\/\/www.upo.es\/patio-colorado\/wp-json\/wp\/v2\/media?parent=5394"}],"wp:term":[{"taxonomy":"category","embeddable":true,"href":"https:\/\/www.upo.es\/patio-colorado\/wp-json\/wp\/v2\/categories?post=5394"},{"taxonomy":"post_tag","embeddable":true,"href":"https:\/\/www.upo.es\/patio-colorado\/wp-json\/wp\/v2\/tags?post=5394"}],"curies":[{"name":"wp","href":"https:\/\/api.w.org\/{rel}","templated":true}]}}