{"id":5450,"date":"2022-05-27T18:35:25","date_gmt":"2022-05-27T18:35:25","guid":{"rendered":"https:\/\/www.upo.es\/patio-colorado\/?p=5450"},"modified":"2022-05-31T14:58:19","modified_gmt":"2022-05-31T14:58:19","slug":"vuelve-la-piedra-lunar-con-su-segunda-fase-entrevista-a-alberto-marina-castillo-y-cesar-de-bordons-ortiz","status":"publish","type":"post","link":"https:\/\/www.upo.es\/patio-colorado\/2022\/05\/27\/vuelve-la-piedra-lunar-con-su-segunda-fase-entrevista-a-alberto-marina-castillo-y-cesar-de-bordons-ortiz\/","title":{"rendered":"Vuelve La Piedra Lunar con su segunda fase: Entrevista a Alberto Marina Castillo y C\u00e9sar de Bordons Ort\u00edz"},"content":{"rendered":"<p><span style=\"font-weight: 400\">Color\u00e1s y coloraos, hoy estoy aqu\u00ed con Alberto Marina Castillo y C\u00e9sar de Bordons Ort\u00edz. Alberto es, fuera de la editorial, profesor en la Universidad Pablo de Olavide, en la Facultad de Humanidades. C\u00e9sar de Bordons Ort\u00edz es traductor y corrector en otras editoriales.<\/span><\/p>\n<p><span style=\"font-weight: 400\">El rodaje de La Piedra Lunar se remonta a 2007, con un joven e inexperto Alberto que abandona la tesis y vuelve de Alemania para trabajar en el mundo editorial. Empez\u00f3 sus andadas trabajando con Nacho Garmendia, un gran editor espa\u00f1ol. Tras unos a\u00f1os, funda un empe\u00f1o editorial propio que viene ligado a su trabajo como cr\u00edtico musical. Esta le lleva a fundar con algunos colegas una revista gratuita, <\/span><i><span style=\"font-weight: 400\">Disc\u00f3bolo<\/span><\/i><span style=\"font-weight: 400\">, que funcion\u00f3 durante un tiempo con la ayuda del CICUS, que colabor\u00f3 monetariamente para poder sacarla en papel. Ese es el arranque de La Piedra Lunar, aunque todav\u00eda no estuviera constituida como tal.\u00a0 <\/span><span style=\"font-weight: 400\">La editorial nace para editar el cat\u00e1logo de una exposici\u00f3n en el CICUS en el 2011. Alberto recuerda perfectamente el a\u00f1o porque se inaugur\u00f3 el d\u00eda despu\u00e9s de que naciera su hijo mayor, Bruno. El <em>mastering<\/em> se hizo en California y me cuenta que est\u00e1 muy orgulloso del cat\u00e1logo y la exposici\u00f3n. <\/span><span style=\"font-weight: 400\">C\u00e9sar entra en la re-fundaci\u00f3n de La Piedra Lunar, invitado por Alberto. Este me cuenta que llevar una editorial solo es una dedicaci\u00f3n plena, as\u00ed que la incorporaci\u00f3n de C\u00e9sar es vital. Ambos tienen sus ocupaciones, pero entre los dos, me dicen, hacen uno.\u00a0<\/span><\/p>\n<p><span style=\"font-weight: 400\">Os dejo sin m\u00e1s dilaci\u00f3n con la entrevista:<\/span><\/p>\n<p><b>Pregunta: <\/b><span style=\"font-weight: 400\">\u00bfPor qu\u00e9 se llama La Piedra Lunar?<\/span><\/p>\n<p><b>Respuesta: <\/b><span style=\"font-weight: 400\">(Alberto) La editorial se define desde el principio por una heterodoxia absoluta. Los siete vol\u00famenes del cat\u00e1logo son muy heterog\u00e9neos: del mundo cl\u00e1sico a una viajera austr\u00edaca, el ensayo de la tunecina H\u00e9l\u00e9 B\u00e9ji&#8230; El nombre de la editorial viene de la novela de Wilkie Collins porque soy muy forofo del autor. Hay m\u00e1s que eso: la fascinaci\u00f3n por el cruce de culturas que representa la piedra lunar, K\u014dh-i-N\u016br, me pareci\u00f3 muy potente de por s\u00ed. Encontr\u00e9 en Berl\u00edn una serie de materiales de papeler\u00eda con el nombre y un dibujo de un elefante. No s\u00e9 si hice el logo antes o despu\u00e9s de ver las gomitas de borrar, de las que le regal\u00e9 una a mi hijo Bruno. K\u014dh-i-N\u016br, la piedra lunar, viene por ah\u00ed, el elefante es un elefante indio, basado en un dibujo de Durero muy deformado: ese es el logo. Hay una colecci\u00f3n que est\u00e1 por llegar que utiliza para su logo otro animal caracter\u00edstico de la India (no adelantaremos nada). Bruno, por entonces, cuando est\u00e1 todav\u00eda la editorial en pa\u00f1ales, ve\u00eda el libro de la selva una y otra vez, fij\u00e1ndose en los elefantes y diciendo \u201cun, dos, tres\u201d. El elefante se llama, por eso, Tresd\u00f3s.\u00a0<\/span><\/p>\n<p><b>P:<\/b><span style=\"font-weight: 400\"> \u00bfC\u00f3mo definir\u00edais LPL?<\/span><\/p>\n<p><b>R: <\/b><span style=\"font-weight: 400\">(C\u00e9sar) Es una editorial muy abierta que aspira a tener un cat\u00e1logo muy heterodoxo, siempre con un fondo del mundo cl\u00e1sico, pero expandido: no solamente lo grecolatino del momento, sino cualquier cosa que tenga un toque, un aire, une esp\u00edritu cl\u00e1sico. Desde Virgilio hasta cualquier contempor\u00e1neo de esp\u00edritu cl\u00e1sico, como Miguel Cisneros.<\/span><\/p>\n<p><span style=\"font-weight: 400\">(Alberto) Uno cuando empieza es m\u00e1s joven, y te crees que vas a innovar y a sacar las cosas del tiesto, pero una cura de humildad (parte del proceso) es darse cuenta conforme se va conociendo el mundillo desde dentro de que eso de innovar en el mundo de la edici\u00f3n es muy dif\u00edcil. Basta con lo m\u00e1s dif\u00edcil de todo: hacer libros bellos y buenos. Una segunda parte, que es a la que vamos en esta segunda era de La Piedra Lunar es llegar a la gente, estar en muchas librer\u00edas\u2026 No ya solo por la justificaci\u00f3n econ\u00f3mica, sino porque es lo que se le debe a un texto y al autor que sea: el libro no se puede quedar almacenado, destruido o apolillado. El libro debe salir de las cajas y es muy complicado, y es a lo que vamos ahora: la nueva aventura de La Piedra Lunar.<\/span><\/p>\n<figure id=\"attachment_5453\" aria-describedby=\"caption-attachment-5453\" style=\"width: 537px\" class=\"wp-caption aligncenter\"><img loading=\"lazy\" decoding=\"async\" class=\" wp-image-5453\" src=\"https:\/\/www.upo.es\/patio-colorado\/wp-content\/uploads\/2022\/05\/90f2c44d-0c29-414a-857f-379517af1654-300x225.jpg\" alt=\"\" width=\"537\" height=\"403\" srcset=\"https:\/\/www.upo.es\/patio-colorado\/wp-content\/uploads\/2022\/05\/90f2c44d-0c29-414a-857f-379517af1654-300x225.jpg 300w, https:\/\/www.upo.es\/patio-colorado\/wp-content\/uploads\/2022\/05\/90f2c44d-0c29-414a-857f-379517af1654-1024x768.jpg 1024w, https:\/\/www.upo.es\/patio-colorado\/wp-content\/uploads\/2022\/05\/90f2c44d-0c29-414a-857f-379517af1654-768x576.jpg 768w, https:\/\/www.upo.es\/patio-colorado\/wp-content\/uploads\/2022\/05\/90f2c44d-0c29-414a-857f-379517af1654-1536x1152.jpg 1536w, https:\/\/www.upo.es\/patio-colorado\/wp-content\/uploads\/2022\/05\/90f2c44d-0c29-414a-857f-379517af1654.jpg 2048w\" sizes=\"auto, (max-width: 537px) 100vw, 537px\" \/><figcaption id=\"caption-attachment-5453\" class=\"wp-caption-text\">Alberto y C\u00e9sar posan en el CICUS, donde planean los pr\u00f3ximos movimientos de la editorial. Imagen tomada por m\u00ed mismo.<\/figcaption><\/figure>\n<p><span style=\"font-weight: 400\">(C\u00e9sar) Es una pena que un trabajo de tanta gente acabe en una caja.<\/span><\/p>\n<p><span style=\"font-weight: 400\">(Alberto) Convertirse, en t\u00e9rminos econ\u00f3micos tambi\u00e9n, en parte del tejido empresarial y econ\u00f3mico. Es importante que no quede en uno de estos empe\u00f1os culturales que se nutren de la amistad, que aunque es muy bonito, hay que lograr que la empresa salga adelante y salga de ser una cosa amateur.<\/span><\/p>\n<p><b>P: <\/b><span style=\"font-weight: 400\">\u00bfPod\u00e9is hablarnos del cat\u00e1logo de La Piedra Lunar?<\/span><\/p>\n<p><b>R: <\/b><span style=\"font-weight: 400\">(C\u00e9sar) El cat\u00e1logo es muy abierto, y tradicionalmente en La Piedra Lunar no ha habido colecciones, sino que ha estado todo en una colecci\u00f3n general en la que cabe fundamentalmente prosa, las <\/span><i><span style=\"font-weight: 400\">Ge\u00f3rgicas <\/span><\/i><span style=\"font-weight: 400\">de Virgilio para el verso, ensayos\u2026 Es muy abierto. La cosa es ahora, aunque est\u00e9 un poco en el aire todav\u00eda, sin perder ese esp\u00edritu de \u201caqu\u00ed cabe de todo\u201d, abrir secciones.<\/span><\/p>\n<p><span style=\"font-weight: 400\">(Alberto) Nosotros empezamos con un cat\u00e1logo, y ya dejamos abierta esa l\u00ednea para que vengan m\u00e1s contribuciones de ese tipo. Est\u00e1 la l\u00ednea principal, que vamos a modificar levemente para mejorarla en cuanto a formato. Despu\u00e9s, dentro de nuestro fuera de colecci\u00f3n tenemos nuestras <\/span><i><span style=\"font-weight: 400\">Cintas v\u00edrgenes<\/span><\/i><span style=\"font-weight: 400\">, aprovechando los antiguos casetes para hacer publicaciones enfocadas sobre todo a\u00a0 peque\u00f1os textos po\u00e9ticos, juegos con imagen y texto\u2026 Tenemos muchas novedades en preparaci\u00f3n para final de a\u00f1o, que es cuando haremos la presentaci\u00f3n de la nueva La Piedra Lunar. A principios del siguiente comenzar\u00e1 el nuevo impulso de la editorial. Interesa tambi\u00e9n el aspecto universitario, en el que es importante invertir y potenciar. En la primera fase de La Piedra Lunar me he nutrido del talento a mi alrededor en la Facultad de Humanidades, que no es poco. Es importante resaltar eso tambi\u00e9n, hay unas ganas de crear en la UPO que rebosan, que yo he ido recogiendo en mi trayecto.<\/span><\/p>\n<p><b>P:<\/b><span style=\"font-weight: 400\"> \u00bfTen\u00e9is alg\u00fan sitio f\u00edsico o sede? \u00bfP\u00e1gina web?<\/span><\/p>\n<p><b>R: <\/b><span style=\"font-weight: 400\">(C\u00e9sar) Nuestras casas (risas).<\/span><\/p>\n<p><span style=\"font-weight: 400\">(Alberto) En cuanto a la p\u00e1gina web, nos pillas en este momento de transici\u00f3n. Nosotros en realidad no tenemos p\u00e1gina web porque estamos asociados a la Quilombo, y en la p\u00e1gina web hay una secci\u00f3n de La Piedra Lunar entre otras empresas y proyectos amigos. S\u00ed que tenemos, por ejemplo, un enlace a archive.org, donde est\u00e1 buena parte (por ahora) de nuestro cat\u00e1logo, disponible en PDF gratuito. Estos son algunos libros que tienen licencia Creative Commons abierta. No es que practicamos el <\/span><i><span style=\"font-weight: 400\">harakiri<\/span><\/i><span style=\"font-weight: 400\"> editorial, sino que, por ahora yo he mantenido la confianza de que el que lee es porque quiere el libro o quiere regalarlo. Creo que tener una editorial es compatible con publicarlo gratuitamente para quien lo quiera. A veces esto no se puede hacer por temas de derechos de autor, pero bueno.\u00a0<\/span><\/p>\n<p><b>P: <\/b><span style=\"font-weight: 400\">Sin p\u00e1gina web, \u00bfc\u00f3mo funciona la distribuci\u00f3n de libros?<\/span><\/p>\n<p><b>R: <\/b><span style=\"font-weight: 400\">(C\u00e9sar) La p\u00e1gina web si bien es una ventaja, no es una necesidad. La distribuci\u00f3n no es tanto a trav\u00e9s de la p\u00e1gina web, sino el trato con las empresas distribuidoras y los libreros: esa es la clave. En eso estamos trabajando ahora, y eso es un reto para cualquier editorial. Tienes que ir con un bagaje que nosotros ya tenemos, por suerte, y con propuestas. La distribuci\u00f3n te exige un ritmo con el que hay que cumplir, eso es algo b\u00e1sico en cualquier negocio. Por eso cuando decimos que en invierno aparecer\u00e1n novedades es porque no podemos aparecer solo con un libro y esperar a que se olviden de nosotros hasta que saquemos otro.\u00a0<\/span><\/p>\n<p><span style=\"font-weight: 400\">(Alberto) En las editoriales, es important\u00edsimo el cat\u00e1logo y el cronograma. Ahora estamos implicados en un libro que estar\u00e1 escrito antes del verano, pero no se va a publicar hasta el primer trimestre de 2023. Podr\u00edamos decir que ya tenemos el a\u00f1o cerrado, lo cual, para una editorial, es se\u00f1al absoluta de salud. Una editorial casi que aspira a tener el a\u00f1o ya cerrado en cuanto empieza. Nuestro oficio es, por definici\u00f3n, un oficio de tiempo, y hay que saber controlarlo. Eso s\u00ed que es muy contrario a los tiempos que corren. Es un oficio que lleva mucho tiempo.<\/span><\/p>\n<p><span style=\"font-weight: 400\">(C\u00e9sar) Y planificaci\u00f3n.<\/span><\/p>\n<p><span style=\"font-weight: 400\">(Alberto) Y planificaci\u00f3n. Y dejarse las pesta\u00f1as, las cejas y todo.<\/span><\/p>\n<p><b>P:<\/b><span style=\"font-weight: 400\"> \u00bfQu\u00e9 ten\u00e9is pensado a partir de ahora?<\/span><\/p>\n<p><b>R: <\/b><span style=\"font-weight: 400\">(Alberto) De la primera etapa nos llevamos el orgullo de lo que hemos publicado, como el descubrimiento que fue el libro de H\u00e9l\u00e9 B\u00e9ji o las novelas m\u00e1s vanguardistas de Miguel Cisneros. Ahora vamos a dar un giro en la distribuci\u00f3n y llegar hasta Latinoam\u00e9rica.<\/span><\/p>\n<p><b>P: <\/b><span style=\"font-weight: 400\">\u00bfY del tema de redes sociales?<\/span><\/p>\n<p><b>R: <\/b><span style=\"font-weight: 400\">(Alberto) Estamos pensando en alimentar el Facebook y empezar con Twitter. Se puede no tener, tambi\u00e9n, pero yo creo que nosotros s\u00ed lo haremos.<\/span><\/p>\n<p><span style=\"font-weight: 400\">(C\u00e9sar) S\u00ed, hombre, a un ritmo un poco m\u00e1s tranquilo que otras editoriales, eso s\u00ed.<\/span><\/p>\n<p><span style=\"font-weight: 400\">(Alberto) Y siempre se puede ir a la contra. Pero bueno, estaremos ah\u00ed.<\/span><\/p>\n<p><b>P: <\/b><span style=\"font-weight: 400\">\u00bfEn qu\u00e9 os diferenci\u00e1is de los dem\u00e1s?<\/span><\/p>\n<p><b>R: <\/b><span style=\"font-weight: 400\">(C\u00e9sar) La cosa es que el mundo editorial espa\u00f1ol es riqu\u00edsimo, y ah\u00ed es complicado llamar la atenci\u00f3n. Nosotros vamos a por la excelencia, nos da igual el g\u00e9nero y el estilo con tal de que tenga un fondo cl\u00e1sico, aunque muy lejano a veces. Hay muy pocas editoriales en Espa\u00f1a con las que t\u00fa ves el logo y ya te quieres comprar el libro. A eso queremos llegar nosotros.\u00a0<\/span><\/p>\n<p><b>P: <\/b><span style=\"font-weight: 400\">\u00bfC\u00f3mo veis el mundo editorial ahora mismo en Sevilla?<\/span><\/p>\n<p><b>R: <\/b><span style=\"font-weight: 400\">(C\u00e9sar) Hay dos cosas que han afectado y afectar\u00e1n mucho al mundo editorial: la pandemia, obviamente, y la guerra. Los precios han subido y van a seguir subiendo, y el papel es super sensible a ello. Algo tan b\u00e1sico y fundamental para una editorial como el papel se nota mucho. Venimos de un momento malo que se ha juntado con lo que suele pasar en el mundo empresarial: los beneficios tardan mucho en llegar desde que se distribuyen los productos. Adem\u00e1s, cuando suben los precios de la vida, la gente que normalmente es el p\u00fablico mayoritario de las librer\u00edas, la clase media deja de consumir libros. Pero bueno, editar se ha editado siempre, incluso durante las guerras civiles y la segunda guerra mundial.\u00a0<\/span><\/p>\n<p><span style=\"font-weight: 400\">Sevilla siempre ha tenido muy buen mundo editorial y muchas empresas peque\u00f1as e iniciativas. Teniendo en cuenta como est\u00e1 distribuida la cultura en Espa\u00f1a es casi raro ver el aguante que ha tenido y tiene este mundillo en Sevilla.\u00a0<\/span><\/p>\n<p><b>P: <\/b><span style=\"font-weight: 400\">\u00bfY qu\u00e9 planes de futuro ten\u00e9is?<\/span><\/p>\n<p><b>R: <\/b><span style=\"font-weight: 400\">(C\u00e9sar) Ahora en oto\u00f1o-invierno haremos en Sevilla una presentaci\u00f3n con fiesta.<\/span><\/p>\n<p><b>P: <\/b><span style=\"font-weight: 400\">\u00bfAlgo que me haya dejado en el tintero?<\/span><span style=\"font-weight: 400\"><br \/>\n<\/span><b>R: <\/b><span style=\"font-weight: 400\">(Alberto) Quiero resaltar que se hacen cosas en la UPO, hay much\u00edsimo talento y muchas ganas, as\u00ed como muchos alumnos implicados en esta universidad y hay que invertir m\u00e1s en ello. Es algo muy necesario.<\/span><\/p>\n<p>Y con esta reflexi\u00f3n tan esperanzadora concluye la entrevista. \u00a1Gracias Alberto y C\u00e9sar! \u00a1Estaremos pendientes a la presentaci\u00f3n de la nueva fase!<\/p>\n","protected":false},"excerpt":{"rendered":"<p>Color\u00e1s y coloraos, hoy estoy aqu\u00ed con Alberto Marina Castillo y C\u00e9sar de Bordons Ort\u00edz. Alberto es, fuera de la editorial, profesor en la Universidad Pablo de Olavide, en la Facultad de Humanidades. C\u00e9sar de Bordons Ort\u00edz es traductor y corrector en otras editoriales. El rodaje de La Piedra Lunar se remonta a 2007, con [&hellip;]<\/p>\n","protected":false},"author":66,"featured_media":5453,"comment_status":"open","ping_status":"open","sticky":false,"template":"","format":"standard","meta":{"_acf_changed":false,"_monsterinsights_skip_tracking":false,"_monsterinsights_sitenote_active":false,"_monsterinsights_sitenote_note":"","_monsterinsights_sitenote_category":0,"footnotes":""},"categories":[137],"tags":[],"class_list":["post-5450","post","type-post","status-publish","format-standard","has-post-thumbnail","hentry","category-entrevistas"],"blocksy_meta":[],"acf":[],"jetpack_featured_media_url":"https:\/\/www.upo.es\/patio-colorado\/wp-content\/uploads\/2022\/05\/90f2c44d-0c29-414a-857f-379517af1654.jpg","_links":{"self":[{"href":"https:\/\/www.upo.es\/patio-colorado\/wp-json\/wp\/v2\/posts\/5450","targetHints":{"allow":["GET"]}}],"collection":[{"href":"https:\/\/www.upo.es\/patio-colorado\/wp-json\/wp\/v2\/posts"}],"about":[{"href":"https:\/\/www.upo.es\/patio-colorado\/wp-json\/wp\/v2\/types\/post"}],"author":[{"embeddable":true,"href":"https:\/\/www.upo.es\/patio-colorado\/wp-json\/wp\/v2\/users\/66"}],"replies":[{"embeddable":true,"href":"https:\/\/www.upo.es\/patio-colorado\/wp-json\/wp\/v2\/comments?post=5450"}],"version-history":[{"count":4,"href":"https:\/\/www.upo.es\/patio-colorado\/wp-json\/wp\/v2\/posts\/5450\/revisions"}],"predecessor-version":[{"id":5540,"href":"https:\/\/www.upo.es\/patio-colorado\/wp-json\/wp\/v2\/posts\/5450\/revisions\/5540"}],"wp:featuredmedia":[{"embeddable":true,"href":"https:\/\/www.upo.es\/patio-colorado\/wp-json\/wp\/v2\/media\/5453"}],"wp:attachment":[{"href":"https:\/\/www.upo.es\/patio-colorado\/wp-json\/wp\/v2\/media?parent=5450"}],"wp:term":[{"taxonomy":"category","embeddable":true,"href":"https:\/\/www.upo.es\/patio-colorado\/wp-json\/wp\/v2\/categories?post=5450"},{"taxonomy":"post_tag","embeddable":true,"href":"https:\/\/www.upo.es\/patio-colorado\/wp-json\/wp\/v2\/tags?post=5450"}],"curies":[{"name":"wp","href":"https:\/\/api.w.org\/{rel}","templated":true}]}}