{"id":5524,"date":"2022-05-29T19:55:20","date_gmt":"2022-05-29T19:55:20","guid":{"rendered":"https:\/\/www.upo.es\/patio-colorado\/?p=5524"},"modified":"2022-06-03T19:12:15","modified_gmt":"2022-06-03T19:12:15","slug":"cronica-del-concierto-de-fito-y-fitipaldis-en-sevilla","status":"publish","type":"post","link":"https:\/\/www.upo.es\/patio-colorado\/2022\/05\/29\/cronica-del-concierto-de-fito-y-fitipaldis-en-sevilla\/","title":{"rendered":"Cr\u00f3nica del concierto de Fito y Fitipaldis en Sevilla"},"content":{"rendered":"<p>Anoche, Sevilla tuvo la oportunidad de vivir una de sus noches m\u00e1s entra\u00f1ables bajo la tutela de Adolfo Cabrales, m\u00e1s conocido como \u00abFito\u00bb y su banda los Fitipaldis. El bilba\u00edno dej\u00f3 su sello una vez m\u00e1s como bien viene acostumbrando en esta gira de <em>Cada Vez Cad\u00e1ver<\/em>, su \u00faltimo disco. Tras los teloneros Morgan, grupo que est\u00e1 acompa\u00f1ando durante toda la gira a los Fitipaldis, a las 22:32, despu\u00e9s de un peque\u00f1o v\u00eddeo de introducci\u00f3n, sonaban los primeros acordes de <em>A quemarropa ,<\/em> una de las canciones del nuevo disco que encend\u00eda las primeras emociones.<\/p>\n<p>A ambos lados del escenario, se encontraban unas pantallas gigantes que servir\u00edan de apoyo visual a aquellas personas que estuvieran m\u00e1s alejadas. Con <em>Lo que sobra de m\u00ed<\/em>\u00a0 y <em>Por la boca vive el pez,\u00a0 <\/em>Fito empezaba fuerte con estos temas para hacer entrar en calor a la gente. <em>Me equivocar\u00eda otra vez<\/em> y<em> Cielo herm\u00e9tico<\/em> (el primer single del nuevo disco), mezcladas con cl\u00e1sicos como <em>Whisky barato<\/em> o <em>Entre la espada y la pared,\u00a0<\/em>har\u00edan las delicias de los all\u00ed presentes.<\/p>\n<p><img loading=\"lazy\" decoding=\"async\" class=\"wp-image-5527 aligncenter\" src=\"https:\/\/www.upo.es\/patio-colorado\/wp-content\/uploads\/2022\/05\/1653850739462-300x135.jpg\" alt=\"\" width=\"507\" height=\"228\" srcset=\"https:\/\/www.upo.es\/patio-colorado\/wp-content\/uploads\/2022\/05\/1653850739462-300x135.jpg 300w, https:\/\/www.upo.es\/patio-colorado\/wp-content\/uploads\/2022\/05\/1653850739462-1024x461.jpg 1024w, https:\/\/www.upo.es\/patio-colorado\/wp-content\/uploads\/2022\/05\/1653850739462-768x346.jpg 768w, https:\/\/www.upo.es\/patio-colorado\/wp-content\/uploads\/2022\/05\/1653850739462-1536x691.jpg 1536w, https:\/\/www.upo.es\/patio-colorado\/wp-content\/uploads\/2022\/05\/1653850739462-2048x922.jpg 2048w\" sizes=\"auto, (max-width: 507px) 100vw, 507px\" \/><\/p>\n<p style=\"text-align: center\"><em>Fito y Fitipaldis<\/em><\/p>\n<p>Llegamos al ecuador del concierto tras <em>Las palabras arden, En el Barro<\/em> (otras dos nuevas) y <em>Todo a cien,\u00a0<\/em>canci\u00f3n m\u00edtica de \u00abLa Cabra Mec\u00e1nica\u00bb, Fito invita a la banda Morgan para que se suban a cantar con ellos\u00a0 otro tema de los nuevos, <em>Quiero gritar,\u00a0<\/em>en un ejemplo de una grand\u00edsima fusi\u00f3n entre las dos bandas que pusieron a bailar a los asistentes de grada que no pudieron estar en la pista.<\/p>\n<p>&nbsp;<\/p>\n<p><img loading=\"lazy\" decoding=\"async\" class=\" wp-image-5528 aligncenter\" src=\"https:\/\/www.upo.es\/patio-colorado\/wp-content\/uploads\/2022\/05\/1653850739409-300x135.jpg\" alt=\"\" width=\"461\" height=\"207\" srcset=\"https:\/\/www.upo.es\/patio-colorado\/wp-content\/uploads\/2022\/05\/1653850739409-300x135.jpg 300w, https:\/\/www.upo.es\/patio-colorado\/wp-content\/uploads\/2022\/05\/1653850739409-1024x461.jpg 1024w, https:\/\/www.upo.es\/patio-colorado\/wp-content\/uploads\/2022\/05\/1653850739409-768x346.jpg 768w, https:\/\/www.upo.es\/patio-colorado\/wp-content\/uploads\/2022\/05\/1653850739409-1536x691.jpg 1536w, https:\/\/www.upo.es\/patio-colorado\/wp-content\/uploads\/2022\/05\/1653850739409-2048x922.jpg 2048w\" sizes=\"auto, (max-width: 461px) 100vw, 461px\" \/><\/p>\n<p style=\"text-align: center\"><em>Carlos Raya a trav\u00e9s de las pantallas<\/em><\/p>\n<p>Despu\u00e9s de los invitados lleg\u00e1bamos a la recta final del concierto, donde pudimos escuchar m\u00e1s cl\u00e1sicos de la banda como <em>Viene y va, Cada vez cad\u00e1ver, Tarde o temprano<\/em>, <em>La casa por el tejado<\/em> y <em>Antes de que cuente diez<\/em>, con ello la banda se desped\u00eda brevemente y abandonaban el escenario. Todo apuntaba a que no tendr\u00edamos que esperar mucho en verlos de nuevo en escena; Y as\u00ed sucedi\u00f3, aunque en esta ocasi\u00f3n, Fito sali\u00f3 acompa\u00f1ado por Carlos Raya y Nina, la cantante de Morgan para interpretar una versi\u00f3n ac\u00fastica de <em>Abrazado a la tristeza.\u00a0<\/em><\/p>\n<p>Tras este momento y con el cuerpo encogido por las letras tan emotivas de la \u00faltima canci\u00f3n, Fito y sus Fitipaldis tocaron uno de sus mayores himnos y que tanto \u00e9xito le ha dado, hablamos de la m\u00edtica <em>Soldadito marinero,\u00a0<\/em> tema con el que se extendieron bastante en su duraci\u00f3n y todo hac\u00eda indicar que ser\u00eda el final del concierto, pero no fue as\u00ed, pues todav\u00eda ten\u00edan 2 ases en la manga, el primero, y para sorpresa de alguno, fue <em>Entre dos mares<\/em> de \u201cPlatero y T\u00fa\u201d, y por \u00faltimo y para acabar el concierto, ahora si, tocaron <em>Acabo de llegar<\/em>.<\/p>\n<p>En definitiva, dos horas y media de concierto donde los asistentes, entregados desde el primer minuto, pudieron disfrutar de su extenso repertorio y donde Fito no par\u00f3 de agradecer por como \u00e9l mismo dec\u00eda: \u00abgracias <em>por esperarnos, no a nosotros, si no a la m\u00fasica y a todos los grupos\u00bb.\u00a0\u00a0<\/em>Un servidor afirma que en el pr\u00f3ximo concierto, como buen y fiel seguidor, ah\u00ed estar\u00e1. <em>\u00abQu\u00e9 te voy a decir, si yo acabo de llegar\u00bb.<\/em><\/p>\n<p>Fuentes:<\/p>\n<p>Im\u00e1genes propias<\/p>\n<p>&nbsp;<\/p>\n","protected":false},"excerpt":{"rendered":"<p>Anoche, Sevilla tuvo la oportunidad de vivir una de sus noches m\u00e1s entra\u00f1ables bajo la tutela de Adolfo Cabrales, m\u00e1s conocido como \u00abFito\u00bb y su banda los Fitipaldis. El bilba\u00edno dej\u00f3 su sello una vez m\u00e1s como bien viene acostumbrando en esta gira de Cada Vez Cad\u00e1ver, su \u00faltimo disco. Tras los teloneros Morgan, grupo [&hellip;]<\/p>\n","protected":false},"author":80,"featured_media":5525,"comment_status":"open","ping_status":"open","sticky":false,"template":"","format":"standard","meta":{"_acf_changed":false,"_monsterinsights_skip_tracking":false,"_monsterinsights_sitenote_active":false,"_monsterinsights_sitenote_note":"","_monsterinsights_sitenote_category":0,"footnotes":""},"categories":[136],"tags":[80,128,630,629,6],"class_list":["post-5524","post","type-post","status-publish","format-standard","has-post-thumbnail","hentry","category-reportajes","tag-actualidad","tag-artistas","tag-concierto","tag-fitoyfitipaldis","tag-sevilla"],"blocksy_meta":[],"acf":[],"jetpack_featured_media_url":"https:\/\/www.upo.es\/patio-colorado\/wp-content\/uploads\/2022\/05\/1653850739374-scaled.jpg","_links":{"self":[{"href":"https:\/\/www.upo.es\/patio-colorado\/wp-json\/wp\/v2\/posts\/5524","targetHints":{"allow":["GET"]}}],"collection":[{"href":"https:\/\/www.upo.es\/patio-colorado\/wp-json\/wp\/v2\/posts"}],"about":[{"href":"https:\/\/www.upo.es\/patio-colorado\/wp-json\/wp\/v2\/types\/post"}],"author":[{"embeddable":true,"href":"https:\/\/www.upo.es\/patio-colorado\/wp-json\/wp\/v2\/users\/80"}],"replies":[{"embeddable":true,"href":"https:\/\/www.upo.es\/patio-colorado\/wp-json\/wp\/v2\/comments?post=5524"}],"version-history":[{"count":10,"href":"https:\/\/www.upo.es\/patio-colorado\/wp-json\/wp\/v2\/posts\/5524\/revisions"}],"predecessor-version":[{"id":5554,"href":"https:\/\/www.upo.es\/patio-colorado\/wp-json\/wp\/v2\/posts\/5524\/revisions\/5554"}],"wp:featuredmedia":[{"embeddable":true,"href":"https:\/\/www.upo.es\/patio-colorado\/wp-json\/wp\/v2\/media\/5525"}],"wp:attachment":[{"href":"https:\/\/www.upo.es\/patio-colorado\/wp-json\/wp\/v2\/media?parent=5524"}],"wp:term":[{"taxonomy":"category","embeddable":true,"href":"https:\/\/www.upo.es\/patio-colorado\/wp-json\/wp\/v2\/categories?post=5524"},{"taxonomy":"post_tag","embeddable":true,"href":"https:\/\/www.upo.es\/patio-colorado\/wp-json\/wp\/v2\/tags?post=5524"}],"curies":[{"name":"wp","href":"https:\/\/api.w.org\/{rel}","templated":true}]}}