{"id":5541,"date":"2022-06-01T13:21:05","date_gmt":"2022-06-01T13:21:05","guid":{"rendered":"https:\/\/www.upo.es\/patio-colorado\/?p=5541"},"modified":"2022-06-01T13:21:05","modified_gmt":"2022-06-01T13:21:05","slug":"la-restauracion-del-castillo-de-los-molares","status":"publish","type":"post","link":"https:\/\/www.upo.es\/patio-colorado\/2022\/06\/01\/la-restauracion-del-castillo-de-los-molares\/","title":{"rendered":"La restauraci\u00f3n del castillo de Los Molares"},"content":{"rendered":"<p>La Comisi\u00f3n Provincial de Patrimonio Hist\u00f3rico, dependiente la Junta de Andaluc\u00eda, ha comunicado hace muy escasos d\u00edas que ha sido aprobado el proyecto de restauraci\u00f3n del emblem\u00e1tico castillo de Los Molares. Sus muros sufrieron un proceso de restauraci\u00f3n en el que, seg\u00fan informan UTRERAWeb y UtreraDigital (2022), se utiliz\u00f3 un material distinto al del original de la construcci\u00f3n y que actualmente estar\u00eda desprendi\u00e9ndose. Sin embargo, cualquier posible controversia quedar\u00eda solventada ya que el proyecto parte del inter\u00e9s en restaurar este elemento del monumento con el fin de devolverlo al estado en que qued\u00f3 en su restauraci\u00f3n en el siglo XIX.<\/p>\n<p>&nbsp;<\/p>\n<figure id=\"attachment_5543\" aria-describedby=\"caption-attachment-5543\" style=\"width: 400px\" class=\"wp-caption aligncenter\"><img loading=\"lazy\" decoding=\"async\" class=\"wp-image-5543\" src=\"https:\/\/www.upo.es\/patio-colorado\/wp-content\/uploads\/2022\/06\/Fachada-del-castillo.jpg\" alt=\"\" width=\"400\" height=\"300\" srcset=\"https:\/\/www.upo.es\/patio-colorado\/wp-content\/uploads\/2022\/06\/Fachada-del-castillo.jpg 800w, https:\/\/www.upo.es\/patio-colorado\/wp-content\/uploads\/2022\/06\/Fachada-del-castillo-300x225.jpg 300w, https:\/\/www.upo.es\/patio-colorado\/wp-content\/uploads\/2022\/06\/Fachada-del-castillo-768x576.jpg 768w\" sizes=\"auto, (max-width: 400px) 100vw, 400px\" \/><figcaption id=\"caption-attachment-5543\" class=\"wp-caption-text\">Fachada del castillo. Fuente: Tursimosevilla.org<\/figcaption><\/figure>\n<p>&nbsp;<\/p>\n<p>Como explican Gonz\u00e1lez de la Pe\u00f1a (2015) y De la Cuadra Dur\u00e1n (1994), el castillo fue ya restaurado en 1892 por encargo del marqu\u00e9s de San Marcial y de Gibaja D. Enrique de la Cuadra y Gibaja. El arist\u00f3crata utrerano hab\u00eda comprado a Francisco Gonz\u00e1lez-P\u00e9rez y de Surga el edificio. Mucho m\u00e1s antig\u00fcedad tiene en realidad el castillo ya que su construcci\u00f3n data del siglo XIV. Esta fue cedida por Fernando IV El Emplazado a Lope Guti\u00e9rrez de Toledo. M\u00e1s tarde pas\u00f3 a ser propiedad de Diego G\u00f3mez de Rivera en el siglo XV. Se encuentra en la heredad de El Molar que m\u00e1s tarde pas\u00f3 a ser el pueblo de Los Molares. M\u00e1s tarde fue la residencia del pol\u00edtico y poeta sevillano Baltasar del Alc\u00e1zar y en 1782 fue el emplazamiento de un fest\u00edn en honor del conde de Artois, que m\u00e1s tarde reinar\u00eda en Francia con el nombre de Carlos X. En la misma \u00e9poca se desarrollaba en el castillo la conocida Feria de la Seda local que tanta relevancia tuvo en toda la zona.<\/p>\n<p>&nbsp;<\/p>\n<figure id=\"attachment_5544\" aria-describedby=\"caption-attachment-5544\" style=\"width: 375px\" class=\"wp-caption aligncenter\"><img loading=\"lazy\" decoding=\"async\" class=\"size-full wp-image-5544\" src=\"https:\/\/www.upo.es\/patio-colorado\/wp-content\/uploads\/2022\/06\/enrique-de-la-cuadra.jpg\" alt=\"\" width=\"375\" height=\"548\" srcset=\"https:\/\/www.upo.es\/patio-colorado\/wp-content\/uploads\/2022\/06\/enrique-de-la-cuadra.jpg 375w, https:\/\/www.upo.es\/patio-colorado\/wp-content\/uploads\/2022\/06\/enrique-de-la-cuadra-205x300.jpg 205w\" sizes=\"auto, (max-width: 375px) 100vw, 375px\" \/><figcaption id=\"caption-attachment-5544\" class=\"wp-caption-text\">D. Enrique de la Cuadra. Fuente: Senado.es<\/figcaption><\/figure>\n<p>&nbsp;<\/p>\n<p>El proceso de restauraci\u00f3n, que contar\u00e1 con una reserva del fondo de 1,37 millones de euros adjudicados por el Plan Contigo, no se limitar\u00e1 a los muros; aunque estos sean los elementos en los que mayor inter\u00e9s de restauraci\u00f3n se tiene. Este proyecto de restauraci\u00f3n incluye en sus fases la retirada del material deteriorado y el de las almenas; revestirlo despu\u00e9s con mortero de cal en una tonalidad lo m\u00e1s parecida posible al de su estado original, la retirada de elementos contempor\u00e1neos en la pavimentaci\u00f3n, el cambio del entarimado de madera presente en la torre del homenaje por otro de material m\u00e1s resistente pero que respetar\u00eda la est\u00e9tica del castillo y la readecuaci\u00f3n del sistema el\u00e9ctrico en las almenas de una de las fachadas del castillo para que no sean visibles.<\/p>\n<p>&nbsp;<\/p>\n<figure id=\"attachment_5545\" aria-describedby=\"caption-attachment-5545\" style=\"width: 308px\" class=\"wp-caption aligncenter\"><img loading=\"lazy\" decoding=\"async\" class=\"size-full wp-image-5545\" src=\"https:\/\/www.upo.es\/patio-colorado\/wp-content\/uploads\/2022\/06\/Puerta-del-castillo-de-Los-Molares.jpg\" alt=\"\" width=\"308\" height=\"411\" srcset=\"https:\/\/www.upo.es\/patio-colorado\/wp-content\/uploads\/2022\/06\/Puerta-del-castillo-de-Los-Molares.jpg 308w, https:\/\/www.upo.es\/patio-colorado\/wp-content\/uploads\/2022\/06\/Puerta-del-castillo-de-Los-Molares-225x300.jpg 225w\" sizes=\"auto, (max-width: 308px) 100vw, 308px\" \/><figcaption id=\"caption-attachment-5545\" class=\"wp-caption-text\">Puerta del castillo de Los Molares. Fuente: andalucia.es<\/figcaption><\/figure>\n<p>&nbsp;<\/p>\n<p>La mayor parte del castillo actualmente es propiedad del ayuntamiento molare\u00f1o. Su preocupaci\u00f3n ha sido la dinamizaci\u00f3n del monumento con finalidades tur\u00edsticas y hosteleras. Uno de los aspectos que mayor inter\u00e9s ha tenido el castillo para el ayuntamiento es el de la promoci\u00f3n del enclave hist\u00f3rico para la realizaci\u00f3n de eventos sociales, principalmente bodas de tem\u00e1tica medieval. Adem\u00e1s, a finales de 2021 se ha puesto a la venta una superficie de 665 m<sup>2<\/sup>, distribuidos en 492 m<sup>2 <\/sup>para uso hostelero y el resto a vivienda particular.<\/p>\n<p>&nbsp;<\/p>\n<figure id=\"attachment_5546\" aria-describedby=\"caption-attachment-5546\" style=\"width: 480px\" class=\"wp-caption aligncenter\"><img loading=\"lazy\" decoding=\"async\" class=\"wp-image-5546\" src=\"https:\/\/www.upo.es\/patio-colorado\/wp-content\/uploads\/2022\/06\/El-castillo-nocturno.jpg\" alt=\"\" width=\"480\" height=\"360\" srcset=\"https:\/\/www.upo.es\/patio-colorado\/wp-content\/uploads\/2022\/06\/El-castillo-nocturno.jpg 960w, https:\/\/www.upo.es\/patio-colorado\/wp-content\/uploads\/2022\/06\/El-castillo-nocturno-300x225.jpg 300w, https:\/\/www.upo.es\/patio-colorado\/wp-content\/uploads\/2022\/06\/El-castillo-nocturno-768x576.jpg 768w\" sizes=\"auto, (max-width: 480px) 100vw, 480px\" \/><figcaption id=\"caption-attachment-5546\" class=\"wp-caption-text\">El castillo nocturno. Fuente: losmolares.es<\/figcaption><\/figure>\n<p>&nbsp;<\/p>\n<figure id=\"attachment_5547\" aria-describedby=\"caption-attachment-5547\" style=\"width: 400px\" class=\"wp-caption aligncenter\"><img loading=\"lazy\" decoding=\"async\" class=\"wp-image-5547\" src=\"https:\/\/www.upo.es\/patio-colorado\/wp-content\/uploads\/2022\/06\/La-luna-entre-sus-almenas-300x225.jpg\" alt=\"\" width=\"400\" height=\"300\" srcset=\"https:\/\/www.upo.es\/patio-colorado\/wp-content\/uploads\/2022\/06\/La-luna-entre-sus-almenas-300x225.jpg 300w, https:\/\/www.upo.es\/patio-colorado\/wp-content\/uploads\/2022\/06\/La-luna-entre-sus-almenas-768x576.jpg 768w, https:\/\/www.upo.es\/patio-colorado\/wp-content\/uploads\/2022\/06\/La-luna-entre-sus-almenas.jpg 800w\" sizes=\"auto, (max-width: 400px) 100vw, 400px\" \/><figcaption id=\"caption-attachment-5547\" class=\"wp-caption-text\">La luna entre sus almenas. Fuente: turismosevilla.org<\/figcaption><\/figure>\n<p>&nbsp;<\/p>\n<p>Referencias<\/p>\n<ul>\n<li>De la Cuadra Dur\u00e1n, E. (1994). <em>D. Enrique de la Cuadra y Utrera. <\/em>Utrera, Sevilla. Editorial Talleres Grafitr\u00e9s.<\/li>\n<li>Gonz\u00e1lez de la Pe\u00f1a y de la Pe\u00f1a, E. (2015). <em>Tres utreranos de leyenda<\/em>. Utrera, Sevilla. Editorial Siarum.<\/li>\n<li>Redacci\u00f3n de UtreraDigital (2022). El castillo de Los Molares pone a la venta un restaurante y una vivienda. Recuperado de: <a href=\"https:\/\/www.utreradigital.com\/web\/2021\/09\/14\/el-castillo-de-los-molares-pone-a-la-venta-un-restaurante-y-una-vivienda\/\">https:\/\/www.utreradigital.com\/web\/2021\/09\/14\/el-castillo-de-los-molares-pone-a-la-venta-un-restaurante-y-una-vivienda\/<\/a><\/li>\n<li>Redacci\u00f3n de UtreraDigital (2022). Los Molares apuesta por su patrimonio con la restauraci\u00f3n de la muralla de su castillo y la cubierta del dolmen. Recuperado de: https:\/\/www.utreradigital.com\/web\/2021\/06\/02\/los-molares-apuesta-por-su-patrimonio-con-la-restauracion-de-la-muralla-de-su-castillo-y-la-cubierta-del-dolmen\/<\/li>\n<li>Redacci\u00f3n de UtreraDigital (2022). Patrimonio da luz verde a la restauraci\u00f3n de las murallas del castillo de Los Molares. Recuperado de: <a href=\"https:\/\/www.utreradigital.com\/web\/2022\/05\/26\/patrimonio-da-luz-verde-a-la-restauracion-de-las-murallas-del-castillo-de-los-molares\/\">https:\/\/www.utreradigital.com\/web\/2022\/05\/26\/patrimonio-da-luz-verde-a-la-restauracion-de-las-murallas-del-castillo-de-los-molares\/<\/a><\/li>\n<li>UTRERAWeb (2022). La Comisi\u00f3n Provincial de Patrimonio aprueba el proyecto de reparaci\u00f3n de las murallas del castillo de Los Molares. Recuperado de: <a href=\"https:\/\/www.utreraweb.com\/noticias-de-utrera\/cultura\/2022\/15257\/La-Comision-Provincial-de-Patrimonio-aprueba-el-proyecto-de-reparacion-de-las-murallas-del-castillo-de-Los-Molares\/?fbclid=IwAR19zDSQQcnTh80t7_dRYMVfrRnBORyZ4qXBudmgN8s7-F8Q-d-LNz8yvP4\">https:\/\/www.utreraweb.com\/noticias-de-utrera\/cultura\/2022\/15257\/La-Comision-Provincial-de-Patrimonio-aprueba-el-proyecto-de-reparacion-de-las-murallas-del-castillo-de-Los-Molares\/?fbclid=IwAR19zDSQQcnTh80t7_dRYMVfrRnBORyZ4qXBudmgN8s7-F8Q-d-LNz8yvP4<\/a><\/li>\n<\/ul>\n<p>&nbsp;<\/p>\n<p>Im\u00e1genes<\/p>\n<ul>\n<li>https:\/\/www.losmolares.es\/.galleries\/imagenes-general\/WhatsApp-Image-2019-12-17-at-10.54.33.jpeg<\/li>\n<li><a href=\"https:\/\/andaluciarustica.com\/wp-content\/uploads\/2013\/09\/castillo-de-los-molares-puerta.jpg\">https:\/\/andaluciarustica.com\/wp-content\/uploads\/2013\/09\/castillo-de-los-molares-puerta.jpg<\/a><\/li>\n<li>https:\/\/www.senado.es\/web\/wcm\/idc\/groups\/public\/@cta_imagenes\/documents\/digitalmedia\/mdaw\/mtk4\/~edisp\/fotosen_807.jpg<\/li>\n<li><a href=\"https:\/\/www.turismosevilla.org\/sites\/default\/files\/styles\/grande_800x600_\/public\/2021-06\/LOS%20MOLARES-Castillo%284%29_0.JPG?h=ea95bb15&amp;itok=U9lueHk6\">https:\/\/www.turismosevilla.org\/sites\/default\/files\/styles\/grande_800x600_\/public\/2021-06\/LOS%20MOLARES-Castillo%284%29_0.JPG?h=ea95bb15&amp;itok=U9lueHk6<\/a><\/li>\n<li>https:\/\/andaluciarustica.com\/castillo_de_los_molares.htm<\/li>\n<li>https:\/\/www.turismosevilla.org\/sites\/default\/files\/styles\/grande_800x600_\/public\/2020-03\/2018-01-27-Los%20Molares-%20Castillo%20%2866%29_0.JPG?h=790be497&amp;itok=1UP7bpa2<\/li>\n<li>https:\/\/www.losmolares.es\/es\/nuestro-castillo\/conocelo\/<\/li>\n<\/ul>\n","protected":false},"excerpt":{"rendered":"<p>La Comisi\u00f3n Provincial de Patrimonio Hist\u00f3rico, dependiente la Junta de Andaluc\u00eda, ha comunicado hace muy escasos d\u00edas que ha sido aprobado el proyecto de restauraci\u00f3n del emblem\u00e1tico castillo de Los Molares. Sus muros sufrieron un proceso de restauraci\u00f3n en el que, seg\u00fan informan UTRERAWeb y UtreraDigital (2022), se utiliz\u00f3 un material distinto al del original [&hellip;]<\/p>\n","protected":false},"author":79,"featured_media":5542,"comment_status":"open","ping_status":"open","sticky":false,"template":"","format":"standard","meta":{"_acf_changed":false,"_monsterinsights_skip_tracking":false,"_monsterinsights_sitenote_active":false,"_monsterinsights_sitenote_note":"","_monsterinsights_sitenote_category":0,"footnotes":""},"categories":[45,24,46,12,35,26,170,301],"tags":[449,64,332,19,210,631,285,18,17],"class_list":["post-5541","post","type-post","status-publish","format-standard","has-post-thumbnail","hentry","category-boletin-colorao","category-conservacion-y-restauracion","category-en-la-prensa","category-eventos","category-fiestas-tradiciones","category-gastronomia-artesania","category-monumentos-y-turismo","category-sevilla","tag-castillo","tag-patrimonio","tag-sevilla-cultura","tag-conservacion","tag-historia","tag-los-molares","tag-monumento","tag-restauracion","tag-utrera"],"blocksy_meta":[],"acf":[],"jetpack_featured_media_url":"https:\/\/www.upo.es\/patio-colorado\/wp-content\/uploads\/2022\/06\/Esquina-del-castillo.jpeg","_links":{"self":[{"href":"https:\/\/www.upo.es\/patio-colorado\/wp-json\/wp\/v2\/posts\/5541","targetHints":{"allow":["GET"]}}],"collection":[{"href":"https:\/\/www.upo.es\/patio-colorado\/wp-json\/wp\/v2\/posts"}],"about":[{"href":"https:\/\/www.upo.es\/patio-colorado\/wp-json\/wp\/v2\/types\/post"}],"author":[{"embeddable":true,"href":"https:\/\/www.upo.es\/patio-colorado\/wp-json\/wp\/v2\/users\/79"}],"replies":[{"embeddable":true,"href":"https:\/\/www.upo.es\/patio-colorado\/wp-json\/wp\/v2\/comments?post=5541"}],"version-history":[{"count":2,"href":"https:\/\/www.upo.es\/patio-colorado\/wp-json\/wp\/v2\/posts\/5541\/revisions"}],"predecessor-version":[{"id":5549,"href":"https:\/\/www.upo.es\/patio-colorado\/wp-json\/wp\/v2\/posts\/5541\/revisions\/5549"}],"wp:featuredmedia":[{"embeddable":true,"href":"https:\/\/www.upo.es\/patio-colorado\/wp-json\/wp\/v2\/media\/5542"}],"wp:attachment":[{"href":"https:\/\/www.upo.es\/patio-colorado\/wp-json\/wp\/v2\/media?parent=5541"}],"wp:term":[{"taxonomy":"category","embeddable":true,"href":"https:\/\/www.upo.es\/patio-colorado\/wp-json\/wp\/v2\/categories?post=5541"},{"taxonomy":"post_tag","embeddable":true,"href":"https:\/\/www.upo.es\/patio-colorado\/wp-json\/wp\/v2\/tags?post=5541"}],"curies":[{"name":"wp","href":"https:\/\/api.w.org\/{rel}","templated":true}]}}