{"id":5556,"date":"2022-06-04T09:06:37","date_gmt":"2022-06-04T09:06:37","guid":{"rendered":"https:\/\/www.upo.es\/patio-colorado\/?p=5556"},"modified":"2022-06-04T09:07:01","modified_gmt":"2022-06-04T09:07:01","slug":"premio-de-arquitectura-de-andalucia","status":"publish","type":"post","link":"https:\/\/www.upo.es\/patio-colorado\/2022\/06\/04\/premio-de-arquitectura-de-andalucia\/","title":{"rendered":"Premio de Arquitectura de Andaluc\u00eda"},"content":{"rendered":"<p>El arquitecto serrano Jos\u00e9 Antonio Pav\u00f3n Gonz\u00e1lez ha recibido un nuevo premio en su carrera. En esta ocasi\u00f3n, el despacho del que forma parte, Bakpak Architects, ha obtenido el Premio Especial a la Trayectoria Profesional Emergente, dentro de los Premios Andaluc\u00eda de Arquitectura que otorga la Junta de Andaluc\u00eda.<span class=\"Apple-converted-space\">\u00a0<\/span><\/p>\n<p>Compuestos por la Consejer\u00eda de Fomento, Infraestructuras y Ordenaci\u00f3n del Territorio, los galardones tienen diversas modalidades y presentan la finalidad de significar la excelencia de las mejores obras, trabajos y acciones en el \u00e1mbito de la arquitectura, as\u00ed como de destacar la labor continuada de aquellos profesionales, asociaciones o instituciones que se han puesto al servicio de la misma.<\/p>\n<p>La categor\u00eda de Premio Especial a la Trayectoria Profesional Emergente se otorga a la actividad profesional de arquitectos o equipo de arquitectos que concurran con el requisito de edad con un m\u00e1ximo de 40 a\u00f1os cumplidos. El jurado lo ha concedido a Bakpak Architects destacando la innovaci\u00f3n y diversificaci\u00f3n en proyectos desarrollados tanto en Europa como Iberoam\u00e9rica.<\/p>\n<p>Bakpak es una oficina transnacional de arquitectura fundada en 2013 por Jos\u00e9 de la Pe\u00f1a G\u00f3mez Mill\u00e1n, Jos\u00e9 M. Gonz\u00e1lez Chamorro, Borja Navarro Ib\u00e1\u00f1ez de Aldecoa, Jos\u00e9 A. Pav\u00f3n Gonz\u00e1lez y Myriam Rego G\u00f3mez. Pav\u00f3n aporta un sentimiento especial, muy ligado a lo rural, al lugar donde naci\u00f3.<\/p>\n<p>El despacho del que forma parte ha resultado vencedor de concursos en diversos pa\u00edses, como la Torre de Viviendas de Ausburg o el Masterplan en Karlsruhe(Alemania), el Hospital de Viljandi (Estonia), el edificio multifuncional en Lima (Per\u00fa) o el Centro de promoci\u00f3n e innovaci\u00f3n del Ib\u00e9rico (Huelva).<span class=\"Apple-converted-space\">\u00a0<\/span><\/p>\n","protected":false},"excerpt":{"rendered":"<p>El arquitecto serrano Jos\u00e9 Antonio Pav\u00f3n Gonz\u00e1lez ha recibido un nuevo premio en su carrera. En esta ocasi\u00f3n, el despacho del que forma parte, Bakpak Architects, ha obtenido el Premio Especial a la Trayectoria Profesional Emergente, dentro de los Premios Andaluc\u00eda de Arquitectura que otorga la Junta de Andaluc\u00eda.\u00a0 Compuestos por la Consejer\u00eda de Fomento, [&hellip;]<\/p>\n","protected":false},"author":90,"featured_media":5557,"comment_status":"open","ping_status":"open","sticky":false,"template":"","format":"standard","meta":{"_acf_changed":false,"_monsterinsights_skip_tracking":false,"_monsterinsights_sitenote_active":false,"_monsterinsights_sitenote_note":"","_monsterinsights_sitenote_category":0,"footnotes":""},"categories":[45,1,303],"tags":[],"class_list":["post-5556","post","type-post","status-publish","format-standard","has-post-thumbnail","hentry","category-boletin-colorao","category-sin-categoria","category-huelva"],"blocksy_meta":[],"acf":[],"jetpack_featured_media_url":"https:\/\/www.upo.es\/patio-colorado\/wp-content\/uploads\/2022\/06\/Imagen-Equipo.jpg","_links":{"self":[{"href":"https:\/\/www.upo.es\/patio-colorado\/wp-json\/wp\/v2\/posts\/5556","targetHints":{"allow":["GET"]}}],"collection":[{"href":"https:\/\/www.upo.es\/patio-colorado\/wp-json\/wp\/v2\/posts"}],"about":[{"href":"https:\/\/www.upo.es\/patio-colorado\/wp-json\/wp\/v2\/types\/post"}],"author":[{"embeddable":true,"href":"https:\/\/www.upo.es\/patio-colorado\/wp-json\/wp\/v2\/users\/90"}],"replies":[{"embeddable":true,"href":"https:\/\/www.upo.es\/patio-colorado\/wp-json\/wp\/v2\/comments?post=5556"}],"version-history":[{"count":1,"href":"https:\/\/www.upo.es\/patio-colorado\/wp-json\/wp\/v2\/posts\/5556\/revisions"}],"predecessor-version":[{"id":5558,"href":"https:\/\/www.upo.es\/patio-colorado\/wp-json\/wp\/v2\/posts\/5556\/revisions\/5558"}],"wp:featuredmedia":[{"embeddable":true,"href":"https:\/\/www.upo.es\/patio-colorado\/wp-json\/wp\/v2\/media\/5557"}],"wp:attachment":[{"href":"https:\/\/www.upo.es\/patio-colorado\/wp-json\/wp\/v2\/media?parent=5556"}],"wp:term":[{"taxonomy":"category","embeddable":true,"href":"https:\/\/www.upo.es\/patio-colorado\/wp-json\/wp\/v2\/categories?post=5556"},{"taxonomy":"post_tag","embeddable":true,"href":"https:\/\/www.upo.es\/patio-colorado\/wp-json\/wp\/v2\/tags?post=5556"}],"curies":[{"name":"wp","href":"https:\/\/api.w.org\/{rel}","templated":true}]}}