{"id":5621,"date":"2022-06-14T09:46:02","date_gmt":"2022-06-14T09:46:02","guid":{"rendered":"https:\/\/www.upo.es\/patio-colorado\/?p=5621"},"modified":"2022-06-14T09:48:44","modified_gmt":"2022-06-14T09:48:44","slug":"la-gastronomia-astigitana","status":"publish","type":"post","link":"https:\/\/www.upo.es\/patio-colorado\/2022\/06\/14\/la-gastronomia-astigitana\/","title":{"rendered":"La gastronom\u00eda astigitana"},"content":{"rendered":"<p>La gastronom\u00eda ecijana se erige como uno de los grandes atractivos de la ciudad. Algunas de las recetas m\u00e1s t\u00edpicas ecijanas coinciden con los platos m\u00e1s comunes de la gastronom\u00eda andaluza: salmorejo, flamenqu\u00edn, rabo de toro, etc. Sin embargo, nos encontramos con algunas recetas t\u00edpicamente astigitanas como la sopa de gato, las espinacas labradas, los molletes con manteca color\u00e1.<\/p>\n<p>Las espinacas labradas se basan en un majado de espinacas hervidas con ajo crudo, comino, vinagre y sal. Las espinacas est\u00e1n acompa\u00f1adas de picatostes y ajos fritos. Se trata de un plato que se puede comer tanto fr\u00edo como en caliente, aunque desde este blog recomendamos consumirlas fr\u00edas.<\/p>\n<p>&nbsp;<\/p>\n<figure id=\"attachment_5622\" aria-describedby=\"caption-attachment-5622\" style=\"width: 300px\" class=\"wp-caption aligncenter\"><img loading=\"lazy\" decoding=\"async\" class=\"wp-image-5622 size-medium\" src=\"https:\/\/www.upo.es\/patio-colorado\/wp-content\/uploads\/2022\/06\/espinacas-300x200.jpg\" alt=\"\" width=\"300\" height=\"200\" srcset=\"https:\/\/www.upo.es\/patio-colorado\/wp-content\/uploads\/2022\/06\/espinacas-300x200.jpg 300w, https:\/\/www.upo.es\/patio-colorado\/wp-content\/uploads\/2022\/06\/espinacas-768x512.jpg 768w, https:\/\/www.upo.es\/patio-colorado\/wp-content\/uploads\/2022\/06\/espinacas.jpg 800w\" sizes=\"auto, (max-width: 300px) 100vw, 300px\" \/><figcaption id=\"caption-attachment-5622\" class=\"wp-caption-text\">Imagen 1. Espinacas labradas<\/figcaption><\/figure>\n<p>Los postres tambi\u00e9n son muy importantes dentro de la gastronom\u00eda ecijana. Uno de los postres m\u00e1s conocidos son las Yemas el ecijano, unas yemas con un sabor muy particular que sorprender\u00e1 a todo el que las pruebe, adem\u00e1s, no podr\u00e1s contentarte solamente comi\u00e9ndote una. Sin embargo, bajo nuestra opini\u00f3n, el postre por antonomasia en \u00c9cija son los Bizcochos Marroqu\u00edes. Estos bizcochos se pueden comprar en el Convento de Santa Florentina y no os arrepentir\u00e9is, es una receta que se lleva realizando desde el siglo XVIII por las monjas que residen en este convento.<\/p>\n<figure id=\"attachment_5623\" aria-describedby=\"caption-attachment-5623\" style=\"width: 260px\" class=\"wp-caption aligncenter\"><img loading=\"lazy\" decoding=\"async\" class=\"wp-image-5623 size-full\" src=\"https:\/\/www.upo.es\/patio-colorado\/wp-content\/uploads\/2022\/06\/bizcochosmarroquies.jpg\" alt=\"\" width=\"260\" height=\"261\" srcset=\"https:\/\/www.upo.es\/patio-colorado\/wp-content\/uploads\/2022\/06\/bizcochosmarroquies.jpg 260w, https:\/\/www.upo.es\/patio-colorado\/wp-content\/uploads\/2022\/06\/bizcochosmarroquies-150x150.jpg 150w\" sizes=\"auto, (max-width: 260px) 100vw, 260px\" \/><figcaption id=\"caption-attachment-5623\" class=\"wp-caption-text\">Imagen 2. Bizcochos Marroqu\u00edes<\/figcaption><\/figure>\n<p>Adem\u00e1s, es importante comentar que todos los a\u00f1os se celebra en \u00c9cija la Ruta de la Tapa Romana, donde cada restaurante propone una tapa que evoca a los productos y los sabores de Roma. Por ejemplo, este a\u00f1o el ganador ha sido el Restaurante Mar\u00eda Casta\u00f1a con su conejo cocinado a baja temperatura con aromas de Astigi. Aqu\u00ed a\u00f1adimos un enlace donde se puede apreciar la rese\u00f1a de estas tapas: <a href=\"https:\/\/cocinandoentreolivos.com\/2021\/03\/tapeando-como-romanos-ecija-concurso-de-tapas.html\">\u00abTapeando como romanos\u00bb en \u00c9cija, V edici\u00f3n Concurso de Tapas &#8211; Cocinando Entre Olivos<\/a><\/p>\n<p>&nbsp;<\/p>\n","protected":false},"excerpt":{"rendered":"<p>La gastronom\u00eda ecijana se erige como uno de los grandes atractivos de la ciudad. Algunas de las recetas m\u00e1s t\u00edpicas ecijanas coinciden con los platos m\u00e1s comunes de la gastronom\u00eda andaluza: salmorejo, flamenqu\u00edn, rabo de toro, etc. Sin embargo, nos encontramos con algunas recetas t\u00edpicamente astigitanas como la sopa de gato, las espinacas labradas, los [&hellip;]<\/p>\n","protected":false},"author":77,"featured_media":5624,"comment_status":"open","ping_status":"open","sticky":false,"template":"","format":"standard","meta":{"_acf_changed":false,"_monsterinsights_skip_tracking":false,"_monsterinsights_sitenote_active":false,"_monsterinsights_sitenote_note":"","_monsterinsights_sitenote_category":0,"footnotes":""},"categories":[1],"tags":[],"class_list":["post-5621","post","type-post","status-publish","format-standard","has-post-thumbnail","hentry","category-sin-categoria"],"blocksy_meta":[],"acf":[],"jetpack_featured_media_url":"https:\/\/www.upo.es\/patio-colorado\/wp-content\/uploads\/2022\/06\/yemas.jpg","_links":{"self":[{"href":"https:\/\/www.upo.es\/patio-colorado\/wp-json\/wp\/v2\/posts\/5621","targetHints":{"allow":["GET"]}}],"collection":[{"href":"https:\/\/www.upo.es\/patio-colorado\/wp-json\/wp\/v2\/posts"}],"about":[{"href":"https:\/\/www.upo.es\/patio-colorado\/wp-json\/wp\/v2\/types\/post"}],"author":[{"embeddable":true,"href":"https:\/\/www.upo.es\/patio-colorado\/wp-json\/wp\/v2\/users\/77"}],"replies":[{"embeddable":true,"href":"https:\/\/www.upo.es\/patio-colorado\/wp-json\/wp\/v2\/comments?post=5621"}],"version-history":[{"count":1,"href":"https:\/\/www.upo.es\/patio-colorado\/wp-json\/wp\/v2\/posts\/5621\/revisions"}],"predecessor-version":[{"id":5625,"href":"https:\/\/www.upo.es\/patio-colorado\/wp-json\/wp\/v2\/posts\/5621\/revisions\/5625"}],"wp:featuredmedia":[{"embeddable":true,"href":"https:\/\/www.upo.es\/patio-colorado\/wp-json\/wp\/v2\/media\/5624"}],"wp:attachment":[{"href":"https:\/\/www.upo.es\/patio-colorado\/wp-json\/wp\/v2\/media?parent=5621"}],"wp:term":[{"taxonomy":"category","embeddable":true,"href":"https:\/\/www.upo.es\/patio-colorado\/wp-json\/wp\/v2\/categories?post=5621"},{"taxonomy":"post_tag","embeddable":true,"href":"https:\/\/www.upo.es\/patio-colorado\/wp-json\/wp\/v2\/tags?post=5621"}],"curies":[{"name":"wp","href":"https:\/\/api.w.org\/{rel}","templated":true}]}}