{"id":5636,"date":"2022-06-15T11:55:31","date_gmt":"2022-06-15T11:55:31","guid":{"rendered":"https:\/\/www.upo.es\/patio-colorado\/?p=5636"},"modified":"2022-06-18T16:47:08","modified_gmt":"2022-06-18T16:47:08","slug":"moguer-juanramoniano","status":"publish","type":"post","link":"https:\/\/www.upo.es\/patio-colorado\/2022\/06\/15\/moguer-juanramoniano\/","title":{"rendered":"Moguer Juanramoniano"},"content":{"rendered":"<p style=\"text-align: left;\">A orillas del r\u00edo Tinto se ubica Moguer, el pueblo onubense que vio nacer al poeta universal y Premio Nobel de Literatura, Juan Ram\u00f3n Jim\u00e9nez.<\/p>\n<p style=\"text-align: left;\">Juan Ram\u00f3n siempre tuvo presente su pueblo natal, utiliz\u00e1ndolo como fuente de inspiraci\u00f3n y referente para toda su obra. <em>\u00abTe llevar\u00e9 Moguer a todos los pa\u00edses y a todos los tiempos, ser\u00e1s por m\u00ed, pobre pueblo m\u00edo, a despecho de los logreros, inmortal\u00bb. <\/em>De igual modo, el poeta es un s\u00edmbolo de orgullo para los vecinos moguere\u00f1os, por ello, en este art\u00edculo haremos un recorrido por el Moguer Juanramoniano, mostrando el patrimonio cultural relacionado con el poeta.<\/p>\n<p style=\"text-align: left;\">En primer lugar, presentamos la Casa Natal. Ubicada en la calle Ribera, se trata de una edificaci\u00f3n de construcci\u00f3n t\u00edpica andaluza de finales del siglo XIX, con una fachada con cierto aire neomud\u00e9jar, un gran patio central y una azotea desde la cual, como el poeta dec\u00eda, <em>\u201cdesde el mirador se ve el mar\u201d<\/em>.<\/p>\n<p style=\"text-align: left;\"><img loading=\"lazy\" decoding=\"async\" class=\"alignnone wp-image-5640\" src=\"https:\/\/www.upo.es\/patio-colorado\/wp-content\/uploads\/2022\/06\/Imagen1-300x268.png\" alt=\"\" width=\"312\" height=\"279\" srcset=\"https:\/\/www.upo.es\/patio-colorado\/wp-content\/uploads\/2022\/06\/Imagen1-300x268.png 300w, https:\/\/www.upo.es\/patio-colorado\/wp-content\/uploads\/2022\/06\/Imagen1.png 570w\" sizes=\"auto, (max-width: 312px) 100vw, 312px\" \/><\/p>\n<p style=\"text-align: left;\">(Fuente: <em>Ayuntamiento de Moguer)<\/em><\/p>\n<p style=\"text-align: left;\">En segundo lugar, la otra residencia de Juan Ram\u00f3n, la Casa Museo Zenobia y Juan Ram\u00f3n, donde el premio nobel habit\u00f3 a partir de los cuatro a\u00f1os junto a su familia y, m\u00e1s tarde, con su esposa. <em>\u201cCasa de cal, cristal y m\u00e1rmol, la casa blanca con su balc\u00f3n verde donde yo crec\u00ed\u201d. <\/em>Compuesta por dos plantas, una fachada blanca encalada y dos patios interiores, hoy en d\u00eda funciona como museo y sede de la Fundaci\u00f3n Juan Ram\u00f3n Jim\u00e9nez. En ella se encuentran objetos muy prestigiosos de la pareja.<\/p>\n<p style=\"text-align: left;\"><img loading=\"lazy\" decoding=\"async\" class=\"alignnone size-medium wp-image-5639\" src=\"https:\/\/www.upo.es\/patio-colorado\/wp-content\/uploads\/2022\/06\/casa-museo-225x300.jpg\" alt=\"\" width=\"225\" height=\"300\" srcset=\"https:\/\/www.upo.es\/patio-colorado\/wp-content\/uploads\/2022\/06\/casa-museo-225x300.jpg 225w, https:\/\/www.upo.es\/patio-colorado\/wp-content\/uploads\/2022\/06\/casa-museo-768x1024.jpg 768w, https:\/\/www.upo.es\/patio-colorado\/wp-content\/uploads\/2022\/06\/casa-museo.jpg 900w\" sizes=\"auto, (max-width: 225px) 100vw, 225px\" \/><\/p>\n<p style=\"text-align: left;\">(Fuente: <em>Ayuntamiento de Moguer)<\/em><\/p>\n<p style=\"text-align: left;\">Durante el a\u00f1o 2014, con motivo del centenario de la obra <em>Platero y Yo<\/em>, se desarroll\u00f3 un museo al aire libre con esculturas inspirada en distintos cap\u00edtulos de la obra. Algunas de ellas son:<\/p>\n<p style=\"text-align: left;\"><em>Platero<\/em>, ubicada en la plaza del Cabildo e inspirada en la figura del burro Platero.<\/p>\n<p style=\"text-align: left;\"><img loading=\"lazy\" decoding=\"async\" class=\"alignnone size-medium wp-image-5641\" src=\"https:\/\/www.upo.es\/patio-colorado\/wp-content\/uploads\/2022\/06\/Imagen2-200x300.jpg\" alt=\"\" width=\"200\" height=\"300\" srcset=\"https:\/\/www.upo.es\/patio-colorado\/wp-content\/uploads\/2022\/06\/Imagen2-200x300.jpg 200w, https:\/\/www.upo.es\/patio-colorado\/wp-content\/uploads\/2022\/06\/Imagen2.jpg 244w\" sizes=\"auto, (max-width: 200px) 100vw, 200px\" \/><\/p>\n<p style=\"text-align: left;\">(Fuente: <em>Ayuntamiento de Moguer)<\/em><\/p>\n<p style=\"text-align: left;\"><em>Idilio de Abril<\/em>, situada en la plaza de la Iglesia. Simboliza la escena del cap\u00edtulo XLII en la que Platero vuelve de un paseo por el campo acompa\u00f1ado de ni\u00f1os y cargado de flores.<\/p>\n<p style=\"text-align: left;\"><img loading=\"lazy\" decoding=\"async\" class=\"alignnone size-medium wp-image-5642\" src=\"https:\/\/www.upo.es\/patio-colorado\/wp-content\/uploads\/2022\/06\/Imagen3-300x200.jpg\" alt=\"\" width=\"300\" height=\"200\" srcset=\"https:\/\/www.upo.es\/patio-colorado\/wp-content\/uploads\/2022\/06\/Imagen3-300x200.jpg 300w, https:\/\/www.upo.es\/patio-colorado\/wp-content\/uploads\/2022\/06\/Imagen3.jpg 367w\" sizes=\"auto, (max-width: 300px) 100vw, 300px\" \/><\/p>\n<p style=\"text-align: left;\">(Fuente: <em>Ayuntamiento de Moguer)<\/em><\/p>\n<p style=\"text-align: left;\"><em>Darb\u00f3n<\/em>, representa al \u201cm\u00e9dico de Platero\u201d.<\/p>\n<p style=\"text-align: left;\"><img loading=\"lazy\" decoding=\"async\" class=\"alignnone size-full wp-image-5637\" src=\"https:\/\/www.upo.es\/patio-colorado\/wp-content\/uploads\/2022\/06\/Imagen4.jpg\" alt=\"\" width=\"199\" height=\"298\" \/><\/p>\n<p style=\"text-align: left;\">(Fuente: <em>Ayuntamiento de Moguer)<\/em><\/p>\n<p style=\"text-align: left;\">Por \u00faltimo, mostramos una colecci\u00f3n de azulejos que contienen citas del escritor relacionadas con el pueblo moguere\u00f1o. Fueron colocados antes de la Transici\u00f3n Democr\u00e1tica, en el a\u00f1o 1974, como parte de una iniciativa del ayuntamiento para dar a conocer la obra del poeta y se han convertido en una se\u00f1a de identidad.<\/p>\n<p style=\"text-align: left;\"><img loading=\"lazy\" decoding=\"async\" class=\"alignnone wp-image-5638\" src=\"https:\/\/www.upo.es\/patio-colorado\/wp-content\/uploads\/2022\/06\/Imagen5-300x179.jpg\" alt=\"\" width=\"391\" height=\"233\" srcset=\"https:\/\/www.upo.es\/patio-colorado\/wp-content\/uploads\/2022\/06\/Imagen5-300x179.jpg 300w, https:\/\/www.upo.es\/patio-colorado\/wp-content\/uploads\/2022\/06\/Imagen5.jpg 399w\" sizes=\"auto, (max-width: 391px) 100vw, 391px\" \/><\/p>\n<p style=\"text-align: left;\">(Fuente: <em>Ayuntamiento de Moguer)<\/em><\/p>\n<p style=\"text-align: left;\"><img loading=\"lazy\" decoding=\"async\" class=\"alignnone size-medium wp-image-5643\" src=\"https:\/\/www.upo.es\/patio-colorado\/wp-content\/uploads\/2022\/06\/azulejos-juan-ramonok-768x538-1-300x210.jpg\" alt=\"\" width=\"300\" height=\"210\" srcset=\"https:\/\/www.upo.es\/patio-colorado\/wp-content\/uploads\/2022\/06\/azulejos-juan-ramonok-768x538-1-300x210.jpg 300w, https:\/\/www.upo.es\/patio-colorado\/wp-content\/uploads\/2022\/06\/azulejos-juan-ramonok-768x538-1.jpg 768w\" sizes=\"auto, (max-width: 300px) 100vw, 300px\" \/><\/p>\n<p style=\"text-align: left;\"><img loading=\"lazy\" decoding=\"async\" class=\"alignnone size-full wp-image-5644\" src=\"https:\/\/www.upo.es\/patio-colorado\/wp-content\/uploads\/2022\/06\/azulejo-plaza-san-francisco-300x225-1.jpeg\" alt=\"\" width=\"300\" height=\"225\" \/><\/p>\n<p style=\"text-align: left;\">(Fuente: <em>Huelva Buenas Noticias<\/em>)<\/p>\n<p style=\"text-align: left;\">\n","protected":false},"excerpt":{"rendered":"<p>A orillas del r\u00edo Tinto se ubica Moguer, el pueblo onubense que vio nacer al poeta universal y Premio Nobel de Literatura, Juan Ram\u00f3n Jim\u00e9nez. Juan Ram\u00f3n siempre tuvo presente su pueblo natal, utiliz\u00e1ndolo como fuente de inspiraci\u00f3n y referente para toda su obra. \u00abTe llevar\u00e9 Moguer a todos los pa\u00edses y a todos los [&hellip;]<\/p>\n","protected":false},"author":88,"featured_media":0,"comment_status":"open","ping_status":"open","sticky":false,"template":"","format":"standard","meta":{"_acf_changed":false,"_monsterinsights_skip_tracking":false,"_monsterinsights_sitenote_active":false,"_monsterinsights_sitenote_note":"","_monsterinsights_sitenote_category":0,"footnotes":""},"categories":[303,170,44,167,309],"tags":[99,64,346,377,285,259],"class_list":["post-5636","post","type-post","status-publish","format-standard","hentry","category-huelva","category-monumentos-y-turismo","category-patrimonio","category-pintura-escultura","category-provincias","tag-cultura","tag-patrimonio","tag-patrimoniocultural","tag-huelva","tag-monumento","tag-turismo"],"blocksy_meta":[],"acf":[],"jetpack_featured_media_url":"","_links":{"self":[{"href":"https:\/\/www.upo.es\/patio-colorado\/wp-json\/wp\/v2\/posts\/5636","targetHints":{"allow":["GET"]}}],"collection":[{"href":"https:\/\/www.upo.es\/patio-colorado\/wp-json\/wp\/v2\/posts"}],"about":[{"href":"https:\/\/www.upo.es\/patio-colorado\/wp-json\/wp\/v2\/types\/post"}],"author":[{"embeddable":true,"href":"https:\/\/www.upo.es\/patio-colorado\/wp-json\/wp\/v2\/users\/88"}],"replies":[{"embeddable":true,"href":"https:\/\/www.upo.es\/patio-colorado\/wp-json\/wp\/v2\/comments?post=5636"}],"version-history":[{"count":3,"href":"https:\/\/www.upo.es\/patio-colorado\/wp-json\/wp\/v2\/posts\/5636\/revisions"}],"predecessor-version":[{"id":5701,"href":"https:\/\/www.upo.es\/patio-colorado\/wp-json\/wp\/v2\/posts\/5636\/revisions\/5701"}],"wp:attachment":[{"href":"https:\/\/www.upo.es\/patio-colorado\/wp-json\/wp\/v2\/media?parent=5636"}],"wp:term":[{"taxonomy":"category","embeddable":true,"href":"https:\/\/www.upo.es\/patio-colorado\/wp-json\/wp\/v2\/categories?post=5636"},{"taxonomy":"post_tag","embeddable":true,"href":"https:\/\/www.upo.es\/patio-colorado\/wp-json\/wp\/v2\/tags?post=5636"}],"curies":[{"name":"wp","href":"https:\/\/api.w.org\/{rel}","templated":true}]}}