{"id":564,"date":"2020-03-09T16:28:42","date_gmt":"2020-03-09T16:28:42","guid":{"rendered":"https:\/\/www.upo.es\/patio-colorado\/?p=564"},"modified":"2020-03-09T16:30:14","modified_gmt":"2020-03-09T16:30:14","slug":"la-feria-del-libro-de-dos-hermanas-ya-esta-aqui","status":"publish","type":"post","link":"https:\/\/www.upo.es\/patio-colorado\/2020\/03\/09\/la-feria-del-libro-de-dos-hermanas-ya-esta-aqui\/","title":{"rendered":"La Feria del Libro de Dos Hermanas ya est\u00e1 aqu\u00ed"},"content":{"rendered":"<p>Las Ferias del Libro encarnan para los apasionados de la lectura una semana llena de nuevas aventuras presentadas en expositores y pr\u00e1cticamente al aire libre. Recorrer este para\u00edso de hojas y portadas no solo est\u00e1 pensado para el lector \u00e1vido, sino tambi\u00e9n para que las distintas librer\u00edas del barrio salgan a la luz y queden visibilizadas. Todas ponen los libros que creen m\u00e1s populares, los que m\u00e1s les gusta o simplemente, los que m\u00e1s apremio tienen por vender. Es espacio de libreros, devoradores de libros y curiosos paseantes, pero parecen tener poca difusi\u00f3n. Por si a\u00fan no hab\u00edais paseado por all\u00ed: mal asunto, aunque <em>El Patio Colorao<\/em> se lo ve\u00eda venir, as\u00ed que aqu\u00ed te dejamos el programa de la Feria del Libro de Dos Hermanas.<\/p>\n<p>En Dos Hermanas la Feria del Libro ya ha comenzado: se celebra desde el pasado jueves 5 hasta el domingo 15. A ella acudir\u00e1n la ONG La Esperanza y las librer\u00edas: Libros Edelca, Librer\u00eda Valme, Librer\u00eda Anteo, Librer\u00eda Alfil, Librer\u00eda Rara Avis y Jot Down.<\/p>\n<ul>\n<li><strong>Martes<\/strong> <strong>10<\/strong><\/li>\n<\/ul>\n<p>10:00 a 13:00 y de 18:00 a 20:00 \u2013 Acto en el Centro Cultural La Almona con motivo del D\u00eda Internacional de la Mujer.<\/p>\n<p>11:00 a 13:00 \u2013 \u201cEl libro perdido\u201d. Visitas escolares con la participaci\u00f3n de <em>Decen Events<\/em>.<\/p>\n<ul>\n<li><strong>Mi\u00e9rcoles 11<\/strong><\/li>\n<\/ul>\n<p>11:00 a 13:00 \u2013 \u201cEl libro perdido\u201d. Visitas escolares con la participaci\u00f3n de <em>Decen Events<\/em>.<\/p>\n<ul>\n<li><strong>Jueves 12<\/strong><\/li>\n<\/ul>\n<p>11:00 a 13:00 \u2013 \u201cEl libro perdido\u201d. Visitas escolares con la participaci\u00f3n de Decen Events.<\/p>\n<p>A partir de las 17:00 \u2013 \u201cCerca de la Primavera\u201d. Cuentacuentos familiar de parte de Anabel Gandullo.<\/p>\n<ul>\n<li><strong>Viernes 13<\/strong><\/li>\n<\/ul>\n<p>11:00 a 13:00 \u2013 \u201cEl libro perdido\u201d. Visitas escolares con la participaci\u00f3n de <em>Decen Events<\/em>.<\/p>\n<p>A partir de las 17:00 \u2013 Teatro de t\u00edteres \u201cPapa quiero ser\u201d, de Pilar Due\u00f1as Caro con la Compa\u00f1\u00eda Atelana Teatro.<\/p>\n<ul>\n<li><strong>S\u00e1bado 14<\/strong><\/li>\n<\/ul>\n<p>12:00 a 14:00 \u2013 Firma de libros: Mar\u00eda Fornet en la Librer\u00eda Valme; y Eva Braojos y M.J.Arillo en la Librer\u00eda Anteo.<\/p>\n<p>12:30 \u2013 \u201cEl caminante m\u00e1gico\u201d. Espect\u00e1culo de teatro y t\u00edteres de mano de John Ardila.<\/p>\n<p>13:00 \u2013 Firma de Enrique Cano en Librer\u00eda Anteo<\/p>\n<p>18:00 a 20:00 \u2013 Firma de libros de Ger\u00f3nimo Stilton en Librer\u00eda Anteo<\/p>\n<ul>\n<li><strong>Domingo 15<\/strong><\/li>\n<\/ul>\n<p>A partir de las 12:30 \u2013 Concierto de M\u00fasica por Band de M\u00fasica Santa Ana.<\/p>\n<p>Como ves, a\u00fan tienes tiempo de ir. Aunque si aun as\u00ed sabes que no vas a poder pasarte por all\u00ed aunque sea a deambular por los estantes, te comentamos que la Feria del Libro de Tomares y la Feria del Libro de Sevilla ya tienen fecha, para que vayas haciendo hueco. La primera se celebrar\u00e1 del 25 al 29 de marzo. En Tomares esta fiesta es uno de los mayores referentes de toda la provincia y cumplir\u00e1 doce ediciones este 2020. Quien tambi\u00e9n cumple es el autor Gustavo Adolfo B\u00e9cquer, a quien 150 a\u00f1os despu\u00e9s de su fallecimiento, Tomares ha querido centrar su feria en hacer que \u00e9l vuelva a ser el protagonista. La revista ir\u00e1 publicando calendario, horarios y eventos de la feria cuando se acerquen las fechas. En segundo lugar, no por ello menos conocida, la Feria del Libro de Sevilla se ha adelantado: del 7 al 17 de mayo se celebrar\u00e1 en Plaza Nueva, como todos los a\u00f1os anteriores.<\/p>\n<p>Fuentes: <a href=\"https:\/\/www.periodicoelnazareno.es\/feria-del-libro-2020\/\">https:\/\/www.periodicoelnazareno.es\/feria-del-libro-2020\/<\/a> y <a href=\"https:\/\/www.doshermanasinfo.com\/todos-los-detalles-de-la-feria-del-libro-de-dos-hermanas-2020\/\">https:\/\/www.doshermanasinfo.com\/todos-los-detalles-de-la-feria-del-libro-de-dos-hermanas-2020\/<\/a><\/p>\n","protected":false},"excerpt":{"rendered":"<p>Las Ferias del Libro encarnan para los apasionados de la lectura una semana llena de nuevas aventuras presentadas en expositores y pr\u00e1cticamente al aire libre. Recorrer este para\u00edso de hojas y portadas no solo est\u00e1 pensado para el lector \u00e1vido, sino tambi\u00e9n para que las distintas librer\u00edas del barrio salgan a la luz y queden [&hellip;]<\/p>\n","protected":false},"author":12,"featured_media":566,"comment_status":"open","ping_status":"open","sticky":false,"template":"","format":"standard","meta":{"_acf_changed":false,"_monsterinsights_skip_tracking":false,"_monsterinsights_sitenote_active":false,"_monsterinsights_sitenote_note":"","_monsterinsights_sitenote_category":0,"footnotes":""},"categories":[12],"tags":[91,90,92],"class_list":["post-564","post","type-post","status-publish","format-standard","has-post-thumbnail","hentry","category-eventos","tag-doshermanas","tag-feriadellibro","tag-libros"],"blocksy_meta":[],"acf":[],"jetpack_featured_media_url":"https:\/\/www.upo.es\/patio-colorado\/wp-content\/uploads\/2020\/03\/Tumblr-2.jpg","_links":{"self":[{"href":"https:\/\/www.upo.es\/patio-colorado\/wp-json\/wp\/v2\/posts\/564","targetHints":{"allow":["GET"]}}],"collection":[{"href":"https:\/\/www.upo.es\/patio-colorado\/wp-json\/wp\/v2\/posts"}],"about":[{"href":"https:\/\/www.upo.es\/patio-colorado\/wp-json\/wp\/v2\/types\/post"}],"author":[{"embeddable":true,"href":"https:\/\/www.upo.es\/patio-colorado\/wp-json\/wp\/v2\/users\/12"}],"replies":[{"embeddable":true,"href":"https:\/\/www.upo.es\/patio-colorado\/wp-json\/wp\/v2\/comments?post=564"}],"version-history":[{"count":2,"href":"https:\/\/www.upo.es\/patio-colorado\/wp-json\/wp\/v2\/posts\/564\/revisions"}],"predecessor-version":[{"id":568,"href":"https:\/\/www.upo.es\/patio-colorado\/wp-json\/wp\/v2\/posts\/564\/revisions\/568"}],"wp:featuredmedia":[{"embeddable":true,"href":"https:\/\/www.upo.es\/patio-colorado\/wp-json\/wp\/v2\/media\/566"}],"wp:attachment":[{"href":"https:\/\/www.upo.es\/patio-colorado\/wp-json\/wp\/v2\/media?parent=564"}],"wp:term":[{"taxonomy":"category","embeddable":true,"href":"https:\/\/www.upo.es\/patio-colorado\/wp-json\/wp\/v2\/categories?post=564"},{"taxonomy":"post_tag","embeddable":true,"href":"https:\/\/www.upo.es\/patio-colorado\/wp-json\/wp\/v2\/tags?post=564"}],"curies":[{"name":"wp","href":"https:\/\/api.w.org\/{rel}","templated":true}]}}