{"id":5649,"date":"2022-06-15T12:46:59","date_gmt":"2022-06-15T12:46:59","guid":{"rendered":"https:\/\/www.upo.es\/patio-colorado\/?p=5649"},"modified":"2022-06-15T12:46:59","modified_gmt":"2022-06-15T12:46:59","slug":"saeta-marchenera","status":"publish","type":"post","link":"https:\/\/www.upo.es\/patio-colorado\/2022\/06\/15\/saeta-marchenera\/","title":{"rendered":"Saeta marchenera"},"content":{"rendered":"<p>La saeta es un tipo de canto popular que tiene una relaci\u00f3n directa con la celebraci\u00f3n de la Semana Santa. Se cree que tiene origen en una miscel\u00e1nea de cantos culturales, ya que se asemeja a los cantos \u00e1rabes, interpretados en las mezquitas andalus\u00edes y a los cantos jud\u00edos como las salmodias sefard\u00edes. Todo ello estar\u00eda mezclado con los cantos procesionales interpretados en las labores religiosas de misi\u00f3n y evangelizaci\u00f3n de los S.XVI y XVII, sobre todo a trav\u00e9s de los franciscanos, los capuchinos y los dominicos, que las interpretaban en voz alta por las calles, propiciando de esta forma su trasmisi\u00f3n popular. Sin embargo, estas saetas antiguas o primitivas eran algo diferentes a las que estamos acostumbrados a escuchar. Estas fueron desapareciendo y se reemplazaron por versiones m\u00e1s flamencas a comienzos del S.XX, tras ser integradas como un elemento fundamental en las procesiones religiosas. Actualmente, son pocos los lugares en Andaluc\u00eda donde la saeta antigua se componga o interprete.<\/p>\n<p style=\"text-align: center\"><img loading=\"lazy\" decoding=\"async\" class=\"alignnone  wp-image-5650\" src=\"https:\/\/www.upo.es\/patio-colorado\/wp-content\/uploads\/2022\/06\/saeta2-289x300.jpg\" alt=\"\" width=\"328\" height=\"340\" srcset=\"https:\/\/www.upo.es\/patio-colorado\/wp-content\/uploads\/2022\/06\/saeta2-289x300.jpg 289w, https:\/\/www.upo.es\/patio-colorado\/wp-content\/uploads\/2022\/06\/saeta2.jpg 709w\" sizes=\"auto, (max-width: 328px) 100vw, 328px\" \/><\/p>\n<p style=\"text-align: center\"><em>La Saeta<\/em>, Julio Romero de Torres (1918)<\/p>\n<p style=\"text-align: center\"><strong>Fuente:<\/strong> El Senatus<\/p>\n<p>En el caso de Marchena, considerada el centro neur\u00e1lgico de este arte, es en el S.XV cuando da comienzo la tradici\u00f3n saetera, coincidiendo con el establecimiento en dicho municipio del primer convento franciscano, muy vinculado con la interpretaci\u00f3n saetera. Adem\u00e1s, con el paso del tiempo llegaron m\u00e1s de diez \u00f3rdenes religiosas a Marchena, lo que, sin duda, favoreci\u00f3 el gran inter\u00e9s popular en la saeta antigua que, incluso hoy en d\u00eda, sigue vivo.<\/p>\n<p>De hecho, actualmente se mantienen diez tipos de saetas marcheneras, aunque se cree que pudo haber m\u00e1s. Estas saetas nos han llegado gracias, en parte, a la extensa labor de difusi\u00f3n realizada por la Escuela de Saetas de la com\u00fanmente conocida como Hermandad de la Humildad de Marchena en el a\u00f1o 1986, que surgi\u00f3 para prevenir la extinci\u00f3n de los espacios tradicionales donde se cultivaba el arte de la saeta. Roberto Narv\u00e1ez es considerado el precursor de la escuela y lleva m\u00e1s de treinta a\u00f1os investigando y ejerciendo como profesor en ella formando saeteros.<\/p>\n<p>En esta escuela est\u00e1n presentes las saetas antiguas y las contempor\u00e1neas. De las saetas antiguas a\u00fan se conservan: <strong>la Quinta y Sexta del Cristo de San Pedro<\/strong>, del S.XVII, consideradas como las m\u00e1s antiguas que han llegado hasta nuestros d\u00edas. Estas reciben su nombre por el n\u00famero de versos que conforman la estrofa cantada y hacen referencia sobre todo a la muerte de Cristo en la cruz; <strong>la Cuarta de Nuestro Padre Jes\u00fas Nazareno<\/strong>, del S.XVII, en las que se hace referencia a las escenas de la Pasi\u00f3n de Cristo; <strong>la Cuarta del Dulce Nombre de Jes\u00fas<\/strong>, del S.XVI, que relatan momentos de la infancia de Jes\u00fas; <strong>la Cuarta del Se\u00f1or de la Humildad y Paciencia<\/strong>, del S.XIX, compuestas por cuatro versos que en el canto se hacen cinco y hacen alusi\u00f3n al momento en el que Jes\u00fas fue atado a la columna; <strong>la Carceleras de la Soledad<\/strong>, del S.XIX, que recibe su nombre porque era interpretada por los presos cuando la Virgen de la Soledad pasa por la antigua c\u00e1rcel de Marchena; <strong>la Moledera de la Soledad<\/strong>, que recibe su nombre porque se interpreta al final del recorrido, momento en el que los penitentes ya se encuentran \u00abmolidos\u00bb o exhaustos, y, finalmente, <strong>la Cernicalera de la Soledad<\/strong>, que recibe su nombre porque se interpreta cuando la imagen de esta Virgen pasa por la puerta del Castillo de la Mota, lugar desde donde parece que los propios cern\u00edcalos la miren. De las saetas contempor\u00e1neas se conservan <strong>las Marcheneras Antiguas<\/strong>, del S.XIX; <strong>las Marcheneras Nuevas<\/strong>, del S. XX, que se caracterizan por introducir matices flamencos en la tradici\u00f3n saetera, y, finalmente, <strong>las Saetas Flamencas o aflamencadas<\/strong>, del S.XX, entre las que destaca la saeta por seguiriyas.<\/p>\n<p style=\"text-align: center\"><img loading=\"lazy\" decoding=\"async\" class=\"alignnone  wp-image-5651\" src=\"https:\/\/www.upo.es\/patio-colorado\/wp-content\/uploads\/2022\/06\/AA2.jpg\" alt=\"\" width=\"216\" height=\"321\" \/><\/p>\n<p style=\"text-align: center\">Cristo de San Pedro<\/p>\n<p style=\"text-align: center\"><strong>Fuente:<\/strong> Rinc\u00f3n Flamenco<\/p>\n<p style=\"text-align: center\"><img loading=\"lazy\" decoding=\"async\" class=\"alignnone  wp-image-5652\" src=\"https:\/\/www.upo.es\/patio-colorado\/wp-content\/uploads\/2022\/06\/AA6-252x300.jpg\" alt=\"\" width=\"269\" height=\"320\" srcset=\"https:\/\/www.upo.es\/patio-colorado\/wp-content\/uploads\/2022\/06\/AA6-252x300.jpg 252w, https:\/\/www.upo.es\/patio-colorado\/wp-content\/uploads\/2022\/06\/AA6.jpg 436w\" sizes=\"auto, (max-width: 269px) 100vw, 269px\" \/><\/p>\n<p style=\"text-align: center\">Virgen de la Soledad<\/p>\n<p style=\"text-align: center\"><strong>Fuente:<\/strong> Rinc\u00f3n Flamenco<\/p>\n<p>La saeta experiencia un auge a principios del S.XX y, tras un cierto declive, es rescatada por c\u00e9lebres cantaores como Antonio Mairena y Manolo Caracol.<\/p>\n<p>Las setas son una parte fundamental del patrimonio inmaterial andaluz que no podemos permitir que se pierda. Por ello, actualmente, para ayudar a la conservaci\u00f3n de esta tradici\u00f3n, tienen lugar ciertas actividades culturales relacionadas con el mundo de la saeta como el recital <em>Saeta en la calle<\/em>, en el que participan c\u00e9lebres saeteros o el Concurso Regional de Saetas \u00abCiudad de Chiclana\u00bb. Hoy en d\u00eda, algunos de los saeteros m\u00e1s famosos son Jos\u00e9 Manuel Gonz\u00e1lez o Isabel Posada. Las saetas otorgan una distinci\u00f3n especial a nuestra celebraci\u00f3n de la Semana Santa, mundialmente admirada y un gran atractivo tur\u00edstico.<\/p>\n<p>&nbsp;<\/p>\n<p><strong>Bibliograf\u00eda<\/strong><\/p>\n<p>Eduardo Ternero (2020). <em>Marchena, cuna de la Saeta (I)<\/em>. <a href=\"https:\/\/sites.google.com\/flamencodemarchena.org\/rinconflamenco\/marchena-cuna-de-la-saeta-i\">https:\/\/sites.google.com\/flamencodemarchena.org\/rinconflamenco\/marchena-cuna-de-la-saeta-i<\/a><\/p>\n<p>Eduardo Ternero (2020). <em>Marchena, cuna de la Saeta (II)<\/em>. <a href=\"https:\/\/sites.google.com\/flamencodemarchena.org\/rinconflamenco\/marchena-cuna-de-la-saeta-ii\">https:\/\/sites.google.com\/flamencodemarchena.org\/rinconflamenco\/marchena-cuna-de-la-saeta-ii<\/a><\/p>\n<p>Eduardo Ternero (2020). <em>Marchena, cuna de la Saeta (III)<\/em>. <a href=\"https:\/\/sites.google.com\/flamencodemarchena.org\/rinconflamenco\/marchena-cuna-de-la-saeta-iii\">https:\/\/sites.google.com\/flamencodemarchena.org\/rinconflamenco\/marchena-cuna-de-la-saeta-iii<\/a><\/p>\n<p>El Senatus (2020). <em>El origen de la saeta<\/em>. <a href=\"https:\/\/elsenatus.es\/?p=1591\">https:\/\/elsenatus.es\/?p=1591<\/a><\/p>\n<p>Flamencograna (2017). <em>Flamenco saetas<\/em>. <a href=\"https:\/\/flamencograna.blogspot.com\/2017\/01\/flamenco-saetas.html?m=1\">https:\/\/flamencograna.blogspot.com\/2017\/01\/flamenco-saetas.html?m=1<\/a><\/p>\n<p>Instituto Andaluz del Patrimonio Hist\u00f3rico. <em>Saeta marchenera<\/em>. <a href=\"https:\/\/guiadigital.iaph.es\/bien\/inmaterial\/195513\/sevilla\/marchena\/saeta-marchenera\">https:\/\/guiadigital.iaph.es\/bien\/inmaterial\/195513\/sevilla\/marchena\/saeta-marchenera<\/a><\/p>\n","protected":false},"excerpt":{"rendered":"<p>La saeta es un tipo de canto popular que tiene una relaci\u00f3n directa con la celebraci\u00f3n de la Semana Santa. Se cree que tiene origen en una miscel\u00e1nea de cantos culturales, ya que se asemeja a los cantos \u00e1rabes, interpretados en las mezquitas andalus\u00edes y a los cantos jud\u00edos como las salmodias sefard\u00edes. Todo ello [&hellip;]<\/p>\n","protected":false},"author":85,"featured_media":5653,"comment_status":"open","ping_status":"open","sticky":false,"template":"","format":"standard","meta":{"_acf_changed":false,"_monsterinsights_skip_tracking":false,"_monsterinsights_sitenote_active":false,"_monsterinsights_sitenote_note":"","_monsterinsights_sitenote_category":0,"footnotes":""},"categories":[35,186,23,301],"tags":[99,53,59,316,210,640,638,639,6],"class_list":["post-5649","post","type-post","status-publish","format-standard","has-post-thumbnail","hentry","category-fiestas-tradiciones","category-literatura-musica","category-patrimonio-vivo","category-sevilla","tag-cultura","tag-musica","tag-semanasanta","tag-tradicion","tag-historia","tag-marchena","tag-saeta","tag-saetamarchenera","tag-sevilla"],"blocksy_meta":[],"acf":[],"jetpack_featured_media_url":"https:\/\/www.upo.es\/patio-colorado\/wp-content\/uploads\/2022\/06\/saeta0-800x445-1.jpg","_links":{"self":[{"href":"https:\/\/www.upo.es\/patio-colorado\/wp-json\/wp\/v2\/posts\/5649","targetHints":{"allow":["GET"]}}],"collection":[{"href":"https:\/\/www.upo.es\/patio-colorado\/wp-json\/wp\/v2\/posts"}],"about":[{"href":"https:\/\/www.upo.es\/patio-colorado\/wp-json\/wp\/v2\/types\/post"}],"author":[{"embeddable":true,"href":"https:\/\/www.upo.es\/patio-colorado\/wp-json\/wp\/v2\/users\/85"}],"replies":[{"embeddable":true,"href":"https:\/\/www.upo.es\/patio-colorado\/wp-json\/wp\/v2\/comments?post=5649"}],"version-history":[{"count":1,"href":"https:\/\/www.upo.es\/patio-colorado\/wp-json\/wp\/v2\/posts\/5649\/revisions"}],"predecessor-version":[{"id":5654,"href":"https:\/\/www.upo.es\/patio-colorado\/wp-json\/wp\/v2\/posts\/5649\/revisions\/5654"}],"wp:featuredmedia":[{"embeddable":true,"href":"https:\/\/www.upo.es\/patio-colorado\/wp-json\/wp\/v2\/media\/5653"}],"wp:attachment":[{"href":"https:\/\/www.upo.es\/patio-colorado\/wp-json\/wp\/v2\/media?parent=5649"}],"wp:term":[{"taxonomy":"category","embeddable":true,"href":"https:\/\/www.upo.es\/patio-colorado\/wp-json\/wp\/v2\/categories?post=5649"},{"taxonomy":"post_tag","embeddable":true,"href":"https:\/\/www.upo.es\/patio-colorado\/wp-json\/wp\/v2\/tags?post=5649"}],"curies":[{"name":"wp","href":"https:\/\/api.w.org\/{rel}","templated":true}]}}