{"id":5693,"date":"2022-06-18T14:17:35","date_gmt":"2022-06-18T14:17:35","guid":{"rendered":"https:\/\/www.upo.es\/patio-colorado\/?p=5693"},"modified":"2022-06-18T16:44:47","modified_gmt":"2022-06-18T16:44:47","slug":"se-resuelve-el-enigma-de-la-muralla-romana-de-hispalis","status":"publish","type":"post","link":"https:\/\/www.upo.es\/patio-colorado\/2022\/06\/18\/se-resuelve-el-enigma-de-la-muralla-romana-de-hispalis\/","title":{"rendered":"Se resuelve el enigma de la muralla romana de Hispalis"},"content":{"rendered":"<p>A lo largo de la historia, la reconstrucci\u00f3n del trazado de la muralla de H\u00edspalis ha sido un reto para la investigaci\u00f3n arqueol\u00f3gica de la ciudad de Sevilla. Aunque hay un largo recorrido de estudios relacionados con el asunto, las propuestas de los distintos investigadores han sido realizadas a partir de hallazgos casuales o por el an\u00e1lisis del parcelario. Es por ello, que, al no seguir la documentaci\u00f3n empleada una metodolog\u00eda arqueol\u00f3gica, no es posible garantizar la vinculaci\u00f3n de dichos restos con la muralla hispalense.<\/p>\n<p>No obstante, un descubrimiento durante las obras realizadas para la construcci\u00f3n de un hotel en la Plaza de San Francisco de Sevilla, ha marcado un hito fundamental en la resoluci\u00f3n del enigma de la muralla de \u00e9poca romana. Seg\u00fan \u00c1lvaro Jim\u00e9nez Sancho, director de la intervenci\u00f3n arqueol\u00f3gica, ha sido hallado un tramo de 9.5 m de una estructura lineal de sillares y <em>opus caementicium<\/em>, identificados como los restos de la muralla datada del siglo III. Aunque dicho encuentro ha tenido lugar en el n\u00famero 11, todo apunta a que contin\u00fae en el 10 y en el 12.<\/p>\n<p>Bajo el criterio de Jim\u00e9nez, es sorprendente que, en el siglo III, que supuestamente corresponde a un periodo de crisis, se realizara la construcci\u00f3n de una estructura de unas dimensiones tan grandes: con una anchura total de 4,80 m, resultado de la suma de un z\u00f3calo de 1,70 m de altura y un alzado de 3,25 de anchura. Sobre este z\u00f3calo se plantea la idea de que pudiera haber sido reforzado como medio de defensa para las crecidas del r\u00edo.<\/p>\n<p>Por la importancia de este descubrimiento, se ha decidido modificar el proyecto de obra del hotel para que la muralla sea visible para los clientes del mismo.<\/p>\n<p><img loading=\"lazy\" decoding=\"async\" class=\"alignnone size-medium wp-image-5695\" src=\"https:\/\/www.upo.es\/patio-colorado\/wp-content\/uploads\/2022\/06\/fig2-2-225x300.jpg\" alt=\"\" width=\"225\" height=\"300\" srcset=\"https:\/\/www.upo.es\/patio-colorado\/wp-content\/uploads\/2022\/06\/fig2-2-225x300.jpg 225w, https:\/\/www.upo.es\/patio-colorado\/wp-content\/uploads\/2022\/06\/fig2-2-768x1024.jpg 768w, https:\/\/www.upo.es\/patio-colorado\/wp-content\/uploads\/2022\/06\/fig2-2-1152x1536.jpg 1152w, https:\/\/www.upo.es\/patio-colorado\/wp-content\/uploads\/2022\/06\/fig2-2-1536x2048.jpg 1536w, https:\/\/www.upo.es\/patio-colorado\/wp-content\/uploads\/2022\/06\/fig2-2-scaled.jpg 1920w\" sizes=\"auto, (max-width: 225px) 100vw, 225px\" \/><\/p>\n<p>Fuente: \u00c1lvaro Jim\u00e9nez<\/p>\n","protected":false},"excerpt":{"rendered":"<p>A lo largo de la historia, la reconstrucci\u00f3n del trazado de la muralla de H\u00edspalis ha sido un reto para la investigaci\u00f3n arqueol\u00f3gica de la ciudad de Sevilla. Aunque hay un largo recorrido de estudios relacionados con el asunto, las propuestas de los distintos investigadores han sido realizadas a partir de hallazgos casuales o por [&hellip;]<\/p>\n","protected":false},"author":88,"featured_media":0,"comment_status":"open","ping_status":"open","sticky":false,"template":"","format":"standard","meta":{"_acf_changed":false,"_monsterinsights_skip_tracking":false,"_monsterinsights_sitenote_active":false,"_monsterinsights_sitenote_note":"","_monsterinsights_sitenote_category":0,"footnotes":""},"categories":[166,44,301],"tags":[80,39,99,646,647,569],"class_list":["post-5693","post","type-post","status-publish","format-standard","hentry","category-historia-arqueologia","category-patrimonio","category-sevilla","tag-actualidad","tag-arqueologia","tag-cultura","tag-hispalis","tag-murallaromana","tag-romano"],"blocksy_meta":[],"acf":[],"jetpack_featured_media_url":"","_links":{"self":[{"href":"https:\/\/www.upo.es\/patio-colorado\/wp-json\/wp\/v2\/posts\/5693","targetHints":{"allow":["GET"]}}],"collection":[{"href":"https:\/\/www.upo.es\/patio-colorado\/wp-json\/wp\/v2\/posts"}],"about":[{"href":"https:\/\/www.upo.es\/patio-colorado\/wp-json\/wp\/v2\/types\/post"}],"author":[{"embeddable":true,"href":"https:\/\/www.upo.es\/patio-colorado\/wp-json\/wp\/v2\/users\/88"}],"replies":[{"embeddable":true,"href":"https:\/\/www.upo.es\/patio-colorado\/wp-json\/wp\/v2\/comments?post=5693"}],"version-history":[{"count":1,"href":"https:\/\/www.upo.es\/patio-colorado\/wp-json\/wp\/v2\/posts\/5693\/revisions"}],"predecessor-version":[{"id":5696,"href":"https:\/\/www.upo.es\/patio-colorado\/wp-json\/wp\/v2\/posts\/5693\/revisions\/5696"}],"wp:attachment":[{"href":"https:\/\/www.upo.es\/patio-colorado\/wp-json\/wp\/v2\/media?parent=5693"}],"wp:term":[{"taxonomy":"category","embeddable":true,"href":"https:\/\/www.upo.es\/patio-colorado\/wp-json\/wp\/v2\/categories?post=5693"},{"taxonomy":"post_tag","embeddable":true,"href":"https:\/\/www.upo.es\/patio-colorado\/wp-json\/wp\/v2\/tags?post=5693"}],"curies":[{"name":"wp","href":"https:\/\/api.w.org\/{rel}","templated":true}]}}