{"id":5698,"date":"2022-06-18T23:37:13","date_gmt":"2022-06-18T23:37:13","guid":{"rendered":"https:\/\/www.upo.es\/patio-colorado\/?p=5698"},"modified":"2022-06-21T14:17:36","modified_gmt":"2022-06-21T14:17:36","slug":"lugares-colombinos-el-monasterio-de-santa-clara","status":"publish","type":"post","link":"https:\/\/www.upo.es\/patio-colorado\/2022\/06\/18\/lugares-colombinos-el-monasterio-de-santa-clara\/","title":{"rendered":"Lugares Colombinos: el Monasterio de Santa Clara"},"content":{"rendered":"<p>Ubicado en Moguer, el Monasterio de Santa Clara forma parte de los Lugares Colombinos, es decir, de aquellos lugares donde Crist\u00f3bal Col\u00f3n realiz\u00f3 los preparativos para el primer viaje colombino.<\/p>\n<p>Fue fundado en 1337 para las monjas clarisas por Alonso Jofre Tenorio, primer se\u00f1or de Moguer y patrono del monasterio, y su mujer Elvira \u00c1lvarez. En \u00e9l se celebr\u00f3 el voto colombino, una promesa religiosa que los tripulantes de la carabela Ni\u00f1a vieron necesaria realizar para sobrevivir a una tempestad.<\/p>\n<p>El convento est\u00e1 formado por dos espacios: el recinto religioso y las viviendas. En cuanto al primero, la iglesia es la parte m\u00e1s noble del edificio. Se trata de un templo g\u00f3tico-mud\u00e9jar compuesto por tres naves separadas por arcos apuntados. Por otro lado, en la residencia conventual se encuentran diversos claustros alrededor de los que se distribuyen las dependencias. Entre ellos destaca el claustro de las Madres, que por su arquer\u00eda baja del siglo XIV, es considerado el m\u00e1s antiguo de Andaluc\u00eda.<\/p>\n<p>Otro de sus elementos destacables es el retablo mayor, datado de mediados del XVII, realizado por Jer\u00f3nimo Vel\u00e1zquez, disc\u00edpulo de Mart\u00ednez Monta\u00f1ez. A este hecho se debe su semejanza en el trazado con el de Santa Clara de Sevilla.<\/p>\n<p>El templo de Santa Clara se convirti\u00f3 en el pante\u00f3n familiar de los Portocarreros, patronos del Monasterio y Se\u00f1ores de Moguer. As\u00ed, en este lugar se dieron varias sepulturas que se observan en el T\u00famulo central, un lecho sepulcral con cinco estatuas formadas por dos caballeros situados en los extremos y tres damas en el centro; el sepulcro de Pedro Portocarrero y su mujer Juana de C\u00e1rdenas o el de Juan Portocarrero y su mujer Mar\u00eda Osorio, decorado con un \u00a0arco de medio punto con ornamentaci\u00f3n plateresca.<\/p>\n<p>Este monasterio constituye uno de los \u00a0ejemplos m\u00e1s importantes de la arquitectura mud\u00e9jar en Andaluc\u00eda Occidental y uno de los monumentos m\u00e1s importantes de la provincia de Huelva.<\/p>\n<p><img loading=\"lazy\" decoding=\"async\" class=\"alignnone size-medium wp-image-5719\" src=\"https:\/\/www.upo.es\/patio-colorado\/wp-content\/uploads\/2022\/06\/Monasterio-de-santa-clara-2.jpg_513066471-300x200.jpg\" alt=\"\" width=\"300\" height=\"200\" srcset=\"https:\/\/www.upo.es\/patio-colorado\/wp-content\/uploads\/2022\/06\/Monasterio-de-santa-clara-2.jpg_513066471-300x200.jpg 300w, https:\/\/www.upo.es\/patio-colorado\/wp-content\/uploads\/2022\/06\/Monasterio-de-santa-clara-2.jpg_513066471-768x512.jpg 768w, https:\/\/www.upo.es\/patio-colorado\/wp-content\/uploads\/2022\/06\/Monasterio-de-santa-clara-2.jpg_513066471.jpg 900w\" sizes=\"auto, (max-width: 300px) 100vw, 300px\" \/><\/p>\n<p>Fuente: <em>Ayuntamiento de Moguer<\/em><\/p>\n<p><img loading=\"lazy\" decoding=\"async\" class=\"alignnone size-medium wp-image-5718\" src=\"https:\/\/www.upo.es\/patio-colorado\/wp-content\/uploads\/2022\/06\/Monasterio-de-santa-clara-3.jpg_43325537-300x225.jpg\" alt=\"\" width=\"300\" height=\"225\" srcset=\"https:\/\/www.upo.es\/patio-colorado\/wp-content\/uploads\/2022\/06\/Monasterio-de-santa-clara-3.jpg_43325537-300x225.jpg 300w, https:\/\/www.upo.es\/patio-colorado\/wp-content\/uploads\/2022\/06\/Monasterio-de-santa-clara-3.jpg_43325537.jpg 400w\" sizes=\"auto, (max-width: 300px) 100vw, 300px\" \/><\/p>\n<p>Fuente: <em>Wikipedia<\/em><\/p>\n<p><img decoding=\"async\" src=\"https:\/\/upload.wikimedia.org\/wikipedia\/commons\/thumb\/d\/de\/Sepulcro_del_VIII_Se%C3%B1or_de_Moguer_%281519-1525%29.jpg\/220px-Sepulcro_del_VIII_Se%C3%B1or_de_Moguer_%281519-1525%29.jpg\" \/><\/p>\n<p><em>Fuente: Wikipedia<\/em><\/p>\n<p>Bibliograf\u00eda:<\/p>\n<p>Monasterio de Santa Clara.\u00a0(2022).\u00a0Recuperado el 18 de junio de 2022, de <a href=\"http:\/\/www.aytomoguer.es\/es\/turismo\/monumentos-00001\/monasterio-de-santa-clara\/\">http:\/\/www.aytomoguer.es\/es\/turismo\/monumentos-00001\/monasterio-de-santa-clara\/<\/a><\/p>\n<p>Monasterio de Santa Clara (Moguer) &#8211; Wikipedia, la enciclopedia libre.\u00a0(2022).\u00a0Recuperado el 18 de junio de 2022, de\u00a0<a href=\"https:\/\/es.wikipedia.org\/wiki\/Monasterio_de_Santa_Clara_(Moguer)\">https:\/\/es.wikipedia.org\/wiki\/Monasterio_de_Santa_Clara_(Moguer)<\/a><\/p>\n","protected":false},"excerpt":{"rendered":"<p>Ubicado en Moguer, el Monasterio de Santa Clara forma parte de los Lugares Colombinos, es decir, de aquellos lugares donde Crist\u00f3bal Col\u00f3n realiz\u00f3 los preparativos para el primer viaje colombino. Fue fundado en 1337 para las monjas clarisas por Alonso Jofre Tenorio, primer se\u00f1or de Moguer y patrono del monasterio, y su mujer Elvira \u00c1lvarez. [&hellip;]<\/p>\n","protected":false},"author":88,"featured_media":0,"comment_status":"open","ping_status":"open","sticky":false,"template":"","format":"standard","meta":{"_acf_changed":false,"_monsterinsights_skip_tracking":false,"_monsterinsights_sitenote_active":false,"_monsterinsights_sitenote_note":"","_monsterinsights_sitenote_category":0,"footnotes":""},"categories":[303,170],"tags":[648,377,285,259],"class_list":["post-5698","post","type-post","status-publish","format-standard","hentry","category-huelva","category-monumentos-y-turismo","tag-lugarescolombinos","tag-huelva","tag-monumento","tag-turismo"],"blocksy_meta":[],"acf":[],"jetpack_featured_media_url":"","_links":{"self":[{"href":"https:\/\/www.upo.es\/patio-colorado\/wp-json\/wp\/v2\/posts\/5698","targetHints":{"allow":["GET"]}}],"collection":[{"href":"https:\/\/www.upo.es\/patio-colorado\/wp-json\/wp\/v2\/posts"}],"about":[{"href":"https:\/\/www.upo.es\/patio-colorado\/wp-json\/wp\/v2\/types\/post"}],"author":[{"embeddable":true,"href":"https:\/\/www.upo.es\/patio-colorado\/wp-json\/wp\/v2\/users\/88"}],"replies":[{"embeddable":true,"href":"https:\/\/www.upo.es\/patio-colorado\/wp-json\/wp\/v2\/comments?post=5698"}],"version-history":[{"count":2,"href":"https:\/\/www.upo.es\/patio-colorado\/wp-json\/wp\/v2\/posts\/5698\/revisions"}],"predecessor-version":[{"id":5735,"href":"https:\/\/www.upo.es\/patio-colorado\/wp-json\/wp\/v2\/posts\/5698\/revisions\/5735"}],"wp:attachment":[{"href":"https:\/\/www.upo.es\/patio-colorado\/wp-json\/wp\/v2\/media?parent=5698"}],"wp:term":[{"taxonomy":"category","embeddable":true,"href":"https:\/\/www.upo.es\/patio-colorado\/wp-json\/wp\/v2\/categories?post=5698"},{"taxonomy":"post_tag","embeddable":true,"href":"https:\/\/www.upo.es\/patio-colorado\/wp-json\/wp\/v2\/tags?post=5698"}],"curies":[{"name":"wp","href":"https:\/\/api.w.org\/{rel}","templated":true}]}}