{"id":5725,"date":"2022-06-20T11:19:52","date_gmt":"2022-06-20T11:19:52","guid":{"rendered":"https:\/\/www.upo.es\/patio-colorado\/?p=5725"},"modified":"2022-06-20T11:19:52","modified_gmt":"2022-06-20T11:19:52","slug":"ruben-guerrero-de-utrera-al-mundo","status":"publish","type":"post","link":"https:\/\/www.upo.es\/patio-colorado\/2022\/06\/20\/ruben-guerrero-de-utrera-al-mundo\/","title":{"rendered":"RUBEN GUERRERO, DE UTRERA AL MUNDO"},"content":{"rendered":"<p align=\"justify\">Hoy repasaremos la actualidad con un art\u00edculo referente al pintor Rub\u00e9n Guerrero, el cual podemos plasmar hoy aqu\u00ed, debido a las recientes noticias de actualidad en las cuales este artista ha sido protagonista al poder encontrarnos algunas de sus obras en el Centro Andaluz de Arte Contempor\u00e1neo. Rub\u00e9n Guerrero el cual es natural de Utrera y nace en 1976, es ya considerado como uno de los artistas contempor\u00e1neos m\u00e1s sobresalientes del panorama art\u00edstico andaluz, y es que, con su pintura este est\u00e1 capacitado para atraer a todo tipo de amantes del arte contempor\u00e1neo. La colecci\u00f3n consta de pinturas, dibujos y maquetas que realiza antes de las creaciones art\u00edsticas y que a continuaci\u00f3n mostraremos.<\/p>\n<p align=\"justify\">El arte que nos muestra Rub\u00e9n Guerrero tiene ciertas caracter\u00edsticas en com\u00fan como pueden ser formas y colores que son f\u00e1cilmente reconocibles, aunque a su vez, este mismo renuncia a la representaci\u00f3n del espacio en sus obras. En una entrevista para ABC, Rub\u00e9n Guerrero asegura que la pintura que realiza hoy en d\u00eda, es menos preciosista: <span style=\"color: #000000\"><span style=\"font-size: medium\">\u201c<\/span><\/span> <span style=\"color: #000000\"><span style=\"font-family: Liberation Serif, serif\"><span style=\"font-size: medium\"><strong>Ahora la factura es menos preciosista y m\u00e1s despreocupada y predomina la pintura sobre la imagen<\/strong><\/span><\/span><\/span><span style=\"color: #000000\"><span style=\"font-family: Liberation Serif, serif\"><span style=\"font-size: medium\">, a diferencia del principio, donde hab\u00eda algo m\u00e1s de rigidez\u201d<\/span><\/span><\/span><\/p>\n<p align=\"justify\"><span style=\"color: #000000\"><span style=\"font-family: Liberation Serif, serif\"><span style=\"font-size: medium\">Adem\u00e1s, es sabido que este artista, adem\u00e1s de dar el salto a nivel regional, tambi\u00e9n ha podido dar el paso a un nivel nacional e internacional, como se demuestra tras ser reconocido en diferentes pa\u00edses de Espa\u00f1a como puedan ser \u00c1lava, Madrid, Miami, Valencia o hasta pa\u00edses como Roma donde tiene colecciones. <\/span><\/span><\/span><\/p>\n<p align=\"justify\"><span style=\"color: #000000\"><span style=\"font-family: Liberation Serif, serif\"><span style=\"font-size: medium\">Podemos resaltar que la carrera de Rub\u00e9n Guerrero es una s\u00f3lida carrera a d\u00eda de hoy que goza de un buen reconocimiento gracias a haberse reinventado tanto en su estilo, como en la pintura en general a trav\u00e9s de las maquetas o de los cambios de t\u00e9cnicas llevados a cabo. A continua<\/span><\/span><\/span><span style=\"color: #000000\"><span style=\"font-family: Liberation Serif, serif\"><span style=\"font-size: medium\">c<\/span><\/span><\/span><span style=\"color: #000000\"><span style=\"font-family: Liberation Serif, serif\"><span style=\"font-size: medium\">i\u00f3n, se mostrar\u00e1n algunas im\u00e1genes con las obras de este <\/span><\/span><\/span><span style=\"color: #000000\"><span style=\"font-family: Liberation Serif, serif\"><span style=\"font-size: medium\">autor, <\/span><\/span><\/span><span style=\"color: #000000\"><span style=\"font-family: Liberation Serif, serif\"><span style=\"font-size: medium\">que<\/span><\/span><\/span><span style=\"color: #000000\"><span style=\"font-family: Liberation Serif, serif\"><span style=\"font-size: medium\"> va camino de ser uno de los m\u00e1s grandes contempor\u00e1neos de la ciudad de Utrera.<\/span><\/span><\/span><\/p>\n<p align=\"justify\"><img loading=\"lazy\" decoding=\"async\" class=\"alignnone size-medium wp-image-5726\" src=\"https:\/\/www.upo.es\/patio-colorado\/wp-content\/uploads\/2022\/06\/Ruben-Guerrero-14-225x300.jpg\" alt=\"\" width=\"225\" height=\"300\" srcset=\"https:\/\/www.upo.es\/patio-colorado\/wp-content\/uploads\/2022\/06\/Ruben-Guerrero-14-225x300.jpg 225w, https:\/\/www.upo.es\/patio-colorado\/wp-content\/uploads\/2022\/06\/Ruben-Guerrero-14-768x1024.jpg 768w, https:\/\/www.upo.es\/patio-colorado\/wp-content\/uploads\/2022\/06\/Ruben-Guerrero-14-1152x1536.jpg 1152w, https:\/\/www.upo.es\/patio-colorado\/wp-content\/uploads\/2022\/06\/Ruben-Guerrero-14.jpg 1400w\" sizes=\"auto, (max-width: 225px) 100vw, 225px\" \/><\/p>\n<p align=\"justify\">(L\u00ednea de \u00c1rea) a\u00f1o 2015.<\/p>\n<p align=\"justify\"><img loading=\"lazy\" decoding=\"async\" class=\"alignnone size-medium wp-image-5727\" src=\"https:\/\/www.upo.es\/patio-colorado\/wp-content\/uploads\/2022\/06\/Ruben-Guerrero-15-225x300.jpg\" alt=\"\" width=\"225\" height=\"300\" srcset=\"https:\/\/www.upo.es\/patio-colorado\/wp-content\/uploads\/2022\/06\/Ruben-Guerrero-15-225x300.jpg 225w, https:\/\/www.upo.es\/patio-colorado\/wp-content\/uploads\/2022\/06\/Ruben-Guerrero-15-768x1024.jpg 768w, https:\/\/www.upo.es\/patio-colorado\/wp-content\/uploads\/2022\/06\/Ruben-Guerrero-15-1152x1536.jpg 1152w, https:\/\/www.upo.es\/patio-colorado\/wp-content\/uploads\/2022\/06\/Ruben-Guerrero-15.jpg 1400w\" sizes=\"auto, (max-width: 225px) 100vw, 225px\" \/><\/p>\n<p align=\"justify\">(La mitad de lo que ves) a\u00f1o 2016<\/p>\n<p align=\"justify\"><b><span style=\"color: #000000\"><span style=\"font-family: Liberation Serif, serif\"><span style=\"font-size: medium\">B<\/span><\/span><\/span><span style=\"color: #000000\"><span style=\"font-family: Liberation Serif, serif\"><span style=\"font-size: medium\">ibliograf\u00eda<\/span><\/span><\/span><\/b><\/p>\n<p align=\"justify\"><a href=\"https:\/\/sevilla.abc.es\/cultura\/arte\/sevi-centro-andaluz-arte-contemporaneo-presenta-exposicion-media-carrera-pintor-ruben-guerrero-202204061911_noticia.html\"><span style=\"color: #000000\"><span style=\"font-family: Liberation Serif, serif\"><span style=\"font-size: medium\">https:\/\/sevilla.abc.es\/cultura\/arte\/sevi-centro-andaluz-arte-contemporaneo-presenta-exposicion-media-carrera-pintor-ruben-guerrero-202204061911_noticia.html<\/span><\/span><\/span><\/a><\/p>\n<p align=\"justify\"><a href=\"https:\/\/www.luisadelantadovlc.com\/ruben-guerrero\/\"><span style=\"color: #000000\"><span style=\"font-family: Liberation Serif, serif\"><span style=\"font-size: medium\">https:\/\/www.luisadelantadovlc.com\/ruben-guerrero\/<\/span><\/span><\/span><\/a><\/p>\n","protected":false},"excerpt":{"rendered":"<p>Hoy repasaremos la actualidad con un art\u00edculo referente al pintor Rub\u00e9n Guerrero, el cual podemos plasmar hoy aqu\u00ed, debido a las recientes noticias de actualidad en las cuales este artista ha sido protagonista al poder encontrarnos algunas de sus obras en el Centro Andaluz de Arte Contempor\u00e1neo. Rub\u00e9n Guerrero el cual es natural de Utrera [&hellip;]<\/p>\n","protected":false},"author":83,"featured_media":5727,"comment_status":"open","ping_status":"open","sticky":false,"template":"","format":"standard","meta":{"_acf_changed":false,"_monsterinsights_skip_tracking":false,"_monsterinsights_sitenote_active":false,"_monsterinsights_sitenote_note":"","_monsterinsights_sitenote_category":0,"footnotes":""},"categories":[45,46,167,301],"tags":[381,160,17],"class_list":["post-5725","post","type-post","status-publish","format-standard","has-post-thumbnail","hentry","category-boletin-colorao","category-en-la-prensa","category-pintura-escultura","category-sevilla","tag-artecontemporaneo","tag-pintura","tag-utrera"],"blocksy_meta":[],"acf":[],"jetpack_featured_media_url":"https:\/\/www.upo.es\/patio-colorado\/wp-content\/uploads\/2022\/06\/Ruben-Guerrero-15.jpg","_links":{"self":[{"href":"https:\/\/www.upo.es\/patio-colorado\/wp-json\/wp\/v2\/posts\/5725","targetHints":{"allow":["GET"]}}],"collection":[{"href":"https:\/\/www.upo.es\/patio-colorado\/wp-json\/wp\/v2\/posts"}],"about":[{"href":"https:\/\/www.upo.es\/patio-colorado\/wp-json\/wp\/v2\/types\/post"}],"author":[{"embeddable":true,"href":"https:\/\/www.upo.es\/patio-colorado\/wp-json\/wp\/v2\/users\/83"}],"replies":[{"embeddable":true,"href":"https:\/\/www.upo.es\/patio-colorado\/wp-json\/wp\/v2\/comments?post=5725"}],"version-history":[{"count":1,"href":"https:\/\/www.upo.es\/patio-colorado\/wp-json\/wp\/v2\/posts\/5725\/revisions"}],"predecessor-version":[{"id":5728,"href":"https:\/\/www.upo.es\/patio-colorado\/wp-json\/wp\/v2\/posts\/5725\/revisions\/5728"}],"wp:featuredmedia":[{"embeddable":true,"href":"https:\/\/www.upo.es\/patio-colorado\/wp-json\/wp\/v2\/media\/5727"}],"wp:attachment":[{"href":"https:\/\/www.upo.es\/patio-colorado\/wp-json\/wp\/v2\/media?parent=5725"}],"wp:term":[{"taxonomy":"category","embeddable":true,"href":"https:\/\/www.upo.es\/patio-colorado\/wp-json\/wp\/v2\/categories?post=5725"},{"taxonomy":"post_tag","embeddable":true,"href":"https:\/\/www.upo.es\/patio-colorado\/wp-json\/wp\/v2\/tags?post=5725"}],"curies":[{"name":"wp","href":"https:\/\/api.w.org\/{rel}","templated":true}]}}