{"id":5748,"date":"2022-06-22T11:55:41","date_gmt":"2022-06-22T11:55:41","guid":{"rendered":"https:\/\/www.upo.es\/patio-colorado\/?p=5748"},"modified":"2022-06-22T11:55:41","modified_gmt":"2022-06-22T11:55:41","slug":"corpus-christi-uno-de-los-tres-jueves-que-relucen-mas-que-el-sol","status":"publish","type":"post","link":"https:\/\/www.upo.es\/patio-colorado\/2022\/06\/22\/corpus-christi-uno-de-los-tres-jueves-que-relucen-mas-que-el-sol\/","title":{"rendered":"Corpus Christi: uno de los tres jueves que relucen m\u00e1s que el sol"},"content":{"rendered":"<p>Como bien dice el dicho popular \u00abTres Jueves hay en el a\u00f1o que relucen m\u00e1s que el sol: Jueves Santo, Corpus Christi y el D\u00eda de la Ascensi\u00f3n\u00bb.<\/p>\n<p>El Corpus Christi o Solemnidad del Cuerpo y la Sangre de Cristo, es una fiesta de la Iglesia cat\u00f3lica para celebrar la Eucarist\u00eda.\u00a0La tradici\u00f3n se remonta a la Edad Media, con la iniciativa de Juliana de Cornillon de celebrar una festividad en honor al Cuerpo y la Sangre de Cristo, celebr\u00e1ndose por vez primera en 1246 en la di\u00f3cesis de Lieja (B\u00e9lgica).<\/p>\n<p>No obstante, sus primeras celebraciones en Sevilla tienen lugar a principios del siglo XV, concretamente en 1400, con muy pocas im\u00e1genes procesionales. Las Santas Reliquias, La Roca, y un arc\u00f3n que simbolizaba el Arca de la Alianza, formaban los principales enseres de la ceremonia.<\/p>\n<p>En este siglo, el Corpus Christi era un modelo de fiestas de exaltaci\u00f3n en la ciudad. El centro era ocupado por el Cuerpo de Cristo, contenido en un arca que era llevada sobre andas. Luego, en 1587 fue sustituida por la custodia que hasta el d\u00eda de hoy conocemos.<\/p>\n<p>Tan importante era esta celebraci\u00f3n que fueron muchos los personajes importantes que acudieron, al menos una vez, como los Reyes Cat\u00f3licos.<\/p>\n<p>La fecha en el calendario sevillano\u00a0 est\u00e1 reservada, tiene lugar exactamente 60 d\u00edas despu\u00e9s del Domingo de Resurrecci\u00f3n y 10 d\u00edas despu\u00e9s del Lunes de Pentecost\u00e9s. Este a\u00f1o, tras dos de pandemia, ha vuelto con mucha fuerza. Se han podido observar bullas en la calle Francos, donde los vecinos sacan sus mejores galas para recibir a la Custodia, y tambi\u00e9n preciosos altares como los preparados por hermandades como la de \u00a0Nuestra Se\u00f1ora de la Cabeza de San Juan de la Palma o la cofrad\u00eda del Buen Fin.<\/p>\n<p><img decoding=\"async\" src=\"https:\/\/static4-sevilla.abc.es\/media\/pasionensevilla\/2022\/06\/20\/s\/procesion-corpus-sevilla-U81616703015bqC-510x349@abc.jpg\" alt=\"El estandarte sacramental de San Bartolom\u00e9, que se estrenaba este 2022\" \/><\/p>\n<p>Fuente: <em>Pasi\u00f3n en Sevilla<\/em><\/p>\n<p><img decoding=\"async\" src=\"https:\/\/static2-sevilla.abc.es\/media\/pasionensevilla\/2022\/06\/20\/s\/procesion-corpus-sevilla2-U84140861643xMz-510x349@abc.jpg\" alt=\"San Isidoro saliendo por la puerta de San Miguel\" \/><\/p>\n<p>Fuente: <em>Pasi\u00f3n en Sevilla<\/em><\/p>\n","protected":false},"excerpt":{"rendered":"<p>Como bien dice el dicho popular \u00abTres Jueves hay en el a\u00f1o que relucen m\u00e1s que el sol: Jueves Santo, Corpus Christi y el D\u00eda de la Ascensi\u00f3n\u00bb. El Corpus Christi o Solemnidad del Cuerpo y la Sangre de Cristo, es una fiesta de la Iglesia cat\u00f3lica para celebrar la Eucarist\u00eda.\u00a0La tradici\u00f3n se remonta a [&hellip;]<\/p>\n","protected":false},"author":88,"featured_media":0,"comment_status":"open","ping_status":"open","sticky":false,"template":"","format":"standard","meta":{"_acf_changed":false,"_monsterinsights_skip_tracking":false,"_monsterinsights_sitenote_active":false,"_monsterinsights_sitenote_note":"","_monsterinsights_sitenote_category":0,"footnotes":""},"categories":[12,35],"tags":[652,99,210,6,259],"class_list":["post-5748","post","type-post","status-publish","format-standard","hentry","category-eventos","category-fiestas-tradiciones","tag-corpuschristi","tag-cultura","tag-historia","tag-sevilla","tag-turismo"],"blocksy_meta":[],"acf":[],"jetpack_featured_media_url":"","_links":{"self":[{"href":"https:\/\/www.upo.es\/patio-colorado\/wp-json\/wp\/v2\/posts\/5748","targetHints":{"allow":["GET"]}}],"collection":[{"href":"https:\/\/www.upo.es\/patio-colorado\/wp-json\/wp\/v2\/posts"}],"about":[{"href":"https:\/\/www.upo.es\/patio-colorado\/wp-json\/wp\/v2\/types\/post"}],"author":[{"embeddable":true,"href":"https:\/\/www.upo.es\/patio-colorado\/wp-json\/wp\/v2\/users\/88"}],"replies":[{"embeddable":true,"href":"https:\/\/www.upo.es\/patio-colorado\/wp-json\/wp\/v2\/comments?post=5748"}],"version-history":[{"count":1,"href":"https:\/\/www.upo.es\/patio-colorado\/wp-json\/wp\/v2\/posts\/5748\/revisions"}],"predecessor-version":[{"id":5749,"href":"https:\/\/www.upo.es\/patio-colorado\/wp-json\/wp\/v2\/posts\/5748\/revisions\/5749"}],"wp:attachment":[{"href":"https:\/\/www.upo.es\/patio-colorado\/wp-json\/wp\/v2\/media?parent=5748"}],"wp:term":[{"taxonomy":"category","embeddable":true,"href":"https:\/\/www.upo.es\/patio-colorado\/wp-json\/wp\/v2\/categories?post=5748"},{"taxonomy":"post_tag","embeddable":true,"href":"https:\/\/www.upo.es\/patio-colorado\/wp-json\/wp\/v2\/tags?post=5748"}],"curies":[{"name":"wp","href":"https:\/\/api.w.org\/{rel}","templated":true}]}}